{"id":10466,"date":"2026-03-09T08:47:00","date_gmt":"2026-03-09T07:47:00","guid":{"rendered":"https:\/\/www.tui.cz\/blog\/?p=10466"},"modified":"2026-03-09T09:09:12","modified_gmt":"2026-03-09T08:09:12","slug":"skryta-mista-mallorky","status":"publish","type":"post","link":"https:\/\/www.tui.cz\/blog\/skryta-mista-mallorky\/","title":{"rendered":"Mallorca bez turist\u016f \u2013 skryt\u00e9 pl\u00e1\u017ee a tajn\u00e9 skvosty"},"content":{"rendered":"\n<p>Mallorca je mnoha cestovateli vn\u00edm\u00e1na jako ostrov ru\u0161n\u00fdch letovisek, betonov\u00fdch hotelov\u00fdch komplex\u016f a p\u0159epln\u011bn\u00fdch pl\u00e1\u017eov\u00fdch bar\u016f. Tento stereotypn\u00ed obraz v\u0161ak odr\u00e1\u017e\u00ed pouze zlomek reality nejv\u011bt\u0161\u00edho z Bale\u00e1rsk\u00fdch ostrov\u016f. Skute\u010dn\u00e1 Mallorca se toti\u017e skr\u00fdv\u00e1 daleko za hranicemi hlavn\u00edch turistick\u00fdch center a nab\u00edz\u00ed dechberouc\u00ed rozmanitost \u2013 od zapomenut\u00fdch z\u00e1tok s k\u0159i\u0161\u0165\u00e1lovou vodou jako Cala Tuent a Es Trenc p\u0159es kamenn\u00e9 horsk\u00e9 vesni\u010dky v poho\u0159\u00ed Serra de Tramuntana a\u017e po tich\u00e9 venkovsk\u00e9 usedlosti uprost\u0159ed olivov\u00fdch h\u00e1j\u016f. N\u00e1\u0161 pr\u016fvodce zam\u011b\u0159en\u00fd na objevov\u00e1n\u00ed m\u00e9n\u011b zn\u00e1m\u00fdch z\u00e1kout\u00ed je ur\u010den cestovatel\u016fm, kte\u0159\u00ed hledaj\u00ed hlub\u0161\u00ed spojen\u00ed s m\u00edstn\u00ed kulturou a nedot\u010denou p\u0159\u00edrodou. Pokud tou\u017e\u00edte po autentick\u00fdch z\u00e1\u017eitc\u00edch daleko od hlu\u010dn\u00fdch rezort\u016f a chcete poznat nefal\u0161ovanou tv\u00e1\u0159 ostrova, kter\u00e1 fascinuje um\u011blce i dobrodruhy, vydejte se s n\u00e1mi objevovat tajn\u00e1 m\u00edsta, kde \u010das plyne podle star\u00fdch tradic a kr\u00e1sa krajiny st\u00e1le bere dech svou ryzost\u00ed.<\/p>\n\n\n\n<h2 class=\"wp-block-heading\"><strong>Mallorca za hranicemi Palmy a Magalufu \u2013 neobjeven\u00e1 rozmanitost<\/strong><\/h2>\n\n\n\n<p><a href=\"https:\/\/www.tui.cz\/dovolena\/spanelsko\/mallorca\" target=\"_blank\" rel=\"noreferrer noopener\">Mallorca<\/a> se dlouhodob\u011b pot\u00fdk\u00e1 s n\u00e1lepkou destinace zam\u011b\u0159en\u00e9 na masovou turistiku, kter\u00e1 se v\u0161ak geograficky soust\u0159ed\u00ed do velmi \u00fazk\u00fdch oblast\u00ed jako Palma de Mallorca, Magaluf \u010di El Arenal. Skute\u010dnost je takov\u00e1, \u017ee p\u0159ibli\u017en\u011b 80 % rozlohy tohoto t\u0159et\u00edho nejv\u011bt\u0161\u00edho ostrova St\u0159edomo\u0159\u00ed z\u016fst\u00e1v\u00e1 pozoruhodn\u011b nezasa\u017eeno davy a zachov\u00e1v\u00e1 si sv\u016fj poklidn\u00fd r\u00e1z. Vnitrozem\u00ed ostrova je pln\u00e9 \u00farodn\u00fdch zem\u011bd\u011blsk\u00fdch \u00fadol\u00ed, tich\u00fdch vinic a tradi\u010dn\u00edch vesnic, kter\u00e9 si \u017eij\u00ed vlastn\u00edm tempem bez ohledu na turistickou sez\u00f3nu.<\/p>\n\n\n\n<p>Kl\u00ed\u010dem k objeven\u00ed t\u00e9to autentick\u00e9 tv\u00e1\u0159e ostrova je bezpochyby pron\u00e1jem automobilu. Vlastn\u00ed dopravn\u00ed prost\u0159edek je nezbytnost\u00ed, kter\u00e1 v\u00e1m d\u00e1v\u00e1 absolutn\u00ed svobodu pohybu a umo\u017en\u00ed v\u00e1m zav\u00edtat do m\u00edst, kam se b\u011b\u017en\u00fd n\u00e1v\u0161t\u011bvn\u00edk bez auta nikdy nepod\u00edv\u00e1. Jakmile opust\u00edte pohodl\u00ed hotelov\u00fdch rezort\u016f a vyd\u00e1te se do hor nebo na odlehl\u00e9 \u00faseky pob\u0159e\u017e\u00ed, pochop\u00edte, \u017ee masov\u00fd turismus okupuje jen nepatrn\u00e9 procento t\u00e9to kr\u00e1sn\u00e9 zem\u011b, zat\u00edmco zbytek ostrova trp\u011bliv\u011b \u010dek\u00e1, a\u017e ho zv\u00eddav\u00ed cestovatel\u00e9 objev\u00ed.<\/p>\n\n\n\n<h2 class=\"wp-block-heading\"><strong>Skryt\u00e9 pl\u00e1\u017ee a osam\u011bl\u00e9 z\u00e1toky<\/strong><\/h2>\n\n\n\n<figure class=\"wp-block-image size-full\"><img loading=\"lazy\" decoding=\"async\" width=\"1000\" height=\"666\" src=\"https:\/\/www.tui.cz\/blog\/wp-content\/uploads\/2026\/03\/Es-Trenc-plaz-Mallorca.jpg\" alt=\"Es Trenc pl\u00e1\u017e Mallorca\" class=\"wp-image-10468\" title=\"\" srcset=\"https:\/\/www.tui.cz\/blog\/wp-content\/uploads\/2026\/03\/Es-Trenc-plaz-Mallorca.jpg 1000w, https:\/\/www.tui.cz\/blog\/wp-content\/uploads\/2026\/03\/Es-Trenc-plaz-Mallorca-600x400.jpg 600w, https:\/\/www.tui.cz\/blog\/wp-content\/uploads\/2026\/03\/Es-Trenc-plaz-Mallorca-768x511.jpg 768w, https:\/\/www.tui.cz\/blog\/wp-content\/uploads\/2026\/03\/Es-Trenc-plaz-Mallorca-585x390.jpg 585w, https:\/\/www.tui.cz\/blog\/wp-content\/uploads\/2026\/03\/Es-Trenc-plaz-Mallorca-263x175.jpg 263w\" sizes=\"auto, (max-width: 1000px) 100vw, 1000px\" \/><\/figure>\n\n\n\n<p>Hled\u00e1n\u00ed utajen\u00fdch pl\u00e1\u017e\u00ed Mallorky vy\u017eaduje \u0161petku dobrodru\u017en\u00e9ho ducha, ale odm\u011bna za vynalo\u017een\u00e9 \u00fasil\u00ed je kr\u00e1lovsk\u00e1. Na divok\u00e9m severoz\u00e1padn\u00edm pob\u0159e\u017e\u00ed le\u017e\u00ed Cala Tuent. Cesta k n\u00ed vede po strm\u00e9, klikat\u00e9 horsk\u00e9 silnici, kter\u00e1 prov\u011b\u0159\u00ed va\u0161e \u0159idi\u010dsk\u00e9 schopnosti, ale nab\u00eddne dechberouc\u00ed v\u00fdhled. Tato obl\u00e1zkov\u00e1 pl\u00e1\u017e se smaragdov\u011b tyrkysovou vodou le\u017e\u00ed ve st\u00ednu nejvy\u0161\u0161\u00ed hory ostrova a d\u00edky sv\u00e9 izolovanosti nab\u00edz\u00ed dokonal\u00fd \u00fanik od civilizace.<\/p>\n\n\n\n<p>Na opa\u010dn\u00e9m konci ostrova, na jeho ji\u017en\u00edm pob\u0159e\u017e\u00ed, se rozkl\u00e1d\u00e1 legend\u00e1rn\u00ed Es Trenc. Tato p\u0159\u00edrodn\u00ed pl\u00e1\u017e b\u00fdv\u00e1 d\u00edky oslniv\u011b b\u00edl\u00e9mu p\u00edsku a neuv\u011b\u0159iteln\u011b pr\u016fzra\u010dn\u00e9 m\u011blk\u00e9 vod\u011b \u010dasto p\u0159irovn\u00e1v\u00e1na ke Karibiku. Jej\u00ed jedine\u010dnost spo\u010d\u00edv\u00e1 v tom, \u017ee je ofici\u00e1ln\u011b chr\u00e1n\u011bna, co\u017e br\u00e1n\u00ed jak\u00e9koli hotelov\u00e9 v\u00fdstavb\u011b v jej\u00edm okol\u00ed. Dal\u0161\u00edm klenotem je Cala Mondrag\u00f3 na jihov\u00fdchod\u011b, kter\u00e1 je sou\u010d\u00e1st\u00ed p\u0159\u00edrodn\u00edho parku. Nab\u00edz\u00ed dv\u011b malebn\u00e9 z\u00e1toky obklopen\u00e9 hust\u00fdmi borovicov\u00fdmi lesy poskytuj\u00edc\u00edmi p\u0159irozen\u00fd st\u00edn. Pokud hled\u00e1te klid a pocit soukrom\u00ed, vydejte se na Cala Dei\u00e0. Tato mal\u00e1 skalnat\u00e1 z\u00e1toka je p\u0159\u00edstupn\u00e1 jen po klikat\u00e9 p\u011b\u0161in\u011b vedouc\u00ed ze sr\u00e1zu, co\u017e p\u0159irozen\u011b filtruje davy a vytv\u00e1\u0159\u00ed tichou o\u00e1zu obl\u00edbenou zejm\u00e9na mezi m\u00edstn\u00edmi obyvateli a um\u011blci. Pro aktu\u00e1ln\u00ed cestovatelsk\u00e9 p\u0159\u00edle\u017eitosti do t\u011bchto r\u00e1j\u016f doporu\u010dujeme sledovat nab\u00eddku <a href=\"https:\/\/www.tui.cz\/dovolena\/spanelsko\/mallorca\/nabidky-last-minute\" target=\"_blank\" rel=\"noreferrer noopener\">Last Minute pobyt\u016f na Mallorce<\/a>.<\/p>\n\n\n\n<h2 class=\"wp-block-heading\"><strong>Serra de Tramuntana \u2013 horsk\u00e9 vesni\u010dky UNESCO<\/strong><\/h2>\n\n\n\n<figure class=\"wp-block-image size-full\"><img loading=\"lazy\" decoding=\"async\" width=\"1000\" height=\"668\" src=\"https:\/\/www.tui.cz\/blog\/wp-content\/uploads\/2026\/03\/Serra-de-Tramuntana-vesnice-Valldemossa-Mallorca.jpg\" alt=\"Serra de Tramuntana, vesnice Valldemossa, Mallorca\" class=\"wp-image-10469\" title=\"\" srcset=\"https:\/\/www.tui.cz\/blog\/wp-content\/uploads\/2026\/03\/Serra-de-Tramuntana-vesnice-Valldemossa-Mallorca.jpg 1000w, https:\/\/www.tui.cz\/blog\/wp-content\/uploads\/2026\/03\/Serra-de-Tramuntana-vesnice-Valldemossa-Mallorca-600x401.jpg 600w, https:\/\/www.tui.cz\/blog\/wp-content\/uploads\/2026\/03\/Serra-de-Tramuntana-vesnice-Valldemossa-Mallorca-768x513.jpg 768w, https:\/\/www.tui.cz\/blog\/wp-content\/uploads\/2026\/03\/Serra-de-Tramuntana-vesnice-Valldemossa-Mallorca-585x391.jpg 585w, https:\/\/www.tui.cz\/blog\/wp-content\/uploads\/2026\/03\/Serra-de-Tramuntana-vesnice-Valldemossa-Mallorca-263x175.jpg 263w\" sizes=\"auto, (max-width: 1000px) 100vw, 1000px\" \/><\/figure>\n\n\n\n<p>Poho\u0159\u00ed Serra de Tramuntana zapsan\u00e9 na seznamu sv\u011btov\u00e9ho d\u011bdictv\u00ed UNESCO tvo\u0159\u00ed majest\u00e1tn\u00ed p\u00e1te\u0159 ostrova. Tato oblast host\u00ed nejmalebn\u011bj\u0161\u00ed vesnice, kter\u00e9 p\u016fsob\u00ed, jako by se v nich zastavil \u010das. Valldemossa se sv\u00fdmi terasovit\u00fdmi zahradami a kamenn\u00fdmi domy proslula jako zimn\u00ed \u00fato\u010di\u0161t\u011b skladatele Fr\u00e9d\u00e9rica Chopina. Jej\u00ed \u00fazk\u00e9 uli\u010dky zdoben\u00e9 kv\u011btinami a tich\u00e1 n\u00e1m\u011bst\u00ed vyza\u0159uj\u00ed melancholickou kr\u00e1su. O kousek d\u00e1l se na \u00fatesech ty\u010d\u00ed Dei\u00e0, vesnice um\u011blc\u016f s neopakovateln\u00fdm v\u00fdhledem na mo\u0159e, kter\u00e1 byla domovem spisovatele Roberta Gravese.<\/p>\n\n\n\n<p>Za nejp\u016fvabn\u011bj\u0161\u00ed vesnici cel\u00e9ho \u0160pan\u011blska je opakovan\u011b prohla\u0161ov\u00e1n Fornalutx. Tradi\u010dn\u00ed kamenn\u00e1 architektura se zde poj\u00ed s v\u016fn\u00ed okoln\u00edch pomeran\u010dovn\u00edkov\u00fdch a citronovn\u00edkov\u00fdch h\u00e1j\u016f. Do malebn\u00e9ho m\u011bste\u010dka S\u00f3ller se m\u016f\u017eete vypravit historick\u00fdm d\u0159ev\u011bn\u00fdm vlakem z roku 1912, kter\u00fd proj\u00ed\u017ed\u00ed horsk\u00fdmi tunely a nab\u00edz\u00ed romantick\u00fd z\u00e1\u017eitek z d\u00e1vno minul\u00fdch dob. Pokud v\u0161ak tou\u017e\u00edte po absolutn\u00ed izolaci, nav\u0161tivte v\u00edsku Orient. Tato drobn\u00e1 osada si uprost\u0159ed hor zachovala sv\u016fj p\u016fvodn\u00ed zem\u011bd\u011blsk\u00fd r\u00e1z a klid, kter\u00fd je v modern\u00edm sv\u011bt\u011b ji\u017e vz\u00e1cnost\u00ed.<\/p>\n\n\n\n<h2 class=\"wp-block-heading\"><strong>Tradi\u010dn\u00ed trhy a nefal\u0161ovan\u00e1 m\u00edstn\u00ed atmosf\u00e9ra<\/strong><\/h2>\n\n\n\n<p>Pravou du\u0161i Mallorky nejl\u00e9pe pozn\u00e1te na t\u00fddenn\u00edch vesnick\u00fdch trz\u00edch, kter\u00e9 jsou st\u0159edobodem spole\u010densk\u00e9ho \u017eivota m\u00edstn\u00edch. Nejstar\u0161\u00edm a nejv\u00fdznamn\u011bj\u0161\u00edm je st\u0159ede\u010dn\u00ed trh v m\u011bste\u010dku Sineu. Dodnes si zachov\u00e1v\u00e1 svou st\u0159edov\u011bkou tradici v\u010detn\u011b \u010d\u00e1sti s hospod\u00e1\u0159sk\u00fdmi zv\u00ed\u0159aty, co\u017e je v dne\u0161n\u00ed dob\u011b unik\u00e1tn\u00ed pod\u00edvan\u00e1. V sobotu o\u017e\u00edv\u00e1 p\u016fvabn\u00e9 m\u011bsto Santany\u00ed postaven\u00e9 ze zlatav\u00e9ho p\u00edskovce, kde trh nab\u00edz\u00ed nejen \u010derstv\u00e9 potraviny, ale i kvalitn\u00ed rukod\u011bln\u00e9 v\u00fdrobky a keramiku.<\/p>\n\n\n\n<p>Starobyl\u00e1 Alc\u00fadia po\u0159\u00e1d\u00e1 sv\u00e9 trhy v \u00fater\u00fd a v ned\u011bli p\u0159\u00edmo v historick\u00fdch kulis\u00e1ch obehnan\u00fdch st\u0159edov\u011bk\u00fdmi hradbami. Pokud v\u0161ak chcete za\u017e\u00edt neopakovatelnou atmosf\u00e9ru, vydejte se v ned\u011bli do Pollen\u00e7y. Trh na hlavn\u00edm n\u00e1m\u011bst\u00ed pod monument\u00e1ln\u00edm schodi\u0161t\u011bm Calvari je m\u00edsto, kde se m\u00eds\u00ed v\u016fn\u011b lok\u00e1ln\u00edch s\u00fdr\u016f, oliv a \u010derstv\u011b pe\u010den\u00fdch ensaimad s hovory m\u00edstn\u00edch starousedl\u00edk\u016f. Doporu\u010dujeme vyh\u00fdbat se trh\u016fm orientovan\u00fdm \u010dist\u011b na turisty a hledat ty, kter\u00e9 slou\u017e\u00ed prim\u00e1rn\u011b zdej\u0161\u00edm obyvatel\u016fm \u2013 pr\u00e1v\u011b tam poc\u00edt\u00edte skute\u010dnou hrdost Mallor\u010dan\u016f na jejich zvyky a v\u00fdrobky.<\/p>\n\n\n\n<h2 class=\"wp-block-heading\"><strong>Pob\u0159e\u017en\u00ed centra, kter\u00e1 si uchovala sv\u016fj autentick\u00fd r\u00e1z<\/strong><\/h2>\n\n\n\n<figure class=\"wp-block-image size-full\"><img loading=\"lazy\" decoding=\"async\" width=\"1000\" height=\"667\" src=\"https:\/\/www.tui.cz\/blog\/wp-content\/uploads\/2026\/03\/Pristav-Cala-Figuera-Mallorca.jpg\" alt=\"P\u0159\u00edstav Cala Figuera, Mallorca\" class=\"wp-image-10470\" title=\"\" srcset=\"https:\/\/www.tui.cz\/blog\/wp-content\/uploads\/2026\/03\/Pristav-Cala-Figuera-Mallorca.jpg 1000w, https:\/\/www.tui.cz\/blog\/wp-content\/uploads\/2026\/03\/Pristav-Cala-Figuera-Mallorca-600x400.jpg 600w, https:\/\/www.tui.cz\/blog\/wp-content\/uploads\/2026\/03\/Pristav-Cala-Figuera-Mallorca-768x512.jpg 768w, https:\/\/www.tui.cz\/blog\/wp-content\/uploads\/2026\/03\/Pristav-Cala-Figuera-Mallorca-585x390.jpg 585w, https:\/\/www.tui.cz\/blog\/wp-content\/uploads\/2026\/03\/Pristav-Cala-Figuera-Mallorca-263x175.jpg 263w\" sizes=\"auto, (max-width: 1000px) 100vw, 1000px\" \/><\/figure>\n\n\n\n<p>Na Mallorce st\u00e1le existuj\u00ed p\u0159\u00edstavn\u00ed m\u011bsta, kter\u00e1 se \u00fasp\u011b\u0161n\u011b vyhnula intenzit\u011b masov\u00e9 turistiky. Portocolom je nejv\u011bt\u0161\u00ed p\u0159\u00edrodn\u00ed p\u0159\u00edstav ostrova a dodnes si zachov\u00e1v\u00e1 podobu funk\u010dn\u00ed ryb\u00e1\u0159sk\u00e9 osady. Zdej\u0161\u00ed n\u00e1b\u0159e\u017e\u00ed s barevn\u00fdmi domy a kotv\u00edc\u00edmi \u010dluny host\u00ed jedny z nejlep\u0161\u00edch restaurac\u00ed s mo\u0159sk\u00fdmi plody na ostrov\u011b. Port de Pollen\u00e7a na severu zase nab\u00edz\u00ed rodinnou atmosf\u00e9ru s okouzluj\u00edc\u00ed promen\u00e1dou lemovanou borovicemi, kter\u00e1 se vyh\u00fdb\u00e1 hlu\u010dn\u00e9mu ruchu typick\u00e9mu pro jih ostrova.<\/p>\n\n\n\n<p>Zcela v\u00fdjime\u010dn\u00fdm m\u00edstem je Cala Figuera. Tato tradi\u010dn\u00ed ryb\u00e1\u0159sk\u00e1 vesnice, kde jsou \u010dluny uv\u00e1z\u00e1ny p\u0159\u00edmo v \u00fazk\u00e9m z\u00e1livu p\u0159ipom\u00ednaj\u00edc\u00edm seversk\u00fd fjord, je pova\u017eov\u00e1na za jedno z nejfotogeni\u010dt\u011bj\u0161\u00edch m\u00edst St\u0159edomo\u0159\u00ed. Pokud hled\u00e1te klid a ticho, zami\u0159te do Col\u00f2nia de Sant Pere na severov\u00fdchodn\u00edm pob\u0159e\u017e\u00ed. Toto m\u011bste\u010dko si udr\u017euje sv\u016fj ryz\u00ed charakter d\u00edky p\u0159\u00edrodn\u00ed izolaci a c\u00edlen\u00e9 regulaci nov\u00e9 z\u00e1stavby, a je tak ide\u00e1ln\u00edm \u00fato\u010di\u0161t\u011bm pro cestovatele hledaj\u00edc\u00ed \u00fanik z civilizace.<\/p>\n\n\n\n<h2 class=\"wp-block-heading\"><strong>Tradi\u010dn\u00ed fincy a venkovsk\u00e9 ubytov\u00e1n\u00ed<\/strong><\/h2>\n\n\n\n<p>Pro ty, kdo hledaj\u00ed skute\u010dn\u00e9 soukrom\u00ed a sep\u011bt\u00ed s venkovskou krajinou, je pobyt v tradi\u010dn\u00ed fince ide\u00e1ln\u00ed volbou. Tyto tradi\u010dn\u00ed venkovsk\u00e9 usedlosti a farmy, citliv\u011b p\u0159estav\u011bn\u00e9 na stylov\u00e9 butikov\u00e9 hotely, nab\u00edzej\u00ed mo\u017enost zakusit nefal\u0161ovan\u00fd rytmus ka\u017edodenn\u00edho \u017eivota na ostrov\u011b. Fincy jsou obvykle situov\u00e1ny uprost\u0159ed rozlehl\u00fdch zahrad s olivovn\u00edky, mandlovn\u00edky a f\u00edkovn\u00edky, daleko od shonu pl\u00e1\u017e\u00ed.<\/p>\n\n\n\n<p>Pobyt v takov\u00e9m prost\u0159ed\u00ed umo\u017e\u0148uje poznat zem\u011bd\u011blskou krajinu ostrova a vychutnat si klidn\u00e1 r\u00e1na s tradi\u010dn\u00ed sn\u00eddan\u00ed z lok\u00e1ln\u00edch surovin, jako je \u010derstv\u00fd olivov\u00fd olej, dom\u00e1c\u00ed marmel\u00e1dy a m\u00edstn\u00ed s\u00fdry. Dovolen\u00e1 ve fince p\u0159edstavuje dokonalou rovnov\u00e1hu mezi historick\u00fdm d\u011bdictv\u00edm a modern\u00edm komfortem. Je to z\u00e1kladna, ze kter\u00e9 m\u016f\u017eete vyr\u00e1\u017eet za objevov\u00e1n\u00edm skryt\u00fdch kout\u016f a kam se ve\u010der vr\u00e1t\u00edte do ticha a tmy, kterou neru\u0161\u00ed \u017e\u00e1dn\u00e1 sv\u011btla velkom\u011bst.<\/p>\n\n\n\n<h2 class=\"wp-block-heading\"><strong>Rady na cestu \u2013 jak poznat skute\u010dnou tv\u00e1\u0159 Mallorky?<\/strong><\/h2>\n\n\n\n<p>N\u00e1v\u0161t\u011bva nezn\u00e1m\u00fdch m\u00edst Mallorky vy\u017eaduje ur\u010ditou p\u0159\u00edpravu a ochotu vystoupit z komfortn\u00ed z\u00f3ny. Pro dosa\u017een\u00ed v\u011bt\u0161iny m\u00edst zm\u00edn\u011bn\u00fdch v tomto pr\u016fvodci je z\u00e1kladn\u00edm p\u0159edpokladem pron\u00e1jem automobilu. Z\u00e1rove\u0148 je moudr\u00e9 se vyhnout vrcholn\u00e9 sez\u00f3n\u011b v \u010dervenci a srpnu. Jaro (zejm\u00e9na v dob\u011b kv\u011btu mandlovn\u00edk\u016f) a podzim nab\u00edzej\u00ed mnohem p\u0159\u00edjemn\u011bj\u0161\u00ed teploty pro turistiku a v\u00fdrazn\u011b m\u00e9n\u011b n\u00e1v\u0161t\u011bvn\u00edk\u016f.<\/p>\n\n\n\n<p>Na v\u00fdpravy si nezapome\u0148te vz\u00edt kvalitn\u00ed turistickou obuv. Stezky k t\u011bm nejkr\u00e1sn\u011bj\u0161\u00edm z\u00e1tok\u00e1m jsou \u010dasto kamenit\u00e9 a strm\u00e9. M\u00edstn\u00ed obyvatel\u00e9 nesm\u00edrn\u011b ocen\u00ed z\u00e1kladn\u00ed znalost \u0161pan\u011bl\u0161tiny nebo katal\u00e1n\u0161tiny, co\u017e v\u00e1m \u010dasto usnadn\u00ed nav\u00e1z\u00e1n\u00ed srde\u010dn\u00e9ho kontaktu s nimi. V\u017edy respektujte soukrom\u00fd majetek a p\u0159\u00edsn\u00e1 pravidla v chr\u00e1n\u011bn\u00fdch p\u0159\u00edrodn\u00edch oblastech. Skute\u010dn\u00e1 tv\u00e1\u0159 Mallorky z\u016fst\u00e1v\u00e1 vyhrazena t\u011bm, kdo jsou ochotni vym\u011bnit pohodl\u00ed rezort\u016f za klikat\u00e9 cesty v hor\u00e1ch nebo p\u011b\u0161\u00ed v\u00fd\u0161lapy k opu\u0161t\u011bn\u00fdm z\u00e1tok\u00e1m. Odm\u011bnou v\u00e1m v\u0161ak bude dovolen\u00e1 pln\u00e1 z\u00e1\u017eitk\u016f, kter\u00e9 nab\u00edzej\u00ed mnohem v\u00edc ne\u017e jen pobyt v anonymn\u00edm hotelov\u00e9m komplexu a p\u0159ibli\u017euj\u00ed re\u00e1ln\u00fd \u017eivot na ostrov\u011b.<\/p>\n\n\n\n<div class=\"wp-block-buttons is-content-justification-center is-layout-flex wp-container-core-buttons-is-layout-16018d1d wp-block-buttons-is-layout-flex\">\n<div class=\"wp-block-button\"><a class=\"wp-block-button__link has-vivid-red-background-color has-background has-normal-font-size has-custom-font-size wp-element-button\" href=\"https:\/\/www.tui.cz\/dovolena\/spanelsko\/mallorca\/nabidky-hotely\" target=\"_blank\" rel=\"noreferrer noopener\">Vyrazit objevovat Mallorcu<\/a><\/div>\n<\/div>\n\n\n\n<p><\/p>\n","protected":false},"excerpt":{"rendered":"<p>Mallorca je mnoha cestovateli vn\u00edm\u00e1na jako ostrov ru\u0161n\u00fdch letovisek, betonov\u00fdch hotelov\u00fdch komplex\u016f a p\u0159epln\u011bn\u00fdch pl\u00e1\u017eov\u00fdch bar\u016f. Tento stereotypn\u00ed obraz v\u0161ak odr\u00e1\u017e\u00ed pouze zlomek reality nejv\u011bt\u0161\u00edho z Bale\u00e1rsk\u00fdch ostrov\u016f. Skute\u010dn\u00e1 Mallorca&hellip;<\/p>\n","protected":false},"author":54,"featured_media":10467,"comment_status":"open","ping_status":"closed","sticky":false,"template":"","format":"standard","meta":{"_lmt_disableupdate":"","_lmt_disable":"","footnotes":""},"categories":[182],"tags":[],"class_list":["post-10466","post","type-post","status-publish","format-standard","has-post-thumbnail","hentry","category-cestovani"],"home_img_url":"https:\/\/www.tui.cz\/blog\/wp-content\/uploads\/2026\/03\/Cala-Figuera-Mallorca-Spanelsko-585x390.jpg","home_img_alt":"Cala Figuera, Mallorca, \u0160pan\u011blsko","_links":{"self":[{"href":"https:\/\/www.tui.cz\/blog\/wp-json\/wp\/v2\/posts\/10466","targetHints":{"allow":["GET"]}}],"collection":[{"href":"https:\/\/www.tui.cz\/blog\/wp-json\/wp\/v2\/posts"}],"about":[{"href":"https:\/\/www.tui.cz\/blog\/wp-json\/wp\/v2\/types\/post"}],"author":[{"embeddable":true,"href":"https:\/\/www.tui.cz\/blog\/wp-json\/wp\/v2\/users\/54"}],"replies":[{"embeddable":true,"href":"https:\/\/www.tui.cz\/blog\/wp-json\/wp\/v2\/comments?post=10466"}],"version-history":[{"count":2,"href":"https:\/\/www.tui.cz\/blog\/wp-json\/wp\/v2\/posts\/10466\/revisions"}],"predecessor-version":[{"id":10472,"href":"https:\/\/www.tui.cz\/blog\/wp-json\/wp\/v2\/posts\/10466\/revisions\/10472"}],"wp:featuredmedia":[{"embeddable":true,"href":"https:\/\/www.tui.cz\/blog\/wp-json\/wp\/v2\/media\/10467"}],"wp:attachment":[{"href":"https:\/\/www.tui.cz\/blog\/wp-json\/wp\/v2\/media?parent=10466"}],"wp:term":[{"taxonomy":"category","embeddable":true,"href":"https:\/\/www.tui.cz\/blog\/wp-json\/wp\/v2\/categories?post=10466"},{"taxonomy":"post_tag","embeddable":true,"href":"https:\/\/www.tui.cz\/blog\/wp-json\/wp\/v2\/tags?post=10466"}],"curies":[{"name":"wp","href":"https:\/\/api.w.org\/{rel}","templated":true}]}}