{"id":10527,"date":"2026-03-12T14:52:00","date_gmt":"2026-03-12T13:52:00","guid":{"rendered":"https:\/\/www.tui.cz\/blog\/?p=10527"},"modified":"2026-03-12T14:59:14","modified_gmt":"2026-03-12T13:59:14","slug":"pocasi-mallorca","status":"publish","type":"post","link":"https:\/\/www.tui.cz\/blog\/pocasi-mallorca\/","title":{"rendered":"Kdy vyrazit na Mallorku? Kr\u00e1sn\u00fd ostrov na Bale\u00e1rech l\u00e1k\u00e1 nejen v l\u00e9t\u011b"},"content":{"rendered":"\n<p>Mallorka je r\u00e1jem pro milovn\u00edky slunce, pl\u00e1\u017e\u00ed i aktivn\u00edho odpo\u010dinku. Ostrov le\u017e\u00edc\u00ed ve St\u0159edozemn\u00edm mo\u0159i nab\u00edz\u00ed mno\u017estv\u00ed atrakc\u00ed po cel\u00fd rok. Abyste si v\u0161ak jeho kouzlo u\u017eili naplno, vyplat\u00ed se cestu dob\u0159e napl\u00e1novat. Kdy je nejlep\u0161\u00ed let\u011bt na Mallorku? Porad\u00edme v\u00e1m.<\/p>\n\n\n\n<h2 class=\"wp-block-heading\">Po\u010das\u00ed na Mallorce po cel\u00fd rok<\/h2>\n\n\n\n<p>Mallorka m\u00e1 typick\u00e9 st\u0159edomo\u0159sk\u00e9 klima, kter\u00e9 se vyzna\u010duje hork\u00fdmi, such\u00fdmi l\u00e9ty a m\u00edrn\u00fdmi, vlhk\u00fdmi zimami. Letn\u00ed teploty mohou dos\u00e1hnout a\u017e 35 \u00b0C a slune\u010dn\u00ed svit je v pr\u016fm\u011bru kolem 11 hodin denn\u011b. Jaro a podzim jsou na ostrov\u011b nejvyrovnan\u011bj\u0161\u00ed m\u011bs\u00edce, s teplotami mezi 20\u201325 \u00b0C a sr\u00e1\u017ekami, kter\u00e9 jsou relativn\u011b vz\u00e1cn\u00e9. Je to ide\u00e1ln\u00ed doba k prozkoum\u00e1n\u00ed ostrova, objevov\u00e1n\u00ed jeho kouzel a u\u017e\u00edv\u00e1n\u00ed si jeho rozmanit\u00fdch atrakc\u00ed.<\/p>\n\n\n\n<h2 class=\"wp-block-heading\">Turistick\u00e1 sez\u00f3na na Mallorce<\/h2>\n\n\n\n<p>Hlavn\u00ed turistick\u00e1 sez\u00f3na na Mallorce trv\u00e1 od \u010dervna do z\u00e1\u0159\u00ed. V tomto obdob\u00ed je ostrov nejru\u0161n\u011bj\u0161\u00ed, ceny ubytov\u00e1n\u00ed a letenek nejvy\u0161\u0161\u00ed a hlavn\u00ed atrakce i pl\u00e1\u017ee b\u00fdvaj\u00ed pln\u00e9. Na druhou stranu m\u016f\u017eete o\u010dek\u00e1vat nejlep\u0161\u00ed po\u010das\u00ed a nejdel\u0161\u00ed dny \u2013 ide\u00e1ln\u00ed pro milovn\u00edky pl\u00e1\u017e\u00ed a aktivn\u00ed dovolen\u00e9.<\/p>\n\n\n\n<p>Na ja\u0159e a na podzim, v tzv. p\u0159echodn\u00e9m obdob\u00ed, nab\u00edz\u00ed <a href=\"https:\/\/www.tui.cz\/dovolena\/spanelsko\/mallorca\" target=\"_blank\" rel=\"noreferrer noopener\">Mallorka<\/a> tak\u00e9 kr\u00e1sn\u00e9 po\u010das\u00ed, ale s men\u0161\u00edm po\u010dtem turist\u016f a ni\u017e\u0161\u00edmi cenami za ubytov\u00e1n\u00ed a n\u00e1kupy. To je ide\u00e1ln\u00ed \u010das pro pozn\u00e1v\u00e1n\u00ed ostrova, outdoorov\u00e9 sporty a \u00fa\u010dast na m\u00edstn\u00edch kulturn\u00edch akc\u00edch.<\/p>\n\n\n\n<figure class=\"wp-block-image size-full\"><img loading=\"lazy\" decoding=\"async\" width=\"1000\" height=\"667\" src=\"https:\/\/www.tui.cz\/blog\/wp-content\/uploads\/2026\/03\/Palma-de-Mallorca.jpg\" alt=\"Palma de Mallorca\" class=\"wp-image-10529\" title=\"\" srcset=\"https:\/\/www.tui.cz\/blog\/wp-content\/uploads\/2026\/03\/Palma-de-Mallorca.jpg 1000w, https:\/\/www.tui.cz\/blog\/wp-content\/uploads\/2026\/03\/Palma-de-Mallorca-600x400.jpg 600w, https:\/\/www.tui.cz\/blog\/wp-content\/uploads\/2026\/03\/Palma-de-Mallorca-768x512.jpg 768w, https:\/\/www.tui.cz\/blog\/wp-content\/uploads\/2026\/03\/Palma-de-Mallorca-585x390.jpg 585w, https:\/\/www.tui.cz\/blog\/wp-content\/uploads\/2026\/03\/Palma-de-Mallorca-263x175.jpg 263w\" sizes=\"auto, (max-width: 1000px) 100vw, 1000px\" \/><\/figure>\n\n\n\n<h2 class=\"wp-block-heading\">Mallorka na ja\u0159e<\/h2>\n\n\n\n<p>Jaro pat\u0159\u00ed mezi nejlep\u0161\u00ed obdob\u00ed pro n\u00e1v\u0161t\u011bvu Mallorky. Od konce b\u0159ezna \u010di za\u010d\u00e1tku dubna a\u017e do kv\u011btna jsou teploty p\u0159\u00edjemn\u00e9, pohybuj\u00ed se mezi 17 a 24 \u00b0C. Tento \u010das je skv\u011bl\u00fd pro aktivn\u00ed dovolenou \u2013 turistiku v poho\u0159\u00ed Serra de Tramuntana, cyklistiku nebo objevov\u00e1n\u00ed malebn\u00fdch m\u011bst, jako jsou Valldemossa a S\u00f3ller. D\u00edky men\u0161\u00ed n\u00e1v\u0161t\u011bvnosti si m\u016f\u017eete hlavn\u00ed atrakce u\u017e\u00edt klidn\u011bji.<\/p>\n\n\n\n<p>Jaro se tak\u00e9 vyzna\u010duje rozkv\u011btem mandlon\u00ed, co\u017e je jedine\u010dn\u00fd jev, kter\u00fd l\u00e1k\u00e1 fotografy a milovn\u00edky p\u0159\u00edrody. Mallorka nab\u00edz\u00ed tak\u00e9 bohat\u00fd kalend\u00e1\u0159 kulturn\u00edch akc\u00ed, jako jsou velikono\u010dn\u00ed festivaly a m\u00edstn\u00ed oslavy, kter\u00e9 nab\u00edzej\u00ed nahl\u00e9dnut\u00ed do tradic a kultury ostrova.<\/p>\n\n\n\n<h2 class=\"wp-block-heading\">Mallorka v l\u00e9t\u011b<\/h2>\n\n\n\n<p>L\u00e9to na Mallorce znamen\u00e1 slune\u010dn\u00e9 dny a vysok\u00e9 teploty. Od \u010dervna do srpna se pr\u016fm\u011brn\u00e9 teploty pohybuj\u00ed mezi 27 a 33 \u00b0C a denn\u00ed slune\u010dn\u00ed svit dosahuje p\u0159ibli\u017en\u011b 11 hodin. Toto obdob\u00ed je ide\u00e1ln\u00ed pro opalov\u00e1n\u00ed, koup\u00e1n\u00ed v k\u0159i\u0161\u0165\u00e1lov\u011b \u010dist\u00e9m mo\u0159i a vodn\u00ed sporty, jako je windsurfing, kitesurfing nebo pot\u00e1p\u011bn\u00ed.<\/p>\n\n\n\n<p>Je v\u0161ak t\u0159eba si uv\u011bdomit, \u017ee Mallorka za\u017e\u00edv\u00e1 v l\u00e9t\u011b hlavn\u00ed turistickou sez\u00f3nu. Ostrov se st\u00e1v\u00e1 prakticky sv\u011btov\u00fdm hlavn\u00edm m\u011bstem dovolen\u00e9, co\u017e znamen\u00e1, \u017ee pl\u00e1\u017ee jako Playa de Palma a Es Trenc budou pln\u00e9 n\u00e1v\u0161t\u011bvn\u00edk\u016f. Proto se vyplat\u00ed dovolenou pl\u00e1novat s p\u0159edstihem, aby bylo mo\u017en\u00e9 zajistit pohodln\u00e9 ubytov\u00e1n\u00ed a vyhnout se dav\u016fm.<\/p>\n\n\n\n<h2 class=\"wp-block-heading\">Mallorka na podzim<\/h2>\n\n\n\n<p>Podzim, zejm\u00e9na z\u00e1\u0159\u00ed a \u0159\u00edjen, je tak\u00e9 skv\u011bl\u00fdm obdob\u00edm pro n\u00e1v\u0161t\u011bvu Mallorky. Teploty z\u016fst\u00e1vaj\u00ed p\u0159\u00edjemn\u00e9, pohybuj\u00ed se mezi 20 \u00b0C a 29 \u00b0C, a teplota vody se dr\u017e\u00ed na 22 \u00b0C, co\u017e je ide\u00e1ln\u00ed pro koup\u00e1n\u00ed. Podzim tak\u00e9 nab\u00edz\u00ed m\u00e9n\u011b dav\u016f a \u200b\u200bni\u017e\u0161\u00ed ceny ubytov\u00e1n\u00ed, d\u00edky \u010demu\u017e je n\u00e1v\u0161t\u011bva pohodln\u011bj\u0161\u00ed a ekonomi\u010dt\u011bj\u0161\u00ed.<\/p>\n\n\n\n<p>Na podzim se kon\u00e1 tak\u00e9 \u0159ada festival\u016f a m\u00edstn\u00edch akc\u00ed, nap\u0159\u00edklad Nit de Foc (Noc oh\u0148\u016f) \u010di slavnosti sklizn\u011b hrozn\u016f. To je skv\u011bl\u00e1 p\u0159\u00edle\u017eitost, jak poznat m\u00edstn\u00ed kulturu, tradice a ochutnat region\u00e1ln\u00ed speciality.<\/p>\n\n\n\n<figure class=\"wp-block-image size-full\"><img loading=\"lazy\" decoding=\"async\" width=\"1000\" height=\"714\" src=\"https:\/\/www.tui.cz\/blog\/wp-content\/uploads\/2026\/03\/Tramvaj-na-Mallorce.jpg\" alt=\"Tramvaj na Mallorce\" class=\"wp-image-10530\" title=\"\" srcset=\"https:\/\/www.tui.cz\/blog\/wp-content\/uploads\/2026\/03\/Tramvaj-na-Mallorce.jpg 1000w, https:\/\/www.tui.cz\/blog\/wp-content\/uploads\/2026\/03\/Tramvaj-na-Mallorce-600x428.jpg 600w, https:\/\/www.tui.cz\/blog\/wp-content\/uploads\/2026\/03\/Tramvaj-na-Mallorce-768x548.jpg 768w, https:\/\/www.tui.cz\/blog\/wp-content\/uploads\/2026\/03\/Tramvaj-na-Mallorce-585x418.jpg 585w\" sizes=\"auto, (max-width: 1000px) 100vw, 1000px\" \/><\/figure>\n\n\n\n<h2 class=\"wp-block-heading\">Aktivn\u00ed dovolen\u00e1 na Mallorce<\/h2>\n\n\n\n<p>Mallorka je skv\u011blou destinac\u00ed pro aktivn\u00ed dovolenou po v\u011bt\u0161inu roku. Na ja\u0159e a na podzim, kdy jsou teploty p\u0159\u00edjemn\u011bj\u0161\u00ed, l\u00e1k\u00e1 ostrov turisty a cyklisty zejm\u00e9na do malebn\u00e9ho poho\u0159\u00ed Serra de Tramuntana. V tomto obdob\u00ed se zde kon\u00e1 \u0159ada sportovn\u00edch akc\u00ed, nap\u0159\u00edklad maratony a triatlony, kter\u00e9 p\u0159itahuj\u00ed sportovce z cel\u00e9ho sv\u011bta.<\/p>\n\n\n\n<p>V l\u00e9t\u011b, krom\u011b vodn\u00edch sport\u016f, jako je windsurfing, kitesurfing nebo pot\u00e1p\u011bn\u00ed, a relaxace na pl\u00e1\u017ei, m\u016f\u017eete vyu\u017e\u00edt i turistick\u00e9 stezky. Mallorka nab\u00edz\u00ed tak\u00e9 horolezectv\u00ed, j\u00edzdu na koni \u010di golf, tak\u017ee si zde ka\u017ed\u00fd najde aktivitu podle sv\u00e9ho gusta.<\/p>\n\n\n\n<h2 class=\"wp-block-heading\">Mallorka mimo pl\u00e1\u017ee &#8211; co vid\u011bt a za\u017e\u00edt na ostrov\u011b?<\/h2>\n\n\n\n<p>Mallorka nab\u00edz\u00ed nep\u0159ebern\u00e9 mno\u017estv\u00ed atrakc\u00ed vhodn\u00fdch pro jarn\u00ed, letn\u00ed i podzimn\u00ed v\u00fdlety. Historick\u00e1 m\u011bsta, jako jsou Valldemossa, S\u00f3ller a Alc\u00fadia, umo\u017e\u0148uj\u00ed nahl\u00e9dnout do m\u00edstn\u00ed kultury a historie. Ve Valldemosse m\u016f\u017eete nav\u0161t\u00edvit Frederic Chopin and George Sand Museum a hrad La Cartuja de Valldemossa, uk\u00e1zku st\u0159edov\u011bk\u00e9 architektury. Alc\u00fadia zase l\u00e1k\u00e1 \u0159\u00edmsk\u00fdmi ruinami Pollentia, kter\u00e9 v\u00e1s p\u0159enesou do starov\u011bku.<\/p>\n\n\n\n<p>Pro milovn\u00edky p\u0159\u00edrody a aktivn\u00ed turisty je ide\u00e1ln\u00ed hornat\u00fd region Serra de Tramuntana, zapsan\u00fd na seznamu sv\u011btov\u00e9ho d\u011bdictv\u00ed UNESCO. Na ja\u0159e a podzim, kdy jsou teploty m\u00edrn\u00e9, se doporu\u010duj\u00ed t\u00fary a cyklistick\u00e9 v\u00fdlety, b\u011bhem kter\u00fdch si m\u016f\u017eete vychutnat malebnou krajinu a bujnou vegetaci. Pob\u0159e\u017e\u00ed ostrova je nav\u00edc poseto \u010detn\u00fdmi z\u00e1tokami a pl\u00e1\u017eemi, vhodn\u00fdmi pro koup\u00e1n\u00ed a vodn\u00ed sporty. P\u0159ekvapiv\u011b najdete <a href=\"https:\/\/www.tui.cz\/blog\/skryta-mista-mallorky\/\" target=\"_blank\" rel=\"noreferrer noopener\">na Mallorce i n\u011bkolik skryt\u00fdch m\u00edst<\/a>.<\/p>\n\n\n\n<p>Mallorka je tak\u00e9 domovem mnoha festival\u016f a kulturn\u00edch akc\u00ed po cel\u00fd rok. V lednu se kon\u00e1 festival Sant Antoni, zahrnuj\u00edc\u00ed pr\u016fvody a tradi\u010dn\u00ed tance. V \u00fanoru a b\u0159eznu, b\u011bhem karnevalu, se ulice Palma de Mallorka zapln\u00ed barevn\u00fdmi kost\u00fdmy a hudbou. V \u010dervnu ostrov slav\u00ed Nit de Foc neboli Noc oh\u0148\u016f s oh\u0148ostrojem a ohni.<\/p>\n\n\n\n<div class=\"wp-block-buttons is-content-justification-center is-layout-flex wp-container-core-buttons-is-layout-16018d1d wp-block-buttons-is-layout-flex\">\n<div class=\"wp-block-button\"><a class=\"wp-block-button__link has-vivid-red-background-color has-background has-normal-font-size has-custom-font-size wp-element-button\" href=\"https:\/\/www.tui.cz\/dovolena\/spanelsko\/mallorca\/nabidky-hotely\" target=\"_blank\" rel=\"noreferrer noopener\">Vybrat dovolenou na Mallorce<\/a><\/div>\n<\/div>\n\n\n\n<p><\/p>\n","protected":false},"excerpt":{"rendered":"<p>Mallorka je r\u00e1jem pro milovn\u00edky slunce, pl\u00e1\u017e\u00ed i aktivn\u00edho odpo\u010dinku. Ostrov le\u017e\u00edc\u00ed ve St\u0159edozemn\u00edm mo\u0159i nab\u00edz\u00ed mno\u017estv\u00ed atrakc\u00ed po cel\u00fd rok. Abyste si v\u0161ak jeho kouzlo u\u017eili naplno, vyplat\u00ed se&hellip;<\/p>\n","protected":false},"author":44,"featured_media":10528,"comment_status":"open","ping_status":"closed","sticky":false,"template":"","format":"standard","meta":{"_lmt_disableupdate":"","_lmt_disable":"","footnotes":""},"categories":[182],"tags":[],"class_list":["post-10527","post","type-post","status-publish","format-standard","has-post-thumbnail","hentry","category-cestovani"],"home_img_url":"https:\/\/www.tui.cz\/blog\/wp-content\/uploads\/2026\/03\/Pobrezi-na-Mallorce-585x390.jpg","home_img_alt":"Pob\u0159e\u017e\u00ed na Mallorce","_links":{"self":[{"href":"https:\/\/www.tui.cz\/blog\/wp-json\/wp\/v2\/posts\/10527","targetHints":{"allow":["GET"]}}],"collection":[{"href":"https:\/\/www.tui.cz\/blog\/wp-json\/wp\/v2\/posts"}],"about":[{"href":"https:\/\/www.tui.cz\/blog\/wp-json\/wp\/v2\/types\/post"}],"author":[{"embeddable":true,"href":"https:\/\/www.tui.cz\/blog\/wp-json\/wp\/v2\/users\/44"}],"replies":[{"embeddable":true,"href":"https:\/\/www.tui.cz\/blog\/wp-json\/wp\/v2\/comments?post=10527"}],"version-history":[{"count":1,"href":"https:\/\/www.tui.cz\/blog\/wp-json\/wp\/v2\/posts\/10527\/revisions"}],"predecessor-version":[{"id":10531,"href":"https:\/\/www.tui.cz\/blog\/wp-json\/wp\/v2\/posts\/10527\/revisions\/10531"}],"wp:featuredmedia":[{"embeddable":true,"href":"https:\/\/www.tui.cz\/blog\/wp-json\/wp\/v2\/media\/10528"}],"wp:attachment":[{"href":"https:\/\/www.tui.cz\/blog\/wp-json\/wp\/v2\/media?parent=10527"}],"wp:term":[{"taxonomy":"category","embeddable":true,"href":"https:\/\/www.tui.cz\/blog\/wp-json\/wp\/v2\/categories?post=10527"},{"taxonomy":"post_tag","embeddable":true,"href":"https:\/\/www.tui.cz\/blog\/wp-json\/wp\/v2\/tags?post=10527"}],"curies":[{"name":"wp","href":"https:\/\/api.w.org\/{rel}","templated":true}]}}