{"id":10552,"date":"2026-03-13T07:32:14","date_gmt":"2026-03-13T06:32:14","guid":{"rendered":"https:\/\/www.tui.cz\/blog\/?p=10552"},"modified":"2026-03-13T07:33:55","modified_gmt":"2026-03-13T06:33:55","slug":"co-si-sbalit-do-albanie","status":"publish","type":"post","link":"https:\/\/www.tui.cz\/blog\/co-si-sbalit-do-albanie\/","title":{"rendered":"Co si sbalit do Alb\u00e1nie? Kontroln\u00ed seznam v\u011bc\u00ed, kter\u00e9 budete pot\u0159ebovat"},"content":{"rendered":"\n<p>Alb\u00e1nie si v posledn\u00edch letech z\u00edskala na popularit\u011b jako atraktivn\u00ed evropsk\u00e1 destinace s n\u00e1dhernou p\u0159\u00edrodou. Tato balk\u00e1nsk\u00e1 zem\u011b l\u00e1k\u00e1 svou kulturn\u00ed rozmanitost\u00ed, malebn\u00fdmi pl\u00e1\u017eemi a bohatou histori\u00ed. Chcete-li si u\u017e\u00edt bezpe\u010dn\u00fd, pohodln\u00fd a bezstarostn\u00fd v\u00fdlet, je dobr\u00e9 v\u011bd\u011bt, co si do Alb\u00e1nie sbalit. M\u00e1me pro v\u00e1s n\u011bkolik tip\u016f!<\/p>\n\n\n\n<h2 class=\"wp-block-heading\">Dokumenty a formality p\u0159ed cestou<\/h2>\n\n\n\n<p>Nejd\u016fle\u017eit\u011bj\u0161\u00ed v\u011bc\u00ed, na kterou byste p\u0159ed odjezdem do Alb\u00e1nie nem\u011bli zapomenout, jsou cestovn\u00ed doklady. Ob\u010dan\u00e9 \u010cesk\u00e9 republiky mohou do Alb\u00e1nie cestovat pouze s platn\u00fdm ob\u010dansk\u00fdm pr\u016fkazem, cestovn\u00ed pas tedy nen\u00ed povinn\u00fd. P\u0159esto se vyplat\u00ed m\u00edt pas s sebou, zejm\u00e9na pokud pl\u00e1nujete nav\u0161t\u00edvit i dal\u0161\u00ed balk\u00e1nsk\u00e9 zem\u011b.<\/p>\n\n\n\n<p>D\u016fle\u017eit\u00e9 je tak\u00e9 db\u00e1t na svou bezpe\u010dnost a sjednat si <a href=\"https:\/\/www.tui.cz\/cestovni-pojisteni\" target=\"_blank\" rel=\"noreferrer noopener\">cestovn\u00ed poji\u0161t\u011bn\u00ed<\/a>. D\u00edky n\u011bmu se budete m\u00edt podporu, pokud b\u011bhem dovolen\u00e9 dojde k neo\u010dek\u00e1van\u00e9 situaci.<\/p>\n\n\n\n<h2 class=\"wp-block-heading\">Pohodln\u00e9 oble\u010den\u00ed a obuv<\/h2>\n\n\n\n<p>Pro cestu do <a href=\"https:\/\/www.tui.cz\/dovolena\/albanie\" target=\"_blank\" rel=\"noreferrer noopener\">Alb\u00e1nie<\/a> je dobr\u00e9 si vz\u00edt oble\u010den\u00ed vhodn\u00e9 pro st\u0159edomo\u0159sk\u00e9 klima. Alb\u00e1nie le\u017e\u00ed v regionu, kde pr\u016fm\u011brn\u00e1 teplota v l\u00e9t\u011b dosahuje p\u0159ibli\u017en\u011b 30 \u00b0C. Zabalte si s sebou lehk\u00e9 a vzdu\u0161n\u00e9 oble\u010den\u00ed. Nezapome\u0148te tak\u00e9 na plavky, bez kter\u00fdch se neobejdete p\u0159i dovolen\u00e9 na malebn\u00fdch pl\u00e1\u017e\u00edch u J\u00f3nsk\u00e9ho a Jadersk\u00e9ho mo\u0159e.<\/p>\n\n\n\n<p>Na druhou stranu je tak\u00e9 dobr\u00e9 m\u00edt oble\u010den\u00ed s dlouh\u00fdmi ruk\u00e1vy, kter\u00e9 se m\u016f\u017ee hodit ve\u010der nebo p\u0159i prohl\u00eddce m\u00edst, kde je vy\u017eadov\u00e1no form\u00e1ln\u011bj\u0161\u00ed od\u011bv. Pohodln\u00e9 tenisky a n\u00e1hradn\u00ed boty jsou nutnost\u00ed, zejm\u00e9na pokud pl\u00e1nujete p\u011b\u0161\u00ed turistiku a pozn\u00e1v\u00e1n\u00ed Alb\u00e1nie.<\/p>\n\n\n\n<figure class=\"wp-block-image size-full\"><img loading=\"lazy\" decoding=\"async\" width=\"1000\" height=\"635\" src=\"https:\/\/www.tui.cz\/blog\/wp-content\/uploads\/2026\/03\/pisecna-plaz-v-Albanii.jpg\" alt=\"p\u00edse\u010dn\u00e1 pl\u00e1\u017e v Alb\u00e1nii\" class=\"wp-image-10554\" title=\"\" srcset=\"https:\/\/www.tui.cz\/blog\/wp-content\/uploads\/2026\/03\/pisecna-plaz-v-Albanii.jpg 1000w, https:\/\/www.tui.cz\/blog\/wp-content\/uploads\/2026\/03\/pisecna-plaz-v-Albanii-600x381.jpg 600w, https:\/\/www.tui.cz\/blog\/wp-content\/uploads\/2026\/03\/pisecna-plaz-v-Albanii-768x488.jpg 768w, https:\/\/www.tui.cz\/blog\/wp-content\/uploads\/2026\/03\/pisecna-plaz-v-Albanii-585x371.jpg 585w\" sizes=\"auto, (max-width: 1000px) 100vw, 1000px\" \/><\/figure>\n\n\n\n<h2 class=\"wp-block-heading\">Ochrana p\u0159ed sluncem<\/h2>\n\n\n\n<p>Krom\u011b typick\u00e9 dovolenkov\u00e9 a p\u0159\u00edmo\u0159sk\u00e9 krajiny, kde dominuj\u00ed p\u00edse\u010dn\u00e9 pl\u00e1\u017ee, nab\u00edz\u00ed Alb\u00e1nie tak\u00e9 dal\u0161\u00ed kr\u00e1sn\u00e1 m\u00edsta, kter\u00e1 stoj\u00ed za to vid\u011bt. P\u0159ed jejich n\u00e1v\u0161t\u011bvou je t\u0159eba m\u00edt na pam\u011bti, \u017ee intenzivn\u00ed slunce m\u016f\u017ee b\u00fdt \u00fanavn\u00e9, proto je dbejte na odpov\u00eddaj\u00edc\u00ed ochranu. V kufru by nem\u011bly chyb\u011bt slune\u010dn\u00ed br\u00fdle, pokr\u00fdvka hlavy a kr\u00e9m s vysok\u00fdm ochrann\u00fdm faktorem. Slunce v Alb\u00e1nii je velmi intenzivn\u00ed, zejm\u00e9na v hlavn\u00ed turistick\u00e9 sez\u00f3n\u011b, proto je ochrana poko\u017eky nesm\u00edrn\u011b d\u016fle\u017eit\u00e1.<\/p>\n\n\n\n<h2 class=\"wp-block-heading\">Cestovn\u00ed l\u00e9k\u00e1rni\u010dka<\/h2>\n\n\n\n<p>P\u0159i cestov\u00e1n\u00ed po Alb\u00e1nii byste m\u011bli s sebou m\u00edt z\u00e1kladn\u00ed l\u00e9ky a zdravotnick\u00e9 pot\u0159eby. I kdy\u017e je lze koupit i na m\u00edst\u011b, je dobr\u00e9 si vz\u00edt vlastn\u00ed l\u00e9ky proti bolesti, l\u00e9ky proti pr\u016fjmu a v\u0161echny dal\u0161\u00ed prost\u0159edky, kter\u00e9 m\u016f\u017eeme pot\u0159ebovat. L\u00e9k\u00e1rni\u010dka by m\u011bla obsahovat tak\u00e9 n\u00e1plasti, obvazy a dezinfek\u010dn\u00ed prost\u0159edky.<\/p>\n\n\n\n<h2 class=\"wp-block-heading\">Nezapome\u0148te na pen\u00edze<\/h2>\n\n\n\n<p>Jak\u00e9 jsou v Alb\u00e1nii mo\u017enosti plateb? M\u011bnou je alb\u00e1nsk\u00fd lek. P\u0159esto\u017ee jsou platby kartou snadno dostupn\u00e9 ve v\u011bt\u0161\u00edch m\u011bstech a turistick\u00fdch letovisc\u00edch, je dobr\u00e9 m\u00edt s sebou hotovost, zejm\u00e9na v men\u0161\u00edch m\u011bstech. M\u011bnu lze sm\u011bnit v \u010desk\u00fdch sm\u011bn\u00e1rn\u00e1ch p\u0159ed odjezdem nebo v m\u00edstn\u00ed sm\u011bn\u00e1rn\u011b v Alb\u00e1nii. Vyplat\u00ed se tak\u00e9 vz\u00edt si s sebou drobn\u00e9 bankovky, kter\u00e9 se budou hodit pro placen\u00ed drobn\u00fdch n\u00e1kup\u016f.<\/p>\n\n\n\n<h2 class=\"wp-block-heading\">Nezbytn\u00e1 elektronika a nab\u00edje\u010dky<\/h2>\n\n\n\n<p>V dne\u0161n\u00ed dob\u011b je t\u011b\u017ek\u00e9 si p\u0159edstavit cestov\u00e1n\u00ed bez elektroniky. Pokud pl\u00e1nujete v\u00fdlet do Alb\u00e1nie, nezapome\u0148te si vz\u00edt s sebou mobiln\u00ed telefon, fotoapar\u00e1t a nab\u00edje\u010dky k t\u011bmto za\u0159\u00edzen\u00edm. V Alb\u00e1nii se pou\u017e\u00edvaj\u00ed z\u00e1suvky typu C a F, stejn\u00e9 jako v \u010cesk\u00e9 republice, tak\u017ee se nemus\u00edte starat o adapt\u00e9ry. U\u017eite\u010dn\u00e9 je tak\u00e9 m\u00edt s sebou powerbanku, zejm\u00e9na pokud pl\u00e1nujete dlouh\u00e9 v\u00fdlety a prohl\u00eddky.<\/p>\n\n\n\n<h2 class=\"wp-block-heading\">U\u017eite\u010dn\u00e9 aplikace a mapy<\/h2>\n\n\n\n<p>P\u0159ed cestou do Alb\u00e1nie se vyplat\u00ed st\u00e1hnout do telefonu n\u011bkolik u\u017eite\u010dn\u00fdch aplikac\u00ed. Offline mapy, nap\u0159. <a href=\"http:\/\/mapy.com\" target=\"_blank\" rel=\"noreferrer noopener\">Mapy.com<\/a>, se hod\u00ed p\u0159i objevov\u00e1n\u00ed m\u00e9n\u011b zn\u00e1m\u00fdch m\u00edst, kde m\u016f\u017ee b\u00fdt omezen\u00fd p\u0159\u00edstup k internetu. Velmi u\u017eite\u010dn\u00e9 mohou b\u00fdt i p\u0159ekladatelsk\u00e9 aplikace, nap\u0159. <a href=\"https:\/\/play.google.com\/store\/apps\/details?id=com.google.android.apps.translate&amp;hl=cs\" target=\"_blank\" rel=\"noreferrer noopener\">Google Translator<\/a>. I kdy\u017e se v Alb\u00e1nii \u010dasto domluv\u00edte anglicky, a ve v\u011bt\u0161\u00edch m\u011bstech tak\u00e9 italsky nebo francouzsky, n\u011bkdy se hod\u00ed rychle p\u0159elo\u017eit jednotliv\u00e1 slova \u010di fr\u00e1ze.<\/p>\n\n\n\n<figure class=\"wp-block-image size-full\"><img loading=\"lazy\" decoding=\"async\" width=\"1000\" height=\"548\" src=\"https:\/\/www.tui.cz\/blog\/wp-content\/uploads\/2026\/03\/pristav-v-albanskem-meste.jpg\" alt=\"p\u0159\u00edstav v alb\u00e1nsk\u00e9m m\u011bst\u011b\" class=\"wp-image-10555\" title=\"\" srcset=\"https:\/\/www.tui.cz\/blog\/wp-content\/uploads\/2026\/03\/pristav-v-albanskem-meste.jpg 1000w, https:\/\/www.tui.cz\/blog\/wp-content\/uploads\/2026\/03\/pristav-v-albanskem-meste-600x329.jpg 600w, https:\/\/www.tui.cz\/blog\/wp-content\/uploads\/2026\/03\/pristav-v-albanskem-meste-768x421.jpg 768w, https:\/\/www.tui.cz\/blog\/wp-content\/uploads\/2026\/03\/pristav-v-albanskem-meste-585x321.jpg 585w\" sizes=\"auto, (max-width: 1000px) 100vw, 1000px\" \/><\/figure>\n\n\n\n<h2 class=\"wp-block-heading\">Pl\u00e1\u017eov\u00e9 a rekrea\u010dn\u00ed dopl\u0148ky<\/h2>\n\n\n\n<p>Pokud pl\u00e1nujete tr\u00e1vit hodn\u011b \u010dasu na <a href=\"https:\/\/www.tui.cz\/blog\/nejlepsi-plaze-albanie\/\" target=\"_blank\" rel=\"noreferrer noopener\">nejkr\u00e1sn\u011bj\u0161\u00edch pl\u00e1\u017e\u00edch v Alb\u00e1nii<\/a>, vybavte se nezbytn\u00fdmi dopl\u0148ky. Plavky jsou z\u00e1klad, ale stejn\u011b d\u016fle\u017eit\u00e9 jsou i pl\u00e1\u017eov\u00e9 osu\u0161ky (obvykle jsou k dispozici v hotelech, ale je dobr\u00e9 si vz\u00edt s sebou rychleschnouc\u00ed ru\u010dn\u00edk). Krom\u011b toho si m\u016f\u017eete vz\u00edt pot\u00e1p\u011b\u010dsk\u00e9 br\u00fdle, kter\u00e9 se hod\u00ed milovn\u00edk\u016fm podmo\u0159sk\u00fdch dobrodru\u017estv\u00ed a nafukovac\u00ed matrace a pl\u00e1\u017eov\u00e9 m\u00ed\u010de zp\u0159\u00edjemn\u00ed \u010das str\u00e1ven\u00fd u vody. Alb\u00e1nie nab\u00edz\u00ed mnoho kr\u00e1sn\u00fdch m\u00edst k opalov\u00e1n\u00ed a koup\u00e1n\u00ed, tak\u017ee b\u00fdt dob\u0159e p\u0159ipraven je kl\u00ed\u010dov\u00e9 pro pohodovou dovolenou.<\/p>\n\n\n\n<h2 class=\"wp-block-heading\">Dbejte i na svou bezpe\u010dnost a pohodl\u00ed<\/h2>\n\n\n\n<p>P\u0159i pl\u00e1nov\u00e1n\u00ed cesty do Alb\u00e1nie nezapom\u00ednejte na svou bezpe\u010dnost a pohodl\u00ed. Pohodln\u00e1 obuv je nezbytn\u00e1, pokud se chyst\u00e1te na dlouh\u00e9 proch\u00e1zky nebo prohl\u00eddky pam\u00e1tek. D\u016fle\u017eit\u00e9 je tak\u00e9 vhodn\u00e9 oble\u010den\u00ed p\u0159izp\u016fsoben\u00e9 r\u016fzn\u00fdm pov\u011btrnostn\u00edm podm\u00ednk\u00e1m. Pokud pl\u00e1nujete v\u00fdlety do zalesn\u011bn\u00fdch oblast\u00ed, doporu\u010duje se m\u00edt s sebou repelent proti hmyzu. Alb\u00e1nie nab\u00edz\u00ed nep\u0159ebern\u00e9 mno\u017estv\u00ed outdoorov\u00fdch aktivit, tak\u017ee je dobr\u00e9 b\u00fdt p\u0159ipraven na r\u016fzn\u00e9 situace.<\/p>\n\n\n\n<h2 class=\"wp-block-heading\">Vezm\u011bte si s sebou do Alb\u00e1nie&#8230; dobrou n\u00e1ladu!<\/h2>\n\n\n\n<p>V\u00fdlet do Alb\u00e1nie je jedine\u010dn\u00fd z\u00e1\u017eitek, kter\u00fd v\u00e1m umo\u017en\u00ed objevit jednu z nejzaj\u00edmav\u011bj\u0161\u00edch evropsk\u00fdch zem\u00ed. P\u0159i pl\u00e1nov\u00e1n\u00ed cesty se krom\u011b dobr\u00e9 n\u00e1lady a pozitivn\u00edho p\u0159\u00edstupu vyplat\u00ed vz\u00edt si s sebou v\u0161e, co pot\u0159ebujete pro zpest\u0159en\u00ed sv\u00e9 dovolen\u00e9 \u2013 od vhodn\u00e9ho oble\u010den\u00ed a elektroniky a\u017e po nafukovac\u00ed pl\u00e1\u017eov\u00e9 dopl\u0148ky. Pokud si tak\u00e9 nezapomenete nezbytnosti, jako jsou dokumenty a pen\u00edze, m\u016f\u017eete si b\u00fdt jisti, \u017ee va\u0161e dovolen\u00e1 bude \u00fasp\u011b\u0161n\u00e1!<\/p>\n\n\n\n<div class=\"wp-block-buttons is-content-justification-center is-layout-flex wp-container-core-buttons-is-layout-16018d1d wp-block-buttons-is-layout-flex\">\n<div class=\"wp-block-button\"><a class=\"wp-block-button__link has-vivid-red-background-color has-background has-normal-font-size has-custom-font-size wp-element-button\" href=\"https:\/\/www.tui.cz\/dovolena\/albanie\/nabidky-hotely\" target=\"_blank\" rel=\"noreferrer noopener\">Vybrat dovolenou v Alb\u00e1nii<\/a><\/div>\n<\/div>\n","protected":false},"excerpt":{"rendered":"<p>Alb\u00e1nie si v posledn\u00edch letech z\u00edskala na popularit\u011b jako atraktivn\u00ed evropsk\u00e1 destinace s n\u00e1dhernou p\u0159\u00edrodou. Tato balk\u00e1nsk\u00e1 zem\u011b l\u00e1k\u00e1 svou kulturn\u00ed rozmanitost\u00ed, malebn\u00fdmi pl\u00e1\u017eemi a bohatou histori\u00ed. Chcete-li si u\u017e\u00edt&hellip;<\/p>\n","protected":false},"author":44,"featured_media":10553,"comment_status":"open","ping_status":"closed","sticky":false,"template":"","format":"standard","meta":{"_lmt_disableupdate":"","_lmt_disable":"","footnotes":""},"categories":[182],"tags":[],"class_list":["post-10552","post","type-post","status-publish","format-standard","has-post-thumbnail","hentry","category-cestovani"],"home_img_url":"https:\/\/www.tui.cz\/blog\/wp-content\/uploads\/2026\/03\/Dovolena-v-Albanii-585x390.jpg","home_img_alt":"Dovolen\u00e1 v Alb\u00e1nii","_links":{"self":[{"href":"https:\/\/www.tui.cz\/blog\/wp-json\/wp\/v2\/posts\/10552","targetHints":{"allow":["GET"]}}],"collection":[{"href":"https:\/\/www.tui.cz\/blog\/wp-json\/wp\/v2\/posts"}],"about":[{"href":"https:\/\/www.tui.cz\/blog\/wp-json\/wp\/v2\/types\/post"}],"author":[{"embeddable":true,"href":"https:\/\/www.tui.cz\/blog\/wp-json\/wp\/v2\/users\/44"}],"replies":[{"embeddable":true,"href":"https:\/\/www.tui.cz\/blog\/wp-json\/wp\/v2\/comments?post=10552"}],"version-history":[{"count":2,"href":"https:\/\/www.tui.cz\/blog\/wp-json\/wp\/v2\/posts\/10552\/revisions"}],"predecessor-version":[{"id":10557,"href":"https:\/\/www.tui.cz\/blog\/wp-json\/wp\/v2\/posts\/10552\/revisions\/10557"}],"wp:featuredmedia":[{"embeddable":true,"href":"https:\/\/www.tui.cz\/blog\/wp-json\/wp\/v2\/media\/10553"}],"wp:attachment":[{"href":"https:\/\/www.tui.cz\/blog\/wp-json\/wp\/v2\/media?parent=10552"}],"wp:term":[{"taxonomy":"category","embeddable":true,"href":"https:\/\/www.tui.cz\/blog\/wp-json\/wp\/v2\/categories?post=10552"},{"taxonomy":"post_tag","embeddable":true,"href":"https:\/\/www.tui.cz\/blog\/wp-json\/wp\/v2\/tags?post=10552"}],"curies":[{"name":"wp","href":"https:\/\/api.w.org\/{rel}","templated":true}]}}