{"id":10558,"date":"2026-03-14T07:56:00","date_gmt":"2026-03-14T06:56:00","guid":{"rendered":"https:\/\/www.tui.cz\/blog\/?p=10558"},"modified":"2026-03-14T14:12:07","modified_gmt":"2026-03-14T13:12:07","slug":"udoli-jeptisek-curral-das-freiras-madeira","status":"publish","type":"post","link":"https:\/\/www.tui.cz\/blog\/udoli-jeptisek-curral-das-freiras-madeira\/","title":{"rendered":"Curral das Freiras \u2013 pr\u016fvodce \u00fadol\u00edm jepti\u0161ek na Madei\u0159e"},"content":{"rendered":"\n<p>A\u010dkoli je prakticky cel\u00e1 Madeira proslul\u00e1 sv\u00fdmi kr\u00e1sn\u00fdmi, n\u011bkdy a\u017e magick\u00fdmi m\u00edsty a v\u00fdhledy, Curral das Freiras zauj\u00edm\u00e1 na map\u011b ostrova zvl\u00e1\u0161tn\u00ed m\u00edsto. Tato nev\u0161edn\u00ed vesnice, zasazen\u00e1 mezi majest\u00e1tn\u00ed hory, se vyzna\u010duje klidem, m\u00edrem a p\u0159edev\u0161\u00edm fascinuj\u00edc\u00ed histori\u00ed, kter\u00e1 ovlivnila jej\u00ed obecn\u00ed n\u00e1zev. \u010c\u00edm je toto m\u00edsto tak jedine\u010dn\u00e9 a co byste o n\u011bm m\u011bli v\u011bd\u011bt p\u0159ed n\u00e1v\u0161t\u011bvou?&nbsp;<\/p>\n\n\n\n<h2 class=\"wp-block-heading\">Historie a um\u00edst\u011bn\u00ed Curral das Freiras<\/h2>\n\n\n\n<p>Curral das Freiras, b\u011b\u017en\u011b zn\u00e1m\u00e9 jako \u00dadol\u00ed jepti\u0161ek, je malebn\u00e1 vesnice zasazen\u00e1 do hlubok\u00e9ho \u00fadol\u00ed na <a href=\"https:\/\/www.tui.cz\/dovolena\/portugalsko\/madeira\" target=\"_blank\" rel=\"noreferrer noopener\">ostrov\u011b Madeira<\/a>. Jej\u00ed historie sah\u00e1 a\u017e do 16. stolet\u00ed, konkr\u00e9tn\u011b do roku 1566, kdy se zde ukryly jepti\u0161ky z kl\u00e1\u0161tera Santa Clara ve Funchalu p\u0159ed \u00fatokem francouzsk\u00fdch pir\u00e1t\u016f. Vesnice obklopen\u00e1 monument\u00e1ln\u00edmi horami kdysi poskytovala ide\u00e1ln\u00ed \u00fato\u010di\u0161t\u011b, kter\u00e9 je dodnes od mo\u0159e obt\u00ed\u017en\u011b p\u0159\u00edstupn\u00e9. Curral das Freiras je proto nejen okouzluj\u00edc\u00ed vesnic\u00ed, ale tak\u00e9 m\u00edstem s neuv\u011b\u0159iteln\u011b zaj\u00edmavou histori\u00ed.<\/p>\n\n\n\n<p>M\u011bste\u010dko je nejv\u011bt\u0161\u00ed farnost\u00ed obce C\u00e2mara de Lobos, zauj\u00edm\u00e1 plochu 25,07 km\u00b2 a m\u00e1 p\u0159ibli\u017en\u011b 2000 obyvatel. Jeho jedine\u010dn\u00e1 poloha p\u0159ipom\u00edn\u00e1 kr\u00e1ter sopky, a proto okoln\u00ed hory tvo\u0159\u00ed impozantn\u00ed kulisu pro ka\u017ed\u00e9ho, kdo nav\u0161t\u00edv\u00ed tuto \u010d\u00e1st ostrova. Curral das Freiras je m\u00edstem pro ty, kte\u0159\u00ed cht\u011bj\u00ed za\u017e\u00edt neuv\u011b\u0159itelnou atmosf\u00e9ru a klid v prost\u0159ed\u00ed divok\u00e9 p\u0159\u00edrody a poznat historii jepti\u0161ek, kter\u00e9 se pod\u00edlely na vzniku t\u00e9to obce.<\/p>\n\n\n\n<figure class=\"wp-block-image size-full\"><img loading=\"lazy\" decoding=\"async\" width=\"1000\" height=\"665\" src=\"https:\/\/www.tui.cz\/blog\/wp-content\/uploads\/2026\/03\/Vyhled-na-Curral-das-Freiras-vyhlidka-Eira-do-Serrado-na-Madeire.jpg\" alt=\"V\u00fdhled na Curral das Freiras, vyhl\u00eddka Eira do Serrado na Madei\u0159e\" class=\"wp-image-10560\" title=\"\" srcset=\"https:\/\/www.tui.cz\/blog\/wp-content\/uploads\/2026\/03\/Vyhled-na-Curral-das-Freiras-vyhlidka-Eira-do-Serrado-na-Madeire.jpg 1000w, https:\/\/www.tui.cz\/blog\/wp-content\/uploads\/2026\/03\/Vyhled-na-Curral-das-Freiras-vyhlidka-Eira-do-Serrado-na-Madeire-600x399.jpg 600w, https:\/\/www.tui.cz\/blog\/wp-content\/uploads\/2026\/03\/Vyhled-na-Curral-das-Freiras-vyhlidka-Eira-do-Serrado-na-Madeire-768x511.jpg 768w, https:\/\/www.tui.cz\/blog\/wp-content\/uploads\/2026\/03\/Vyhled-na-Curral-das-Freiras-vyhlidka-Eira-do-Serrado-na-Madeire-585x389.jpg 585w, https:\/\/www.tui.cz\/blog\/wp-content\/uploads\/2026\/03\/Vyhled-na-Curral-das-Freiras-vyhlidka-Eira-do-Serrado-na-Madeire-263x175.jpg 263w\" sizes=\"auto, (max-width: 1000px) 100vw, 1000px\" \/><\/figure>\n\n\n\n<h2 class=\"wp-block-heading\">Vyhl\u00eddka Eira do Serrado a dechberouc\u00ed horsk\u00e1 scen\u00e9rie<\/h2>\n\n\n\n<p>Mezi nejkr\u00e1sn\u011bj\u0161\u00ed vyhl\u00eddky na Madei\u0159e bezpochyby pat\u0159\u00ed Eira do Serrado, kter\u00e1 le\u017e\u00ed v nadmo\u0159sk\u00e9 v\u00fd\u0161ce 1 095 metr\u016f. Z tohoto m\u00edsta se na \u00dadol\u00ed jepti\u0161ek otev\u00edr\u00e1 \u00fachvatn\u00fd panoramatick\u00fd v\u00fdhled. Cesta vedouc\u00ed k t\u00e9to vyhl\u00eddce nab\u00edz\u00ed nejen p\u011b\u0161\u00ed turistiku, ale tak\u00e9 mo\u017enost obdivovat neuv\u011b\u0159itelnou okoln\u00ed p\u0159\u00edrodu, kter\u00e1 se m\u011bn\u00ed s ka\u017edou zat\u00e1\u010dkou. Na vrcholu si naplno uv\u011bdom\u00edte monument\u00e1lnost okoln\u00edch hor v ka\u017ed\u00e9m detailu a uvid\u00edte, jak vesnice Curral das Freiras p\u0159irozen\u011b spl\u00fdv\u00e1 s krajinou.<\/p>\n\n\n\n<p>Pro ty, kdo cht\u011bj\u00ed poznat \u00fadol\u00ed zbl\u00edzka, vede z vyhl\u00eddky a\u017e do samotn\u00e9 vesnice turistick\u00e1 stezka. Trasa je pom\u011brn\u011b n\u00e1ro\u010dn\u00e1, zvl\u00e1\u0161\u0165 pro osoby, kter\u00e9 maj\u00ed strach z v\u00fd\u0161ek. Nicm\u00e9n\u011b \u00fasil\u00ed je odm\u011bn\u011bno neuv\u011b\u0159iteln\u00fdmi v\u00fdhledy na \u00fadol\u00ed, kter\u00e9 se zd\u00e1 b\u00fdt od\u0159\u00edznuto od sv\u011bta a vytv\u00e1\u0159\u00ed t\u00e9m\u011b\u0159 magickou krajinu.<\/p>\n\n\n\n<h2 class=\"wp-block-heading\">Turistick\u00e9 atrakce v \u00dadol\u00ed jepti\u0161ek<\/h2>\n\n\n\n<p>Curral das Freiras je proslul\u00fd sv\u00fdmi ka\u0161tany, kter\u00e9 jsou z\u00e1kladem m\u00edstn\u00ed kuchyn\u011b. Ve vesnici se nach\u00e1z\u00ed Muzeum ka\u0161tan\u016f, kter\u00e9 p\u0159edstavuje historii p\u011bstov\u00e1n\u00ed ka\u0161tan\u016f a rozmanitost produkt\u016f, kter\u00e9 se z nich daj\u00ed vyrobit. Ka\u017ed\u00fd listopad se ve vesnici kon\u00e1 festival ka\u0161tan\u016f, kde m\u00edstn\u00ed obyvatel\u00e9 i turist\u00e9 mohou ochutnat pokrmy, jako je ka\u0161tanov\u00e1 pol\u00e9vka, ka\u0161tanov\u00fd kol\u00e1\u010d a ka\u0161tanov\u00e9 lik\u00e9ry.<\/p>\n\n\n\n<p>Dal\u0161\u00edm d\u016fle\u017eit\u00fdm orienta\u010dn\u00edm bodem v Curral das Freiras je kl\u00e1\u0161ter Santa Clara, kter\u00fd i p\u0159es svoje st\u00e1\u0159\u00ed z\u016fst\u00e1v\u00e1 kl\u00ed\u010dov\u00fdm prvkem identity obce. Tato skromn\u00e1 stavba hr\u00e1la kl\u00ed\u010dovou roli v jej\u00ed historii a poskytovala \u00fato\u010di\u0161t\u011b jepti\u0161k\u00e1m v t\u011b\u017ek\u00fdch dob\u00e1ch. P\u0159i n\u00e1v\u0161t\u011bv\u011b Curral das Freiras stoj\u00ed za to nav\u0161t\u00edvit muzeum i kl\u00e1\u0161ter, abyste l\u00e9pe pochopili kulturu a historii tohoto pozoruhodn\u00e9ho m\u00edsta.<\/p>\n\n\n\n<figure class=\"wp-block-image size-full\"><img loading=\"lazy\" decoding=\"async\" width=\"1000\" height=\"665\" src=\"https:\/\/www.tui.cz\/blog\/wp-content\/uploads\/2026\/03\/Udoli-jeptisek-Curral-das-Freiras-Madeira.jpg\" alt=\"\u00dadol\u00ed jepti\u0161ek Curral das Freiras Madeira\" class=\"wp-image-10561\" title=\"\" srcset=\"https:\/\/www.tui.cz\/blog\/wp-content\/uploads\/2026\/03\/Udoli-jeptisek-Curral-das-Freiras-Madeira.jpg 1000w, https:\/\/www.tui.cz\/blog\/wp-content\/uploads\/2026\/03\/Udoli-jeptisek-Curral-das-Freiras-Madeira-600x399.jpg 600w, https:\/\/www.tui.cz\/blog\/wp-content\/uploads\/2026\/03\/Udoli-jeptisek-Curral-das-Freiras-Madeira-768x511.jpg 768w, https:\/\/www.tui.cz\/blog\/wp-content\/uploads\/2026\/03\/Udoli-jeptisek-Curral-das-Freiras-Madeira-585x389.jpg 585w, https:\/\/www.tui.cz\/blog\/wp-content\/uploads\/2026\/03\/Udoli-jeptisek-Curral-das-Freiras-Madeira-263x175.jpg 263w\" sizes=\"auto, (max-width: 1000px) 100vw, 1000px\" \/><\/figure>\n\n\n\n<h2 class=\"wp-block-heading\">V\u00fdlety a cesta do Curral das Freiras<\/h2>\n\n\n\n<p>Cesta do Curral das Freiras je sama o sob\u011b dobrodru\u017estv\u00edm, zejm\u00e9na pro milovn\u00edky hor a dramatick\u00fdch krajin. Do vesnice se m\u016f\u017eete dostat autem, autobusem nebo pro odv\u00e1\u017en\u011bj\u0161\u00ed turisty p\u011b\u0161ky. Cesta do vesnice se vine \u00fazk\u00fdmi, klikat\u00fdmi pr\u016fsmyky a nab\u00edz\u00ed majest\u00e1tn\u00ed v\u00fdhledy, ale pro m\u00e9n\u011b zku\u0161en\u00e9 \u0159idi\u010de m\u016f\u017ee b\u00fdt i n\u00e1ro\u010dn\u00e1. I p\u0159es svou n\u00e1ro\u010dnost cesta rozhodn\u011b stoj\u00ed za to \u2013 zavede v\u00e1s k n\u011bkter\u00fdm z nejmalebn\u011bj\u0161\u00edch z\u00e1kout\u00ed ostrova.<\/p>\n\n\n\n<p>Alternativou k j\u00edzd\u011b autem je p\u011b\u0161\u00ed turistika z vyhl\u00eddky Eira do Serrado, kter\u00e1 umo\u017e\u0148uje p\u0159\u00edm\u00fd kontakt s p\u0159\u00edrodou a nab\u00edz\u00ed pohledy na \u00fadol\u00ed z r\u016fzn\u00fdch perspektiv. Bez ohledu na trasu nebo zp\u016fsob p\u0159\u00edjezdu, v\u00fdlet do Curral das Freiras poskytne nezapomenuteln\u00fd z\u00e1\u017eitek a umo\u017en\u00ed v\u00e1m objevit skryt\u00e1 tajemstv\u00ed \u00dadol\u00ed jepti\u0161ek.<\/p>\n\n\n\n<h2 class=\"wp-block-heading\">\u017divot obyvatel a kuchyn\u011b v \u00dadol\u00ed jepti\u0161ek<\/h2>\n\n\n\n<p>Obyvatel\u00e9 Curral das Freiras \u017eij\u00ed, co\u017e je zcela pochopiteln\u00e9, v harmonii s okoln\u00ed p\u0159\u00edrodou. Zem\u011bd\u011blstv\u00ed, zejm\u00e9na p\u011bstov\u00e1n\u00ed ka\u0161tan\u016f, je hlavn\u00edm zdrojem p\u0159\u00edjm\u016f. Vesnice je zn\u00e1m\u00e1 sv\u00fdmi ka\u0161tanov\u00fdmi lah\u016fdkami, kter\u00e9 lze ochutnat v m\u00edstn\u00edch restaurac\u00edch. Na j\u00eddeln\u00edm l\u00edstku najdete ji\u017e zm\u00edn\u011bnou ka\u0161tanovou pol\u00e9vku, ka\u0161tanov\u00fd kol\u00e1\u010d a ka\u0161tanov\u00e9 lik\u00e9ry, kter\u00e9 pat\u0159\u00ed k charakteristick\u00fdm pokrm\u016fm t\u00e9to vesnice.<\/p>\n\n\n\n<p>Vesnice nen\u00ed velk\u00e1, ale m\u016f\u017ee se pochlubit n\u011bkolika mo\u017enostmi ubytov\u00e1n\u00ed a restauracemi, kter\u00e9 pod\u00e1vaj\u00ed tradi\u010dn\u00ed pokrmy z m\u00edstn\u00edch surovin. Je to skv\u011bl\u00e1 p\u0159\u00edle\u017eitost pro turisty, aby poznali m\u00edstn\u00ed kulturu a ochutnali pokrmy, kter\u00e9 jsou sou\u010d\u00e1st\u00ed kulin\u00e1\u0159sk\u00fdch tradic Madeiry po stalet\u00ed.<\/p>\n\n\n\n<figure class=\"wp-block-image size-full\"><img loading=\"lazy\" decoding=\"async\" width=\"1000\" height=\"644\" src=\"https:\/\/www.tui.cz\/blog\/wp-content\/uploads\/2026\/03\/Curral-das-Freiras.jpg\" alt=\"Curral das Freiras\" class=\"wp-image-10562\" title=\"\" srcset=\"https:\/\/www.tui.cz\/blog\/wp-content\/uploads\/2026\/03\/Curral-das-Freiras.jpg 1000w, https:\/\/www.tui.cz\/blog\/wp-content\/uploads\/2026\/03\/Curral-das-Freiras-600x386.jpg 600w, https:\/\/www.tui.cz\/blog\/wp-content\/uploads\/2026\/03\/Curral-das-Freiras-768x495.jpg 768w, https:\/\/www.tui.cz\/blog\/wp-content\/uploads\/2026\/03\/Curral-das-Freiras-585x377.jpg 585w\" sizes=\"auto, (max-width: 1000px) 100vw, 1000px\" \/><\/figure>\n\n\n\n<h2 class=\"wp-block-heading\">N\u00e1v\u0161t\u011bva \u00dadol\u00ed jepti\u0161ek \u2013 praktick\u00e9 informace<\/h2>\n\n\n\n<p>Existuje n\u011bkolik zp\u016fsob\u016f, jak prozkoumat Curral das Freiras, v z\u00e1vislosti na va\u0161ich preferenc\u00edch. Nejobl\u00edben\u011bj\u0161\u00edm dopravn\u00edm prost\u0159edkem je autobus \u010d\u00edslo 81, kter\u00fd pravideln\u011b jezd\u00ed z Funchalu. Cesta trv\u00e1 p\u0159ibli\u017en\u011b 45 minut a nab\u00edz\u00ed v\u00fdhledy na malebnou krajinu Madeiry, prav\u00e9 perly Portugalska. Pro ty, kte\u0159\u00ed d\u00e1vaj\u00ed p\u0159ednost v\u011bt\u0161\u00ed svobod\u011b, je k dispozici tak\u00e9 p\u016fj\u010dovna aut, kter\u00e1 umo\u017e\u0148uje nez\u00e1vislej\u0161\u00ed a samostatn\u011bj\u0161\u00ed prozkoum\u00e1v\u00e1n\u00ed \u00dadol\u00ed jepti\u0161ek.<\/p>\n\n\n\n<p>Pokud pl\u00e1nujete del\u0161\u00ed pobyt, zva\u017ete ubytov\u00e1n\u00ed v jednom z m\u00edstn\u00edch hotel\u016f nebo penzion\u016f, kter\u00e9 nab\u00edzej\u00ed pohodln\u00e9 ubytov\u00e1n\u00ed v srdci hor. Pobyt v \u00fadol\u00ed v\u00e1m umo\u017en\u00ed pln\u011b se pono\u0159it do atmosf\u00e9ry tohoto m\u00edsta, zejm\u00e9na r\u00e1no, kdy mlhy vzn\u00e1\u0161ej\u00edc\u00ed se nad horami vytv\u00e1\u0159ej\u00ed skute\u010dn\u011b magick\u00fd pohled. Curral das Freiras je p\u0159\u00edstupn\u00fd v kteroukoli ro\u010dn\u00ed dobu, i kdy\u017e nejkr\u00e1sn\u011bj\u0161\u00ed je na podzim, kdy se kon\u00e1 festival ka\u0161tan\u016f.<\/p>\n\n\n\n<div class=\"wp-block-buttons is-content-justification-center is-layout-flex wp-container-core-buttons-is-layout-16018d1d wp-block-buttons-is-layout-flex\">\n<div class=\"wp-block-button\"><a class=\"wp-block-button__link has-vivid-red-background-color has-background has-normal-font-size has-custom-font-size wp-element-button\" href=\"https:\/\/www.tui.cz\/dovolena\/portugalsko\/madeira\/nabidky-hotely\" target=\"_blank\" rel=\"noreferrer noopener\">Vybrat z\u00e1jezd na Madeiru<\/a><\/div>\n<\/div>\n","protected":false},"excerpt":{"rendered":"<p>A\u010dkoli je prakticky cel\u00e1 Madeira proslul\u00e1 sv\u00fdmi kr\u00e1sn\u00fdmi, n\u011bkdy a\u017e magick\u00fdmi m\u00edsty a v\u00fdhledy, Curral das Freiras zauj\u00edm\u00e1 na map\u011b ostrova zvl\u00e1\u0161tn\u00ed m\u00edsto. Tato nev\u0161edn\u00ed vesnice, zasazen\u00e1 mezi majest\u00e1tn\u00ed hory,&hellip;<\/p>\n","protected":false},"author":44,"featured_media":10559,"comment_status":"open","ping_status":"closed","sticky":false,"template":"","format":"standard","meta":{"_lmt_disableupdate":"","_lmt_disable":"","footnotes":""},"categories":[182],"tags":[],"class_list":["post-10558","post","type-post","status-publish","format-standard","has-post-thumbnail","hentry","category-cestovani"],"home_img_url":"https:\/\/www.tui.cz\/blog\/wp-content\/uploads\/2026\/03\/Curral-das-Freiras-Madeira-585x390.jpg","home_img_alt":"Curral das Freiras Madeira","_links":{"self":[{"href":"https:\/\/www.tui.cz\/blog\/wp-json\/wp\/v2\/posts\/10558","targetHints":{"allow":["GET"]}}],"collection":[{"href":"https:\/\/www.tui.cz\/blog\/wp-json\/wp\/v2\/posts"}],"about":[{"href":"https:\/\/www.tui.cz\/blog\/wp-json\/wp\/v2\/types\/post"}],"author":[{"embeddable":true,"href":"https:\/\/www.tui.cz\/blog\/wp-json\/wp\/v2\/users\/44"}],"replies":[{"embeddable":true,"href":"https:\/\/www.tui.cz\/blog\/wp-json\/wp\/v2\/comments?post=10558"}],"version-history":[{"count":1,"href":"https:\/\/www.tui.cz\/blog\/wp-json\/wp\/v2\/posts\/10558\/revisions"}],"predecessor-version":[{"id":10563,"href":"https:\/\/www.tui.cz\/blog\/wp-json\/wp\/v2\/posts\/10558\/revisions\/10563"}],"wp:featuredmedia":[{"embeddable":true,"href":"https:\/\/www.tui.cz\/blog\/wp-json\/wp\/v2\/media\/10559"}],"wp:attachment":[{"href":"https:\/\/www.tui.cz\/blog\/wp-json\/wp\/v2\/media?parent=10558"}],"wp:term":[{"taxonomy":"category","embeddable":true,"href":"https:\/\/www.tui.cz\/blog\/wp-json\/wp\/v2\/categories?post=10558"},{"taxonomy":"post_tag","embeddable":true,"href":"https:\/\/www.tui.cz\/blog\/wp-json\/wp\/v2\/tags?post=10558"}],"curies":[{"name":"wp","href":"https:\/\/api.w.org\/{rel}","templated":true}]}}