{"id":10576,"date":"2026-03-15T14:16:00","date_gmt":"2026-03-15T13:16:00","guid":{"rendered":"https:\/\/www.tui.cz\/blog\/?p=10576"},"modified":"2026-03-15T15:01:07","modified_gmt":"2026-03-15T14:01:07","slug":"suvenyry-z-tenerife","status":"publish","type":"post","link":"https:\/\/www.tui.cz\/blog\/suvenyry-z-tenerife\/","title":{"rendered":"Suven\u00fdry z Tenerife \u2013 co koupit b\u011bhem dovolen\u00e9 na Kan\u00e1rsk\u00fdch ostrovech"},"content":{"rendered":"\n<p>Jedine\u010dn\u00e1 krajina a sope\u010dn\u00e1 p\u0159\u00edroda Tenerife vytv\u00e1\u0159ej\u00ed neuv\u011b\u0159itelnou atmosf\u00e9ru, kter\u00e1 se projevuje r\u016fzn\u00fdmi zp\u016fsoby. Jedn\u00edm z nich jsou jedine\u010dn\u00e9 produkty prod\u00e1van\u00e9 prakticky v ka\u017ed\u00e9m m\u00edstn\u00edm obchod\u011b. Mnoh\u00e9 z nich nikde jinde nenajdete, proto jsou skv\u011bl\u00fdm suven\u00fdrem, kter\u00fd v\u00e1m tento kan\u00e1rsk\u00fd ostrov bude p\u0159ipom\u00ednat. Co si p\u0159iv\u00e9zt z Tenerife? M\u00e1me pro v\u00e1s p\u00e1r tip\u016f!<\/p>\n\n\n\n<h2 class=\"wp-block-heading\">Kulin\u00e1\u0159sk\u00e9 speciality z Tenerife<\/h2>\n\n\n\n<p>Jednou z nejobl\u00edben\u011bj\u0161\u00edch kan\u00e1rsk\u00fdch specialit, kter\u00e9 si lid\u00e9 po\u0159izuj\u00ed dom\u016f, je palmov\u00fd med (a\u010dkoli dnes se nej\u010dast\u011bji vyskytuje ve form\u011b palmov\u00e9ho sirupu). Vyr\u00e1b\u00ed se t\u00e9m\u011b\u0159 v\u00fdhradn\u011b na nedalek\u00e9m ostrov\u011b La Gomera a \u010dasto se prod\u00e1v\u00e1 v kr\u00e1sn\u00fdch, zdoben\u00fdch sklenic\u00edch s barevn\u00fdmi etiketami. Proto ho obvykle najdete ve st\u00e1nc\u00edch a obchodech se suven\u00fdry. Vyr\u00e1b\u00ed se z endemick\u00e9 kan\u00e1rsk\u00e9 palmy a je skv\u011bl\u00fdm sladidlem do r\u016fzn\u00fdch n\u00e1poj\u016f a dezert\u016f.<\/p>\n\n\n\n<p>Mnoho restaurac\u00ed a podnik\u016f na <a href=\"https:\/\/www.tui.cz\/dovolena\/kanarske-ostrovy\/tenerife\" target=\"_blank\" rel=\"noreferrer noopener\">Tenerife<\/a> pod\u00e1v\u00e1 k j\u00eddl\u016fm om\u00e1\u010dky. Je to jeden z kulin\u00e1\u0159sk\u00fdch pozn\u00e1vac\u00edch znamen\u00ed ostrova \u2013 mojo rojo (pikantn\u00ed om\u00e1\u010dka z \u010derven\u00e9 chilli) a mojo verde (m\u00edrn\u011bj\u0161\u00ed zelen\u00e1 om\u00e1\u010dka z koriandru nebo petr\u017eelky). Tyto om\u00e1\u010dky \u010dasto dopl\u0148uj\u00ed masov\u00e9 nebo bramborov\u00e9 pokrmy. Tak\u00e9 vylep\u0161uj\u00ed chu\u0165 sendvi\u010d\u016f \u2013 p\u0159ipravuj\u00ed se z olivov\u00e9ho oleje a octa. Jsou tak\u00e9 skv\u011bl\u00fdm d\u00e1rkem z dovolen\u00e9 pro bl\u00edzk\u00e9.<\/p>\n\n\n\n<figure class=\"wp-block-image size-full\"><img loading=\"lazy\" decoding=\"async\" width=\"1000\" height=\"662\" src=\"https:\/\/www.tui.cz\/blog\/wp-content\/uploads\/2026\/03\/suvenyry-z-Tenerife-omacky-mojo-rojo-a-mojo-verde.jpg\" alt=\"suven\u00fdry z Tenerife, om\u00e1\u010dky mojo rojo a mojo verde\" class=\"wp-image-10578\" title=\"\" srcset=\"https:\/\/www.tui.cz\/blog\/wp-content\/uploads\/2026\/03\/suvenyry-z-Tenerife-omacky-mojo-rojo-a-mojo-verde.jpg 1000w, https:\/\/www.tui.cz\/blog\/wp-content\/uploads\/2026\/03\/suvenyry-z-Tenerife-omacky-mojo-rojo-a-mojo-verde-600x397.jpg 600w, https:\/\/www.tui.cz\/blog\/wp-content\/uploads\/2026\/03\/suvenyry-z-Tenerife-omacky-mojo-rojo-a-mojo-verde-768x508.jpg 768w, https:\/\/www.tui.cz\/blog\/wp-content\/uploads\/2026\/03\/suvenyry-z-Tenerife-omacky-mojo-rojo-a-mojo-verde-780x516.jpg 780w, https:\/\/www.tui.cz\/blog\/wp-content\/uploads\/2026\/03\/suvenyry-z-Tenerife-omacky-mojo-rojo-a-mojo-verde-585x387.jpg 585w, https:\/\/www.tui.cz\/blog\/wp-content\/uploads\/2026\/03\/suvenyry-z-Tenerife-omacky-mojo-rojo-a-mojo-verde-263x175.jpg 263w\" sizes=\"auto, (max-width: 1000px) 100vw, 1000px\" \/><\/figure>\n\n\n\n<p>Pokud hled\u00e1te origin\u00e1ln\u00ed alkoholick\u00fd suven\u00fdr z Tenerife, zva\u017ete Ron Miel, jeden z nejikoni\u010dt\u011bj\u0161\u00edch produkt\u016f <a href=\"https:\/\/www.tui.cz\/dovolena\/kanarske-ostrovy\" target=\"_blank\" rel=\"noreferrer noopener\">Kan\u00e1rsk\u00fdch ostrov\u016f<\/a>. Je to sladk\u00fd medov\u00fd rum vyroben\u00fd ze sm\u011bsi rumu z cukrov\u00e9 t\u0159tiny a medu. Je perfektn\u00ed samostatn\u00fd nebo jako dopln\u011bk do koktejl\u016f.<\/p>\n\n\n\n<p>Popul\u00e1rn\u00ed na tomto kan\u00e1rsk\u00e9m ostrov\u011b je tak\u00e9 ban\u00e1nov\u00fd lik\u00e9r, kter\u00fd se vyzna\u010duje intenzivn\u00ed a aromatickou sladkou chut\u00ed. Za to vd\u011b\u010d\u00ed m\u00edstn\u00edm ban\u00e1n\u016fm, kter\u00e9 se nevyv\u00e1\u017eej\u00ed do Evropsk\u00e9 unie, tak\u017ee jejich kvality lze ocenit pouze b\u011bhem pobytu na Tenerife. Ron Miel je vynikaj\u00edc\u00ed volbou jako suven\u00fdr, kter\u00fd v\u00e1m ur\u010dit\u011b p\u0159ipomene vzpom\u00ednky na \u010das str\u00e1ven\u00fd na Kan\u00e1rsk\u00fdch ostrovech.<\/p>\n\n\n\n<h2 class=\"wp-block-heading\">P\u0159\u00edrodn\u00ed kosmetika z Tenerife<\/h2>\n\n\n\n<p>Jedn\u00edm z typick\u00fdch rys\u016f nejv\u011bt\u0161\u00edho ostrova Kan\u00e1rsk\u00e9ho souostrov\u00ed je p\u011bstov\u00e1n\u00ed aloe vera, kter\u00e9 se \u010dasto pou\u017e\u00edv\u00e1 jako z\u00e1klad pro kosmetiku a p\u0159edstavuje skv\u011bl\u00fd suven\u00fdr z dovolen\u00e9. Ve specializovan\u00fdch obchodech, l\u00e9k\u00e1rn\u00e1ch i v m\u00edstn\u00edch st\u00e1nc\u00edch snadno najdete kr\u00e9my, gely, m\u00fddla, balz\u00e1my a dal\u0161\u00ed produkty na b\u00e1zi aloe. D\u00edky sv\u00fdm hydrata\u010dn\u00edm, protiz\u00e1n\u011btliv\u00fdm a hojiv\u00fdm vlastnostem jsou ide\u00e1ln\u00ed na sp\u00e1leniny od slunce. Aloe vera tak p\u0159edstavuje produkt dva v jednom \u2013 u\u017eite\u010dnou sou\u010d\u00e1st dom\u00e1c\u00ed kosmetick\u00e9 ta\u0161ti\u010dky a n\u011bco, co v\u00e1m bude p\u0159ipom\u00ednat dovolenou.<\/p>\n\n\n\n<p>V n\u011bkter\u00fdch \u010d\u00e1stech ostrova m\u016f\u017eete naj\u00edt p\u0159\u00edrodn\u00ed kosmetiku, kter\u00e1 je k dost\u00e1n\u00ed pouze na Tenerife. Mezi p\u0159\u00edklady pat\u0159\u00ed kr\u00e9my se \u0161ne\u010d\u00edm slizem a balz\u00e1my vyroben\u00e9 z ban\u00e1n\u016f.&nbsp; Jedine\u010dnost t\u011bchto suven\u00fdr\u016f v kombinaci s jejich zvlh\u010duj\u00edc\u00edmi a regenera\u010dn\u00edmi vlastnostmi potvrzuje, \u017ee se jedn\u00e1 o skv\u011bl\u00fd n\u00e1pad na produkt, kter\u00fd stoj\u00ed za to si z dovolen\u00e9 p\u0159iv\u00e9zt.<\/p>\n\n\n\n<h2 class=\"wp-block-heading\">\u0160perky a \u0159emesln\u00e9 v\u00fdrobky, kter\u00e9 jinde nenajdete<\/h2>\n\n\n\n<figure class=\"wp-block-image size-full\"><img loading=\"lazy\" decoding=\"async\" width=\"1000\" height=\"750\" src=\"https:\/\/www.tui.cz\/blog\/wp-content\/uploads\/2026\/03\/sperk-z-vulkanickych-kamenu-z-Tenerife-jako-suvenyr.jpg\" alt=\"\u0161perk z vulkanick\u00fdch kamen\u016f z Tenerife jako suven\u00fdr\" class=\"wp-image-10579\" title=\"\" srcset=\"https:\/\/www.tui.cz\/blog\/wp-content\/uploads\/2026\/03\/sperk-z-vulkanickych-kamenu-z-Tenerife-jako-suvenyr.jpg 1000w, https:\/\/www.tui.cz\/blog\/wp-content\/uploads\/2026\/03\/sperk-z-vulkanickych-kamenu-z-Tenerife-jako-suvenyr-600x450.jpg 600w, https:\/\/www.tui.cz\/blog\/wp-content\/uploads\/2026\/03\/sperk-z-vulkanickych-kamenu-z-Tenerife-jako-suvenyr-768x576.jpg 768w, https:\/\/www.tui.cz\/blog\/wp-content\/uploads\/2026\/03\/sperk-z-vulkanickych-kamenu-z-Tenerife-jako-suvenyr-585x439.jpg 585w\" sizes=\"auto, (max-width: 1000px) 100vw, 1000px\" \/><\/figure>\n\n\n\n<p>Tenerife je ostrov vulkanick\u00e9ho p\u016fvodu, co\u017e mu dod\u00e1v\u00e1 jedine\u010dnou atmosf\u00e9ru a charakter. Sope\u010dn\u00fd p\u016fvod ostrova nav\u00edc umo\u017e\u0148uje vyu\u017e\u00edt zaj\u00edmav\u00e9 p\u0159\u00edrodn\u00ed prvky \u2013 od skaln\u00edch \u00fatvar\u016f po vulkanick\u00e9 kameny \u2013 jako sou\u010d\u00e1st \u0161perk\u016f a ru\u010dn\u011b vyr\u00e1b\u011bn\u00fdch v\u00fdrobk\u016f. D\u00edky tomu vznik\u00e1 \u0161irok\u00e1 \u0161k\u00e1la origin\u00e1ln\u00edch suven\u00fdr\u016f, kter\u00e9 v\u00e1m umo\u017en\u00ed \u201edotknout se\u201c ostrova a p\u0159iv\u00e9zt si dom\u016f kousek jeho jedine\u010dn\u00e9 p\u0159\u00edrodn\u00ed kr\u00e1sy.<\/p>\n\n\n\n<p>Jedn\u00edm z nejunik\u00e1tn\u011bj\u0161\u00edch suven\u00fdr\u016f z Tenerife jsou \u0161perky vyroben\u00e9 z oliv\u00ednu \u2013 zelen\u00e9ho miner\u00e1lu, kter\u00fd se nach\u00e1z\u00ed ve vulkanick\u00fdch hornin\u00e1ch ostrova. V klenotnictv\u00edch i v m\u00edstn\u00edch st\u00e1nc\u00edch najdete st\u0159\u00edbrn\u00e9 n\u00e1u\u0161nice, n\u00e1hrdeln\u00edky \u010di n\u00e1ramky, ale tak\u00e9 men\u0161\u00ed sochy \u010di dekorativn\u00ed p\u0159edm\u011bty, kter\u00e9 vyu\u017e\u00edvaj\u00ed tento kr\u00e1sn\u00fd materi\u00e1l.<\/p>\n\n\n\n<p>Sope\u010dn\u00fd p\u016fvod ostrova se vyu\u017e\u00edv\u00e1 k m\u00edstn\u00ed v\u00fdrob\u011b nejr\u016fzn\u011bj\u0161\u00edch produkt\u016f. P\u0159\u00edbory nebo cel\u00e9 stoln\u00ed n\u00e1dob\u00ed s t\u00edmto prvkem nejsou v\u00fdjimkou. Podobn\u00fdm zp\u016fsobem se vyr\u00e1b\u011bj\u00ed i fotor\u00e1me\u010dky, hodiny, sv\u00edcny a magnety na ledni\u010dku. Pokud si tedy chcete z Tenerife odv\u00e9zt n\u011bco, co v\u00e1m bude p\u0159ipom\u00ednat tento ostrov na ka\u017ed\u00e9m kroku, jsou tyto p\u0159edm\u011bty tou nejlep\u0161\u00ed volbou.<\/p>\n\n\n\n<h2 class=\"wp-block-heading\">Dal\u0161\u00ed unik\u00e1tn\u00ed suven\u00fdry a speciality z Tenerife<\/h2>\n\n\n\n<p>Prakticky na ka\u017ed\u00e9m kroku \u2013 a\u0165 u\u017e v supermarketech nebo restaurac\u00edch \u2013 se na Tenerife setk\u00e1te s koz\u00edm s\u00fdrem, kter\u00fd pat\u0159\u00ed k nejobl\u00edben\u011bj\u0161\u00edm na Kan\u00e1rsk\u00fdch ostrovech. Vyr\u00e1b\u00ed se jak v uzen\u00e9 a pe\u010den\u00e9 form\u011b, tak i \u010derstv\u00e9, tedy ihned po dokon\u010den\u00ed v\u00fdrobn\u00edho procesu. Nejlep\u0161\u00ed na tom je, \u017ee navzdory podobn\u00e9mu \u201ep\u016fvodu\u201d nechutnaj\u00ed jako \u010desk\u00e9 s\u00fdry. To je dostate\u010dn\u00fd d\u016fvod k tomu, abyste si je p\u0159ivezli z dovolen\u00e9 a porovnali je s m\u00edstn\u00edmi produkty.<\/p>\n\n\n\n<p>Z\u016fstaneme-li ve sf\u00e9\u0159e gastronomie, m\u00edstn\u00edmi specialitami na Tenerife jsou tak\u00e9 d\u017eemy \u2013 s p\u0159\u00edsadou ban\u00e1n\u016f, kaktusu nebo opuncie figov\u00e9. Najdete je na mnoha m\u00edstech, v nejr\u016fzn\u011bj\u0161\u00edch obalech a ozdobn\u00fdch sklenic\u00edch, a proto mohou b\u00fdt jak zaj\u00edmav\u00fdm suven\u00fdrem, tak skv\u011bl\u00fdm n\u00e1padem na d\u00e1rek. Mnoh\u00e9 z nich jsou obohaceny n\u00e1pisem Tenerife a n\u011bkdy tak\u00e9 mu\u0161lemi nebo dokonce kousky vulkanick\u00e9 l\u00e1vy.<\/p>\n\n\n\n<h2 class=\"wp-block-heading\">P\u0159ivezte si Tenerife dom\u016f!<\/h2>\n\n\n\n<p>A\u0165 u\u017e si z Tenerife vyberete jak\u00fdkoli suven\u00fdr, jedno je jist\u00e9 \u2013 stoj\u00ed za to si odv\u00e9zt n\u011bco, co v\u00e1s p\u0159enese zp\u011bt na tento nev\u0161edn\u00ed ostrov, a\u0165 u\u017e prost\u0159ednictv\u00edm vzpom\u00ednek, v\u016fn\u00ed nebo chut\u00ed. Mno\u017estv\u00ed m\u00edstn\u00edch specialit a origin\u00e1ln\u00edch produkt\u016f, kter\u00e9 charakterizuj\u00ed cel\u00e9 Kan\u00e1rsk\u00e9 ostrovy, je toti\u017e d\u016fvodem, pro\u010d se sem budete cht\u00edt vracet znovu a znovu.<\/p>\n\n\n\n<div class=\"wp-block-buttons is-content-justification-center is-layout-flex wp-container-core-buttons-is-layout-16018d1d wp-block-buttons-is-layout-flex\">\n<div class=\"wp-block-button\"><a class=\"wp-block-button__link has-vivid-red-background-color has-background has-normal-font-size has-custom-font-size wp-element-button\" href=\"https:\/\/www.tui.cz\/dovolena\/kanarske-ostrovy\/tenerife\/nabidky-hotely\" target=\"_blank\" rel=\"noreferrer noopener\">Zalet\u011bt si na Tenerife<\/a><\/div>\n<\/div>\n\n\n\n<p><\/p>\n","protected":false},"excerpt":{"rendered":"<p>Jedine\u010dn\u00e1 krajina a sope\u010dn\u00e1 p\u0159\u00edroda Tenerife vytv\u00e1\u0159ej\u00ed neuv\u011b\u0159itelnou atmosf\u00e9ru, kter\u00e1 se projevuje r\u016fzn\u00fdmi zp\u016fsoby. Jedn\u00edm z nich jsou jedine\u010dn\u00e9 produkty prod\u00e1van\u00e9 prakticky v ka\u017ed\u00e9m m\u00edstn\u00edm obchod\u011b. Mnoh\u00e9 z nich nikde&hellip;<\/p>\n","protected":false},"author":44,"featured_media":10581,"comment_status":"open","ping_status":"closed","sticky":false,"template":"","format":"standard","meta":{"_lmt_disableupdate":"","_lmt_disable":"","footnotes":""},"categories":[182],"tags":[],"class_list":["post-10576","post","type-post","status-publish","format-standard","has-post-thumbnail","hentry","category-cestovani"],"home_img_url":"https:\/\/www.tui.cz\/blog\/wp-content\/uploads\/2026\/03\/Tenerife-Garachico-585x390.jpg","home_img_alt":"","_links":{"self":[{"href":"https:\/\/www.tui.cz\/blog\/wp-json\/wp\/v2\/posts\/10576","targetHints":{"allow":["GET"]}}],"collection":[{"href":"https:\/\/www.tui.cz\/blog\/wp-json\/wp\/v2\/posts"}],"about":[{"href":"https:\/\/www.tui.cz\/blog\/wp-json\/wp\/v2\/types\/post"}],"author":[{"embeddable":true,"href":"https:\/\/www.tui.cz\/blog\/wp-json\/wp\/v2\/users\/44"}],"replies":[{"embeddable":true,"href":"https:\/\/www.tui.cz\/blog\/wp-json\/wp\/v2\/comments?post=10576"}],"version-history":[{"count":1,"href":"https:\/\/www.tui.cz\/blog\/wp-json\/wp\/v2\/posts\/10576\/revisions"}],"predecessor-version":[{"id":10580,"href":"https:\/\/www.tui.cz\/blog\/wp-json\/wp\/v2\/posts\/10576\/revisions\/10580"}],"wp:featuredmedia":[{"embeddable":true,"href":"https:\/\/www.tui.cz\/blog\/wp-json\/wp\/v2\/media\/10581"}],"wp:attachment":[{"href":"https:\/\/www.tui.cz\/blog\/wp-json\/wp\/v2\/media?parent=10576"}],"wp:term":[{"taxonomy":"category","embeddable":true,"href":"https:\/\/www.tui.cz\/blog\/wp-json\/wp\/v2\/categories?post=10576"},{"taxonomy":"post_tag","embeddable":true,"href":"https:\/\/www.tui.cz\/blog\/wp-json\/wp\/v2\/tags?post=10576"}],"curies":[{"name":"wp","href":"https:\/\/api.w.org\/{rel}","templated":true}]}}