{"id":11271,"date":"2026-04-30T11:56:03","date_gmt":"2026-04-30T09:56:03","guid":{"rendered":"https:\/\/www.tui.cz\/blog\/?p=11271"},"modified":"2026-04-23T10:06:39","modified_gmt":"2026-04-23T08:06:39","slug":"trendy-destinace-dovolena-u-more","status":"publish","type":"post","link":"https:\/\/www.tui.cz\/blog\/trendy-destinace-dovolena-u-more\/","title":{"rendered":"Kam vyrazit na dovolenou u mo\u0159e v roce 2026? Top 5 destinac\u00ed, kter\u00e9 ovl\u00e1dnou tuto sez\u00f3nu"},"content":{"rendered":"\n<p>Pl\u00e1nov\u00e1n\u00ed letn\u00edho odpo\u010dinku je pro mnoho z n\u00e1s vrcholem roku. S p\u0159\u00edchodem sez\u00f3ny 2026 se v\u0161ak m\u011bn\u00ed mapa obl\u00edben\u00fdch m\u00edst i zp\u016fsob, jak\u00fdm o cestov\u00e1n\u00ed p\u0159em\u00fd\u0161l\u00edme. Hled\u00e1me nejen k\u0159i\u0161\u0165\u00e1lov\u011b \u010distou vodu, ale tak\u00e9 autenticitu, udr\u017eitelnost a maxim\u00e1ln\u00ed p\u0159\u00ednos za vynalo\u017een\u00e9 prost\u0159edky. Na z\u00e1klad\u011b aktu\u00e1ln\u00edch rezerva\u010dn\u00edch trend\u016f, roz\u0161i\u0159ov\u00e1n\u00ed p\u0159\u00edm\u00fdch leteck\u00fdch spojen\u00ed z \u010desk\u00fdch leti\u0161\u0165 a podrobn\u00e9 anal\u00fdzy pom\u011bru ceny a kvality jsme pro v\u00e1s p\u0159ipravili seznam p\u011bti destinac\u00ed, kter\u00e9 budou v <a href=\"https:\/\/www.tui.cz\/leto\" target=\"_blank\" rel=\"noreferrer noopener\">l\u00e9t\u011b 2026<\/a> ud\u00e1vat t\u00f3n.<\/p>\n\n\n\n<p>Tento \u010dl\u00e1nek je ur\u010den v\u0161em nerozhodn\u00fdm cestovatel\u016fm, kte\u0159\u00ed hledaj\u00ed inspiraci pro svou p\u0159\u00ed\u0161t\u00ed cestu. A\u0165 u\u017e v\u00e1s l\u00e1k\u00e1 objevov\u00e1n\u00ed neprozkouman\u00fdch kout\u016f Balk\u00e1nu, nebo s\u00e1z\u00edte na osv\u011bd\u010denou klasiku v modern\u00edm h\u00e1vu, n\u00e1\u0161 pr\u016fvodce v\u00e1m pom\u016f\u017ee naj\u00edt ide\u00e1ln\u00ed m\u00edsto pro va\u0161i dovolenou. Pod\u00edv\u00e1me se na to, pro\u010d ur\u010dit\u00e9 lokality za\u017e\u00edvaj\u00ed boom, zat\u00edmco tradi\u010dn\u00ed destinace proch\u00e1zej\u00ed evoluc\u00ed, a p\u0159id\u00e1me konkr\u00e9tn\u00ed tipy na nejv\u00fdhodn\u011bj\u0161\u00ed nab\u00eddky od <a href=\"https:\/\/www.tui.cz\/\" target=\"_blank\" rel=\"noreferrer noopener\">TUI<\/a>.<\/p>\n\n\n\n<h2 class=\"wp-block-heading\"><strong>Cestovn\u00ed trendy roku 2026 formuj\u00edc\u00ed v\u00fdb\u011br dovolen\u00e9 u mo\u0159e<\/strong><\/h2>\n\n\n\n<p>Rok 2026 p\u0159in\u00e1\u0161\u00ed n\u011bkolik z\u00e1sadn\u00edch faktor\u016f, kter\u00e9 ovliv\u0148uj\u00ed, kam se letos vyd\u00e1me za sluncem. Po letech nestability se pln\u011b vr\u00e1tila d\u016fv\u011bra v cestov\u00e1n\u00ed, co\u017e se projevuje d\u0159\u00edv\u011bj\u0161\u00edm pl\u00e1nov\u00e1n\u00edm a ochotou investovat do kvalitn\u011bj\u0161\u00edch z\u00e1\u017eitk\u016f. Kl\u00ed\u010dov\u00fdm hybatelem pro \u010desk\u00e9 turisty je zejm\u00e9na expanze p\u0159\u00edm\u00fdch let\u016f z region\u00e1ln\u00edch leti\u0161\u0165 v Praze, Brn\u011b \u010di Ostrav\u011b. Mo\u017enost odlet\u011bt pohodln\u011b bez zdlouhav\u00fdch p\u0159estup\u016f v\u00fdrazn\u011b zvy\u0161uje popularitu konkr\u00e9tn\u00edch letovisek.<\/p>\n\n\n\n<p>Dal\u0161\u00edm v\u00fdznamn\u00fdm t\u00e9matem je udr\u017eitelnost. St\u00e1le v\u00edce cestovatel\u016f vyhled\u00e1v\u00e1 resorty s ekologickou certifikac\u00ed a preferuje destinace, kter\u00e9 investuj\u00ed do ochrany \u017eivotn\u00edho prost\u0159ed\u00ed. Roli hraj\u00ed i m\u011bnov\u00e9 v\u00fdhody \u2013 zem\u011b mimo euroz\u00f3nu, jako je Turecko nebo Tunisko, poskytuj\u00ed d\u00edky kurzu koruny vynikaj\u00edc\u00ed finan\u010dn\u00ed podm\u00ednky. <a href=\"https:\/\/www.tui.cz\/nabidky-leto\" target=\"_blank\" rel=\"noreferrer noopener\">Letn\u00ed dovolenkov\u00e9 nab\u00eddky<\/a> v roce 2026 zkr\u00e1tka znamenaj\u00ed rovnov\u00e1hu mezi komfortem, z\u00e1\u017eitkem a odpov\u011bdn\u00fdm p\u0159\u00edstupem k planet\u011b.<\/p>\n\n\n\n<h2 class=\"wp-block-heading\"><strong>Alb\u00e1nie \u2013 balk\u00e1nsk\u00e1 senzace sez\u00f3ny 2026<\/strong><\/h2>\n\n\n\n<figure class=\"wp-block-image size-full\"><img loading=\"lazy\" decoding=\"async\" width=\"1000\" height=\"667\" src=\"https:\/\/www.tui.cz\/blog\/wp-content\/uploads\/2026\/04\/Plaz-v-Albanii-se-slamenymi-slunecniky-a-lehatky-u-more.jpg\" alt=\"Pl\u00e1\u017e v Alb\u00e1nii se slam\u011bn\u00fdmi slune\u010dn\u00edky a leh\u00e1tky u mo\u0159e\" class=\"wp-image-11276\" title=\"\" srcset=\"https:\/\/www.tui.cz\/blog\/wp-content\/uploads\/2026\/04\/Plaz-v-Albanii-se-slamenymi-slunecniky-a-lehatky-u-more.jpg 1000w, https:\/\/www.tui.cz\/blog\/wp-content\/uploads\/2026\/04\/Plaz-v-Albanii-se-slamenymi-slunecniky-a-lehatky-u-more-600x400.jpg 600w, https:\/\/www.tui.cz\/blog\/wp-content\/uploads\/2026\/04\/Plaz-v-Albanii-se-slamenymi-slunecniky-a-lehatky-u-more-768x512.jpg 768w, https:\/\/www.tui.cz\/blog\/wp-content\/uploads\/2026\/04\/Plaz-v-Albanii-se-slamenymi-slunecniky-a-lehatky-u-more-585x390.jpg 585w, https:\/\/www.tui.cz\/blog\/wp-content\/uploads\/2026\/04\/Plaz-v-Albanii-se-slamenymi-slunecniky-a-lehatky-u-more-263x175.jpg 263w\" sizes=\"auto, (max-width: 1000px) 100vw, 1000px\" \/><\/figure>\n\n\n\n<p>Pokud bychom m\u011bli jmenovat absolutn\u00edho v\u00edt\u011bze v kategorii \u201eskokan roku\u201c, je to bezpochyby <a href=\"https:\/\/www.tui.cz\/dovolena\/albanie\" target=\"_blank\" rel=\"noreferrer noopener\">Alb\u00e1nie<\/a>. Tato zem\u011b se v roce 2026 definitivn\u011b st\u00e1v\u00e1 pevnou sou\u010d\u00e1st\u00ed cestovatelsk\u00fdch itiner\u00e1\u0159\u016f, vystupuje ze st\u00ednu nezn\u00e1ma a st\u00e1v\u00e1 se plnohodnotnou \u201eBalk\u00e1nskou rivi\u00e9rou\u201c, kter\u00e1 sm\u011ble konkuruje zaveden\u00fdm soused\u016fm. Alb\u00e1nie l\u00e1k\u00e1 na panensk\u00e9 pl\u00e1\u017ee, dramatick\u00e9 horsk\u00e9 scen\u00e9rie a p\u0159edev\u0161\u00edm na fakt, \u017ee zde za sv\u00e9 pen\u00edze z\u00edsk\u00e1te \u0161pi\u010dkov\u00fd st\u0159edomo\u0159sk\u00fd z\u00e1\u017eitek bez pr\u00e9miov\u00fdch cen.<\/p>\n\n\n\n<p>Letoviska jako Ksamil, Sarand\u00eb \u010di Vlor\u00eb se v roce 2026 py\u0161n\u00ed v\u00fdrazn\u011b lep\u0161\u00ed infrastrukturou a nov\u00fdmi modern\u00edmi hotely. Ksamil se sv\u00fdmi mal\u00fdmi ostr\u016fvky a tyrkysovou vodou b\u00fdv\u00e1 \u010dasto p\u0159irovn\u00e1v\u00e1n k evropsk\u00fdm <a href=\"http:\/\/www.tui.cz\/dovolena\/maledivy\" target=\"_blank\" rel=\"noreferrer noopener\">Malediv\u00e1m<\/a>.&nbsp;<\/p>\n\n\n\n<p>Alb\u00e1nie nab\u00edz\u00ed unik\u00e1tn\u00ed kombinaci balk\u00e1nsk\u00e9 pohostinnosti, vynikaj\u00edc\u00ed kuchyn\u011b s nab\u00eddkou \u010derstv\u00fdch mo\u0159sk\u00fdch plod\u016f a historick\u00fdch pam\u00e1tek pod ochranou UNESCO. Je to ide\u00e1ln\u00ed volba pro ty, kdo cht\u011bj\u00ed objevit budouc\u00ed pr\u00e1zdninov\u00e9 hity d\u0159\u00edve, ne\u017e je zaplav\u00ed davy turist\u016f.<\/p>\n\n\n\n<div class=\"wp-block-buttons is-content-justification-center is-layout-flex wp-container-core-buttons-is-layout-16018d1d wp-block-buttons-is-layout-flex\">\n<div class=\"wp-block-button\"><a class=\"wp-block-button__link has-vivid-red-background-color has-background has-normal-font-size has-custom-font-size wp-element-button\" href=\"https:\/\/www.tui.cz\/dovolena\/albanie\/nabidky-leto\" target=\"_blank\" rel=\"noreferrer noopener\">Vyrazit do Alb\u00e1nie<\/a><\/div>\n<\/div>\n\n\n\n<p><\/p>\n\n\n\n<h2 class=\"wp-block-heading\"><strong>\u0158ecko \u2013 v\u011b\u010dn\u00fd favorit s nov\u00fdmi ostrovn\u00edmi objevy<\/strong><\/h2>\n\n\n\n<figure class=\"wp-block-image size-full\"><img loading=\"lazy\" decoding=\"async\" width=\"1000\" height=\"667\" src=\"https:\/\/www.tui.cz\/blog\/wp-content\/uploads\/2026\/04\/Ostrov-Samos-s-kristalove-cistou-vodou-oblazkovou-plazi-a-skalou.jpg\" alt=\"Ostrov Samos s k\u0159i\u0161\u0165\u00e1lov\u011b \u010distou vodou, obl\u00e1zkovou pl\u00e1\u017e\u00ed a sk\u00e1lou\" class=\"wp-image-11277\" title=\"\" srcset=\"https:\/\/www.tui.cz\/blog\/wp-content\/uploads\/2026\/04\/Ostrov-Samos-s-kristalove-cistou-vodou-oblazkovou-plazi-a-skalou.jpg 1000w, https:\/\/www.tui.cz\/blog\/wp-content\/uploads\/2026\/04\/Ostrov-Samos-s-kristalove-cistou-vodou-oblazkovou-plazi-a-skalou-600x400.jpg 600w, https:\/\/www.tui.cz\/blog\/wp-content\/uploads\/2026\/04\/Ostrov-Samos-s-kristalove-cistou-vodou-oblazkovou-plazi-a-skalou-768x512.jpg 768w, https:\/\/www.tui.cz\/blog\/wp-content\/uploads\/2026\/04\/Ostrov-Samos-s-kristalove-cistou-vodou-oblazkovou-plazi-a-skalou-585x390.jpg 585w, https:\/\/www.tui.cz\/blog\/wp-content\/uploads\/2026\/04\/Ostrov-Samos-s-kristalove-cistou-vodou-oblazkovou-plazi-a-skalou-263x175.jpg 263w\" sizes=\"auto, (max-width: 1000px) 100vw, 1000px\" \/><\/figure>\n\n\n\n<p><a href=\"https:\/\/www.tui.cz\/dovolena\/recko\" target=\"_blank\" rel=\"noreferrer noopener\">\u0158ecko<\/a> je nad\u00e1le zlat\u00fd standard pro ka\u017edou dovolenou, ale v roce 2026 se pozornost p\u0159esouv\u00e1 od nejzn\u00e1m\u011bj\u0161\u00edch center k m\u00e9n\u011b prozkouman\u00fdm perl\u00e1m. Zat\u00edmco <a href=\"http:\/\/www.tui.cz\/dovolena\/recko\/kreta\" target=\"_blank\" rel=\"noreferrer noopener\">Kr\u00e9ta<\/a> a <a href=\"https:\/\/www.tui.cz\/dovolena\/recko\/rhodos\" target=\"_blank\" rel=\"noreferrer noopener\">Rhodos<\/a> st\u00e1le nab\u00edzej\u00ed perfektn\u00ed servis, trendy roku 2026 sm\u011b\u0159uj\u00ed k objevov\u00e1n\u00ed men\u0161\u00edch ostrov\u016f, kter\u00e9 si zachov\u00e1vaj\u00ed svou p\u016fvodn\u00ed, autentickou tv\u00e1\u0159.<\/p>\n\n\n\n<p>Velk\u00fdm hitem jsou ostrovy jako <a href=\"https:\/\/www.tui.cz\/dovolena\/recko\/samos\" target=\"_blank\" rel=\"noreferrer noopener\">Samos<\/a>, <a href=\"https:\/\/www.tui.cz\/dovolena\/recko\/kos\" target=\"_blank\" rel=\"noreferrer noopener\">Kos<\/a> \u010di <a href=\"https:\/\/www.tui.cz\/dovolena\/recko\/zakynthos\" target=\"_blank\" rel=\"noreferrer noopener\">Zakynthos<\/a>, kter\u00e9 t\u011b\u017e\u00ed z lep\u0161\u00edch leteck\u00fdch spojen\u00ed a nov\u00fdch udr\u017eiteln\u00fdch hotelov\u00fdch koncept\u016f. \u0158ecko v t\u00e9to sez\u00f3n\u011b masivn\u011b investuje do ekologick\u00fdch opat\u0159en\u00ed a podpory lok\u00e1ln\u00edch komunit. S TUI m\u00e1te jistotu, \u017ee i na t\u011bchto m\u00e9n\u011b zn\u00e1m\u00fdch ostrovech najdete prov\u011b\u0159en\u00e9 hotely s vysok\u00fdm standardem slu\u017eeb.&nbsp;<\/p>\n\n\n\n<p>Dovolen\u00e1 v \u0158ecku v roce 2026 neznamen\u00e1 jen antick\u00e9 pam\u00e1tky. Umo\u017e\u0148uje zpomalit tempo, vychutnat si lok\u00e1ln\u00ed gastronomii a koupat se v k\u0159i\u0161\u0165\u00e1lov\u00fdch vod\u00e1ch Egejsk\u00e9ho a J\u00f3nsk\u00e9ho mo\u0159e.<\/p>\n\n\n\n<div class=\"wp-block-buttons is-content-justification-center is-layout-flex wp-container-core-buttons-is-layout-16018d1d wp-block-buttons-is-layout-flex\">\n<div class=\"wp-block-button\"><a class=\"wp-block-button__link has-vivid-red-background-color has-background has-normal-font-size has-custom-font-size wp-element-button\" href=\"https:\/\/www.tui.cz\/dovolena\/recko\/nabidky-leto\" target=\"_blank\" rel=\"noreferrer noopener\">Vybrat dovolenou v \u0158ecku<\/a><\/div>\n<\/div>\n\n\n\n<p><\/p>\n\n\n\n<h2 class=\"wp-block-heading\"><strong>Turecko \u2013 nep\u0159ekonateln\u00fd standard a nov\u00e1 tv\u00e1\u0159 ob\u0159\u00edch resort\u016f<\/strong><\/h2>\n\n\n\n<figure class=\"wp-block-image size-full\"><img loading=\"lazy\" decoding=\"async\" width=\"1000\" height=\"562\" src=\"https:\/\/www.tui.cz\/blog\/wp-content\/uploads\/2026\/04\/Hrad-svateho-Petra-v-Bodrumu-na-Egejske-riviere-s-morem-a-lodemi.jpg\" alt=\"Hrad svat\u00e9ho Petra v Bodrumu na Egejsk\u00e9 rivi\u00e9\u0159e s mo\u0159em a lod\u011bmi\" class=\"wp-image-11275\" title=\"\" srcset=\"https:\/\/www.tui.cz\/blog\/wp-content\/uploads\/2026\/04\/Hrad-svateho-Petra-v-Bodrumu-na-Egejske-riviere-s-morem-a-lodemi.jpg 1000w, https:\/\/www.tui.cz\/blog\/wp-content\/uploads\/2026\/04\/Hrad-svateho-Petra-v-Bodrumu-na-Egejske-riviere-s-morem-a-lodemi-600x337.jpg 600w, https:\/\/www.tui.cz\/blog\/wp-content\/uploads\/2026\/04\/Hrad-svateho-Petra-v-Bodrumu-na-Egejske-riviere-s-morem-a-lodemi-768x432.jpg 768w, https:\/\/www.tui.cz\/blog\/wp-content\/uploads\/2026\/04\/Hrad-svateho-Petra-v-Bodrumu-na-Egejske-riviere-s-morem-a-lodemi-585x329.jpg 585w\" sizes=\"auto, (max-width: 1000px) 100vw, 1000px\" \/><\/figure>\n\n\n\n<p><a href=\"https:\/\/www.tui.cz\/dovolena\/turecko\" target=\"_blank\" rel=\"noreferrer noopener\">Turecko<\/a> v roce 2026 potvrzuje svou dominanci d\u00edky schopnosti neust\u00e1le se inovovat. Tradi\u010dn\u00ed koncept <a href=\"https:\/\/www.tui.cz\/dovolena\/turecko\/nabidky-all-inclusive\" target=\"_blank\" rel=\"noreferrer noopener\">All Inclusive<\/a> se zde vyvinul v rozs\u00e1hlou nab\u00eddku, kter\u00e1 uspokoj\u00ed i ty nejn\u00e1ro\u010dn\u011bj\u0161\u00ed. Vedle ob\u0159\u00edch rodinn\u00fdch komplex\u016f v regionu Antalya, kter\u00e9 disponuj\u00ed nejmodern\u011bj\u0161\u00edmi aquaparky, rostou v roce 2026 nov\u00e9 butikov\u00e9 hotely a luxusn\u00ed pl\u00e1\u017eov\u00e9 kluby.<\/p>\n\n\n\n<p>Region <a href=\"https:\/\/www.tui.cz\/dovolena\/turecko\/egejska-riviera\/bodrum\" target=\"_blank\" rel=\"noreferrer noopener\">Bodrum<\/a> na Egejsk\u00e9 rivi\u00e9\u0159e se v t\u00e9to sez\u00f3n\u011b st\u00e1v\u00e1 vyhled\u00e1van\u00fdm c\u00edlem pro n\u00e1ro\u010dn\u011bj\u0161\u00ed klientelu hledaj\u00edc\u00ed styl a exkluzivitu, zat\u00edmco Side a Alanya na <a href=\"https:\/\/www.tui.cz\/dovolena\/turecko\/turecka-riviera\" target=\"_blank\" rel=\"noreferrer noopener\">Tureck\u00e9 rivi\u00e9\u0159e<\/a> z\u016fst\u00e1vaj\u00ed nep\u0159ekonatelnou volbou pro rodiny d\u00edky nejlep\u0161\u00edmu pom\u011bru ceny a kvality. Turecko v roce 2026 s\u00e1z\u00ed na personalizaci \u2013 hotely nab\u00edzej\u00ed \u0161pi\u010dkov\u00e1 wellness centra, <em>thalassoterapii <\/em>a <a href=\"https:\/\/www.tui.cz\/blog\/pruvodce-tureckou-kuchyni-na-turecke-riviere\/\" target=\"_blank\" rel=\"noreferrer noopener\">autentickou tureckou kuchyni<\/a> na \u0161pi\u010dkov\u00e9 \u00farovni. Pro \u010desk\u00e9 turisty z\u016fst\u00e1v\u00e1 tato zem\u011b s\u00e1zkou na jistotu, kde jsou prvot\u0159\u00eddn\u00ed slu\u017eby standardem.<\/p>\n\n\n\n<div class=\"wp-block-buttons is-content-justification-center is-layout-flex wp-container-core-buttons-is-layout-16018d1d wp-block-buttons-is-layout-flex\">\n<div class=\"wp-block-button\"><a class=\"wp-block-button__link has-vivid-red-background-color has-background has-normal-font-size has-custom-font-size wp-element-button\" href=\"https:\/\/www.tui.cz\/dovolena\/turecko\/nabidky-leto\" target=\"_blank\" rel=\"noreferrer noopener\">Chci do Turecka<\/a><\/div>\n<\/div>\n\n\n\n<p><\/p>\n\n\n\n<h2 class=\"wp-block-heading\"><strong>Tunisko a Djerba \u2013 velkolep\u00fd n\u00e1vrat severn\u00ed Afriky<\/strong><\/h2>\n\n\n\n<figure class=\"wp-block-image size-full\"><img loading=\"lazy\" decoding=\"async\" width=\"1000\" height=\"664\" src=\"https:\/\/www.tui.cz\/blog\/wp-content\/uploads\/2026\/04\/Dva-velbloudi-v-berberskych-cepickach-na-plazi-na-Djerbe-v-Tunisku.jpg\" alt=\"Dva velbloudi v berbersk\u00fdch \u010depi\u010dk\u00e1ch na pl\u00e1\u017ei na Djerb\u011b v Tunisku\" class=\"wp-image-11274\" title=\"\" srcset=\"https:\/\/www.tui.cz\/blog\/wp-content\/uploads\/2026\/04\/Dva-velbloudi-v-berberskych-cepickach-na-plazi-na-Djerbe-v-Tunisku.jpg 1000w, https:\/\/www.tui.cz\/blog\/wp-content\/uploads\/2026\/04\/Dva-velbloudi-v-berberskych-cepickach-na-plazi-na-Djerbe-v-Tunisku-600x398.jpg 600w, https:\/\/www.tui.cz\/blog\/wp-content\/uploads\/2026\/04\/Dva-velbloudi-v-berberskych-cepickach-na-plazi-na-Djerbe-v-Tunisku-768x510.jpg 768w, https:\/\/www.tui.cz\/blog\/wp-content\/uploads\/2026\/04\/Dva-velbloudi-v-berberskych-cepickach-na-plazi-na-Djerbe-v-Tunisku-585x388.jpg 585w, https:\/\/www.tui.cz\/blog\/wp-content\/uploads\/2026\/04\/Dva-velbloudi-v-berberskych-cepickach-na-plazi-na-Djerbe-v-Tunisku-263x175.jpg 263w\" sizes=\"auto, (max-width: 1000px) 100vw, 1000px\" \/><\/figure>\n\n\n\n<p>Skute\u010dnou renesanci v roce 2026 za\u017e\u00edv\u00e1 <a href=\"https:\/\/www.tui.cz\/dovolena\/tunisko\" target=\"_blank\" rel=\"noreferrer noopener\">Tunisko<\/a>. D\u00edky rozs\u00e1hl\u00fdm investic\u00edm do bezpe\u010dnosti a modernizace hotel\u016f se tato zem\u011b vrac\u00ed na vrchol z\u00e1jmu \u010desk\u00fdch cestovatel\u016f. Nab\u00edz\u00ed exotiku na dosah ruky. Kr\u00e1tk\u00fd let v\u00e1s p\u0159enese do sv\u011bta jemn\u00e9ho b\u00edl\u00e9ho p\u00edsku, orient\u00e1ln\u00edch medin a stabiln\u00edho slune\u010dn\u00e9ho po\u010das\u00ed.<\/p>\n\n\n\n<p>Samostatnou kapitolou je <a href=\"https:\/\/www.tui.cz\/dovolena\/tunisko\/djerba\" target=\"_blank\" rel=\"noreferrer noopener\">Djerba<\/a>. Tento \u201eostrov zapomn\u011bn\u00ed\u201c nab\u00edz\u00ed v roce 2026 unik\u00e1tn\u00ed kombinaci odpo\u010dinku na nekone\u010dn\u00fdch pl\u00e1\u017e\u00edch a pozn\u00e1v\u00e1n\u00ed kulturn\u00edho bohatstv\u00ed.&nbsp;<\/p>\n\n\n\n<p>Tunisko je vn\u00edm\u00e1no jako jedna z cenov\u011b nejdostupn\u011bj\u0161\u00edch alternativ k Evrop\u011b, p\u0159i\u010dem\u017e standard hotelov\u00fdch slu\u017eeb a bohat\u00e1 nab\u00eddka thalassoterapeutick\u00fdch procedur \u010dasto p\u0159ed\u010d\u00ed o\u010dek\u00e1v\u00e1n\u00ed. Je to perfektn\u00ed c\u00edl pro ty, kdo hledaj\u00ed odli\u0161nou kulturu a vyh\u0159\u00e1t\u00e9 mo\u0159e i v okrajov\u00fdch m\u011bs\u00edc\u00edch sez\u00f3ny.<\/p>\n\n\n\n<div class=\"wp-block-buttons is-content-justification-center is-layout-flex wp-container-core-buttons-is-layout-16018d1d wp-block-buttons-is-layout-flex\">\n<div class=\"wp-block-button\"><a class=\"wp-block-button__link has-vivid-red-background-color has-background has-normal-font-size has-custom-font-size wp-element-button\" href=\"https:\/\/www.tui.cz\/dovolena\/tunisko\/nabidky-leto\" target=\"_blank\" rel=\"noreferrer noopener\">Let\u011bt do Tuniska<\/a><\/div>\n<\/div>\n\n\n\n<p><\/p>\n\n\n\n<h2 class=\"wp-block-heading\"><strong>Kypr \u2013 ostrov propojuj\u00edc\u00ed kultury i klima<\/strong><\/h2>\n\n\n\n<figure class=\"wp-block-image size-full\"><img loading=\"lazy\" decoding=\"async\" width=\"1000\" height=\"668\" src=\"https:\/\/www.tui.cz\/blog\/wp-content\/uploads\/2026\/04\/Most-lasky-v-tyrkysovem-mori-v-oblasti-Ayia-Napa-na-Kypru.jpg\" alt=\"Most l\u00e1sky v tyrkysov\u00e9m mo\u0159i v oblasti Ayia Napa na Kypru\" class=\"wp-image-11273\" title=\"\" srcset=\"https:\/\/www.tui.cz\/blog\/wp-content\/uploads\/2026\/04\/Most-lasky-v-tyrkysovem-mori-v-oblasti-Ayia-Napa-na-Kypru.jpg 1000w, https:\/\/www.tui.cz\/blog\/wp-content\/uploads\/2026\/04\/Most-lasky-v-tyrkysovem-mori-v-oblasti-Ayia-Napa-na-Kypru-600x401.jpg 600w, https:\/\/www.tui.cz\/blog\/wp-content\/uploads\/2026\/04\/Most-lasky-v-tyrkysovem-mori-v-oblasti-Ayia-Napa-na-Kypru-768x513.jpg 768w, https:\/\/www.tui.cz\/blog\/wp-content\/uploads\/2026\/04\/Most-lasky-v-tyrkysovem-mori-v-oblasti-Ayia-Napa-na-Kypru-585x391.jpg 585w, https:\/\/www.tui.cz\/blog\/wp-content\/uploads\/2026\/04\/Most-lasky-v-tyrkysovem-mori-v-oblasti-Ayia-Napa-na-Kypru-263x175.jpg 263w\" sizes=\"auto, (max-width: 1000px) 100vw, 1000px\" \/><\/figure>\n\n\n\n<p><a href=\"https:\/\/www.tui.cz\/dovolena\/kypr\" target=\"_blank\" rel=\"noreferrer noopener\">Kypr<\/a> je destinace, kter\u00e1 v roce 2026 t\u011b\u017e\u00ed ze sv\u00e9 strategick\u00e9 polohy a nejdel\u0161\u00ed sez\u00f3ny vhodn\u00e9 ke koup\u00e1n\u00ed ve St\u0159edomo\u0159\u00ed. Tepl\u00e9 po\u010das\u00ed zde p\u0159etrv\u00e1v\u00e1 od \u010dasn\u00e9ho jara a\u017e do pozdn\u00edho podzimu. Ostrov nab\u00edz\u00ed fascinuj\u00edc\u00ed sm\u011bs \u0159eck\u00e9 a tureck\u00e9 kultury, modern\u00edch letovisek a divok\u00e9 p\u0159\u00edrody v poho\u0159\u00ed Troodos.<\/p>\n\n\n\n<p>Region Ayia Napa z\u016fst\u00e1v\u00e1 centrem z\u00e1bavy s vyhl\u00e1\u0161en\u00fdmi pl\u00e1\u017eemi jako Nissi Beach, zat\u00edmco sousedn\u00ed Protaras je o\u00e1zou klidu s pozvoln\u00fdm vstupem do mo\u0159e, co\u017e oce\u0148uj\u00ed zejm\u00e9na rodiny s d\u011btmi. Kypr je obl\u00edben\u00fd pro vysokou \u00farove\u0148 slu\u017eeb, \u0161irok\u00e9 roz\u0161\u00ed\u0159en\u00ed angli\u010dtiny a vynikaj\u00edc\u00ed v\u00fdb\u011br <a href=\"https:\/\/www.tui.cz\/dovolena\/kypr\/nabidky-hotely\" target=\"_blank\" rel=\"noreferrer noopener\">hotel\u016f TUI<\/a>. D\u00edky stabilit\u011b a kvalit\u011b je Kypr v roce 2026 dokonalou volbou pro ty, kdo vy\u017eaduj\u00ed komfort a bezpe\u010d\u00ed.<\/p>\n\n\n\n<div class=\"wp-block-buttons is-content-justification-center is-layout-flex wp-container-core-buttons-is-layout-16018d1d wp-block-buttons-is-layout-flex\">\n<div class=\"wp-block-button\"><a class=\"wp-block-button__link has-vivid-red-background-color has-background has-normal-font-size has-custom-font-size wp-element-button\" href=\"https:\/\/www.tui.cz\/dovolena\/kypr\/nabidky-leto\" target=\"_blank\" rel=\"noreferrer noopener\">Pod\u00edvat se na Kypr<\/a><\/div>\n<\/div>\n\n\n\n<p><\/p>\n\n\n\n<h2 class=\"wp-block-heading\"><strong>Jak rezervovat chyt\u0159e \u2013 strategie pro rok 2026<\/strong><\/h2>\n\n\n\n<p>Aby byla va\u0161e dovolen\u00e1 nejen p\u0159\u00edjemn\u00e1, ale i finan\u010dn\u011b v\u00fdhodn\u00e1, je d\u016fle\u017eit\u00e9 zn\u00e1t pravidla trhu pro sez\u00f3nu 2026. Spr\u00e1vn\u00e9 na\u010dasov\u00e1n\u00ed m\u016f\u017ee z\u00e1sadn\u011b ovlivnit celkov\u00e9 n\u00e1klady i dostupnost nejlep\u0161\u00edch pokoj\u016f. Velmi chytr\u00fdm tahem je volba vedlej\u0161\u00ed sez\u00f3ny \u2013 tedy obdob\u00ed v kv\u011btnu, \u010dervnu nebo z\u00e1\u0159\u00ed. V t\u011bchto m\u011bs\u00edc\u00edch je po\u010das\u00ed v destinac\u00edch jako Kypr nebo Tunisko mnohem snesiteln\u011bj\u0161\u00ed, pl\u00e1\u017ee jsou m\u00e9n\u011b p\u0159epln\u011bn\u00e9 a ceny v\u00fdrazn\u011b ni\u017e\u0161\u00ed.<\/p>\n\n\n\n<figure class=\"wp-block-image size-full\"><img loading=\"lazy\" decoding=\"async\" width=\"1000\" height=\"667\" src=\"https:\/\/www.tui.cz\/blog\/wp-content\/uploads\/2026\/04\/Malebna-plaz-s-bilymi-slunecniky-pruzracnym-morem-a-molem.jpg\" alt=\"Malebn\u00e1 pl\u00e1\u017e s b\u00edl\u00fdmi slune\u010dn\u00edky, pr\u016fzra\u010dn\u00fdm mo\u0159em a molem\" class=\"wp-image-11272\" title=\"\" srcset=\"https:\/\/www.tui.cz\/blog\/wp-content\/uploads\/2026\/04\/Malebna-plaz-s-bilymi-slunecniky-pruzracnym-morem-a-molem.jpg 1000w, https:\/\/www.tui.cz\/blog\/wp-content\/uploads\/2026\/04\/Malebna-plaz-s-bilymi-slunecniky-pruzracnym-morem-a-molem-600x400.jpg 600w, https:\/\/www.tui.cz\/blog\/wp-content\/uploads\/2026\/04\/Malebna-plaz-s-bilymi-slunecniky-pruzracnym-morem-a-molem-768x512.jpg 768w, https:\/\/www.tui.cz\/blog\/wp-content\/uploads\/2026\/04\/Malebna-plaz-s-bilymi-slunecniky-pruzracnym-morem-a-molem-585x390.jpg 585w, https:\/\/www.tui.cz\/blog\/wp-content\/uploads\/2026\/04\/Malebna-plaz-s-bilymi-slunecniky-pruzracnym-morem-a-molem-263x175.jpg 263w\" sizes=\"auto, (max-width: 1000px) 100vw, 1000px\" \/><\/figure>\n\n\n\n<p>Chcete-li p\u0159i n\u00e1kupu <a href=\"https:\/\/www.tui.cz\/dovolena\" target=\"_blank\" rel=\"noreferrer noopener\">dovolen\u00e9 s TUI<\/a> co nejv\u00edce u\u0161et\u0159it, vyplat\u00ed se pravideln\u011b sledovat nab\u00eddky p\u0159\u00edmo na webu a nastavit si cenov\u00e9 upozorn\u011bn\u00ed na p\u0159\u00edpadn\u00fd pokles cen u va\u0161ich favorit\u016f. Pro maxim\u00e1ln\u00ed klid p\u0159i pl\u00e1nov\u00e1n\u00ed v roce 2026 je ide\u00e1ln\u00ed vyu\u017e\u00edvat standardn\u011b nab\u00edzen\u00e9 mo\u017enosti flexibiln\u00edch rezervac\u00ed, d\u00edky nim\u017e m\u016f\u017eete v p\u0159\u00edpad\u011b pot\u0159eby pohodln\u011b zm\u011bnit term\u00edn nebo celou destinaci. V neposledn\u00ed \u0159ad\u011b se z finan\u010dn\u00edho hlediska t\u00e9m\u011b\u0159 v\u017edy vyplat\u00ed volit komplexn\u00ed bal\u00ed\u010dky zahrnuj\u00edc\u00ed letenku, ubytov\u00e1n\u00ed i transfer, proto\u017ee tato kombinace slu\u017eeb vych\u00e1z\u00ed u TUI v drtiv\u00e9 v\u011bt\u0161in\u011b p\u0159\u00edpad\u016f levn\u011bji ne\u017e jejich separ\u00e1tn\u00ed n\u00e1kup na vlastn\u00ed p\u011bst.<\/p>\n\n\n\n<p>V\u00fdb\u011br destinace pro rok 2026 je bohat\u0161\u00ed ne\u017e kdy d\u0159\u00edve. Alb\u00e1nie l\u00e1k\u00e1 na autenti\u010dnost, \u0158ecko na stabiln\u00ed kvalitu, Turecko na bezkonkuren\u010dn\u00ed All Inclusive, Tunisko na dostupnou exotiku a Kypr na nekone\u010dn\u00e9 l\u00e9to. S TUI m\u00e1te jistotu, \u017ee va\u0161e cesta bude bezpe\u010dn\u00e1 a profesion\u00e1ln\u011b zaji\u0161t\u011bn\u00e1. Ne\u010dekejte, a\u017e se nejlep\u0161\u00ed kapacity vyprodaj\u00ed, a za\u010dn\u011bte pl\u00e1novat svou vysn\u011bnou dovolenou u mo\u0159e ji\u017e nyn\u00ed.<\/p>\n","protected":false},"excerpt":{"rendered":"<p>Pl\u00e1nov\u00e1n\u00ed letn\u00edho odpo\u010dinku je pro mnoho z n\u00e1s vrcholem roku. S p\u0159\u00edchodem sez\u00f3ny 2026 se v\u0161ak m\u011bn\u00ed mapa obl\u00edben\u00fdch m\u00edst i zp\u016fsob, jak\u00fdm o cestov\u00e1n\u00ed p\u0159em\u00fd\u0161l\u00edme. Hled\u00e1me nejen k\u0159i\u0161\u0165\u00e1lov\u011b \u010distou&hellip;<\/p>\n","protected":false},"author":59,"featured_media":11278,"comment_status":"open","ping_status":"closed","sticky":false,"template":"","format":"standard","meta":{"_lmt_disableupdate":"","_lmt_disable":"","footnotes":""},"categories":[29,182],"tags":[],"class_list":["post-11271","post","type-post","status-publish","format-standard","has-post-thumbnail","hentry","category-poradenstvi","category-cestovani"],"home_img_url":"https:\/\/www.tui.cz\/blog\/wp-content\/uploads\/2026\/04\/Bily-domecek-s-modrou-lodickou-na-oblazkove-plazi-s-cistym-morem-585x390.jpg","home_img_alt":"B\u00edl\u00fd dome\u010dek s modrou lodi\u010dkou na obl\u00e1zkov\u00e9 pl\u00e1\u017ei s \u010dist\u00fdm mo\u0159em","_links":{"self":[{"href":"https:\/\/www.tui.cz\/blog\/wp-json\/wp\/v2\/posts\/11271","targetHints":{"allow":["GET"]}}],"collection":[{"href":"https:\/\/www.tui.cz\/blog\/wp-json\/wp\/v2\/posts"}],"about":[{"href":"https:\/\/www.tui.cz\/blog\/wp-json\/wp\/v2\/types\/post"}],"author":[{"embeddable":true,"href":"https:\/\/www.tui.cz\/blog\/wp-json\/wp\/v2\/users\/59"}],"replies":[{"embeddable":true,"href":"https:\/\/www.tui.cz\/blog\/wp-json\/wp\/v2\/comments?post=11271"}],"version-history":[{"count":3,"href":"https:\/\/www.tui.cz\/blog\/wp-json\/wp\/v2\/posts\/11271\/revisions"}],"predecessor-version":[{"id":11358,"href":"https:\/\/www.tui.cz\/blog\/wp-json\/wp\/v2\/posts\/11271\/revisions\/11358"}],"wp:featuredmedia":[{"embeddable":true,"href":"https:\/\/www.tui.cz\/blog\/wp-json\/wp\/v2\/media\/11278"}],"wp:attachment":[{"href":"https:\/\/www.tui.cz\/blog\/wp-json\/wp\/v2\/media?parent=11271"}],"wp:term":[{"taxonomy":"category","embeddable":true,"href":"https:\/\/www.tui.cz\/blog\/wp-json\/wp\/v2\/categories?post=11271"},{"taxonomy":"post_tag","embeddable":true,"href":"https:\/\/www.tui.cz\/blog\/wp-json\/wp\/v2\/tags?post=11271"}],"curies":[{"name":"wp","href":"https:\/\/api.w.org\/{rel}","templated":true}]}}