{"id":11288,"date":"2026-04-24T16:13:25","date_gmt":"2026-04-24T14:13:25","guid":{"rendered":"https:\/\/www.tui.cz\/blog\/?p=11288"},"modified":"2026-04-27T08:59:36","modified_gmt":"2026-04-27T06:59:36","slug":"nejkrasnejsi-plaze-v-alanyi","status":"publish","type":"post","link":"https:\/\/www.tui.cz\/blog\/nejkrasnejsi-plaze-v-alanyi\/","title":{"rendered":"Nejkr\u00e1sn\u011bj\u0161\u00ed pl\u00e1\u017ee v\u00a0Alanyi \u2013 kterou vybrat pro rodinnou dovolenou?"},"content":{"rendered":"\n<p>Alanya na <a href=\"https:\/\/www.tui.cz\/dovolena\/turecko\/turecka-riviera\" target=\"_blank\" rel=\"noreferrer noopener\">Tureck\u00e9 rivi\u00e9\u0159e<\/a> se t\u00e1hne pod\u00e9l sluncem zalit\u00e9ho tureck\u00e9ho pob\u0159e\u017e\u00ed St\u0159edozemn\u00edho mo\u0159e a rodin\u00e1m nab\u00edz\u00ed n\u011bco v\u00fdjime\u010dn\u00e9ho \u2013 \u0159adu pl\u00e1\u017e\u00ed ocen\u011bn\u00fdch Modrou vlajkou, kde jemn\u00fd zlat\u00fd p\u00edsek pozvolna p\u0159ech\u00e1z\u00ed do klidn\u00e9ho a m\u011blk\u00e9ho mo\u0159e. To p\u0159edstavuje bezpe\u010dn\u00e9 podm\u00ednky pro koup\u00e1n\u00ed i pro ty nejmen\u0161\u00ed, pro n\u011b\u017e jsou tyto pr\u00e1zdninov\u00e9 z\u00e1\u017eitky u mo\u0159e zcela nov\u00e9. S tak velk\u00fdm mno\u017estv\u00edm n\u00e1dhern\u00fdch \u00fasek\u016f pob\u0159e\u017e\u00ed v\u0161ak vyvst\u00e1v\u00e1 ot\u00e1zka: jak si vybrat ten prav\u00fd pro va\u0161e pot\u0159eby?\u00a0<\/p>\n\n\n\n<p>N\u00e1\u0161 pr\u016fvodce podrobn\u011b hodnot\u00ed nejlep\u0161\u00ed rodinn\u00e9 pl\u00e1\u017ee v Alanyi, porovn\u00e1v\u00e1 kvalitu p\u00edsku, hloubku vody, dostupn\u00e9 z\u00e1zem\u00ed i bl\u00edzk\u00e9 atrakce, abyste mohli vybrat perfektn\u00ed m\u00edsto, kter\u00e9 bude odpov\u00eddat p\u0159edstav\u00e1m va\u0161\u00ed rodiny o ide\u00e1ln\u00edm odpo\u010dinku. Pokud hled\u00e1te zp\u016fsob, jak si u\u017e\u00edt l\u00e9to naplno, <a href=\"https:\/\/www.tui.cz\/leto\" target=\"_blank\" rel=\"noreferrer noopener\">levn\u00e1 dovolen\u00e1 u mo\u0159e<\/a> v Alanyi je v roce 2026 s\u00e1zkou na jistotu.<\/p>\n\n\n\n<h2 class=\"wp-block-heading\"><strong>Kleopat\u0159ina pl\u00e1\u017e \u2013 legend\u00e1rn\u00ed zlat\u00fd klenot Alanye<\/strong><\/h2>\n\n\n\n<figure class=\"wp-block-image size-full\"><img loading=\"lazy\" decoding=\"async\" width=\"1000\" height=\"525\" src=\"https:\/\/www.tui.cz\/blog\/wp-content\/uploads\/2026\/04\/Nadherna-Kleopatrina-plaz-v-Alanyi-s-jemnym-piskem-a-zarive-modrou-vodou.jpg\" alt=\"N\u00e1dhern\u00e1 Kleopat\u0159ina pl\u00e1\u017e v Alanyi s jemn\u00fdm p\u00edskem a z\u00e1\u0159iv\u011b modrou vodou\" class=\"wp-image-11293\" title=\"\" srcset=\"https:\/\/www.tui.cz\/blog\/wp-content\/uploads\/2026\/04\/Nadherna-Kleopatrina-plaz-v-Alanyi-s-jemnym-piskem-a-zarive-modrou-vodou.jpg 1000w, https:\/\/www.tui.cz\/blog\/wp-content\/uploads\/2026\/04\/Nadherna-Kleopatrina-plaz-v-Alanyi-s-jemnym-piskem-a-zarive-modrou-vodou-600x315.jpg 600w, https:\/\/www.tui.cz\/blog\/wp-content\/uploads\/2026\/04\/Nadherna-Kleopatrina-plaz-v-Alanyi-s-jemnym-piskem-a-zarive-modrou-vodou-768x403.jpg 768w, https:\/\/www.tui.cz\/blog\/wp-content\/uploads\/2026\/04\/Nadherna-Kleopatrina-plaz-v-Alanyi-s-jemnym-piskem-a-zarive-modrou-vodou-585x307.jpg 585w\" sizes=\"auto, (max-width: 1000px) 100vw, 1000px\" \/><\/figure>\n\n\n\n<p>Nejslavn\u011bj\u0161\u00ed pl\u00e1\u017e v Alanyi a naprost\u00fd favorit v\u0161ech rodin je bezpochyby Kleopat\u0159ina pl\u00e1\u017e. Podle m\u00edstn\u00edch legend se zde koupala samotn\u00e1 egyptsk\u00e1 kr\u00e1lovna a p\u00edsek sem nechal dov\u00e9zt Marcus Antonius a\u017e z Nilu. Dnes je to m\u00edsto, kde se snoub\u00ed historie s prvot\u0159\u00eddn\u00edm komfortem. Jemn\u00fd zlatav\u00fd p\u00edsek, k\u0159i\u0161\u0165\u00e1lov\u011b \u010dist\u00e1 voda a pozvolna se sva\u017euj\u00edc\u00ed mo\u0159sk\u00e9 dno umo\u017e\u0148uj\u00ed d\u011btem bezpe\u010dn\u00e9 dov\u00e1d\u011bn\u00ed ve vln\u00e1ch. Jako \u00fachvatn\u00e1 kulisa se nad pl\u00e1\u017e\u00ed ty\u010d\u00ed Alanyjsk\u00e1 pevnost, kter\u00e1 nab\u00edz\u00ed nespo\u010det p\u0159\u00edle\u017eitost\u00ed pro kr\u00e1sn\u00e9 rodinn\u00e9 fotografie.<\/p>\n\n\n\n<p>Z\u00e1zem\u00ed je zde na \u0161pi\u010dkov\u00e9 \u00farovni. Set leh\u00e1tka a slune\u010dn\u00edku si m\u016f\u017eete pronajmout p\u0159ibli\u017en\u011b za 5\u201310 EUR, p\u0159i\u010dem\u017e komfort host\u016f zaji\u0161\u0165uj\u00ed sprchy, \u0161atny a \u010dist\u00e9 toalety, kter\u00e9 jsou rozm\u00edst\u011bny po cel\u00e9 d\u00e9lce pl\u00e1\u017ee. Pod\u00e9l pob\u0159e\u017e\u00ed se t\u00e1hne dlouh\u00e1 promen\u00e1da lemovan\u00e1 kav\u00e1rnami, restauracemi a st\u00e1nky se zmrzlinou, co\u017e je ide\u00e1ln\u00ed pro rychl\u00fd ob\u011bd nebo osv\u011b\u017een\u00ed. Pl\u00e1\u017e se py\u0161n\u00ed ocen\u011bn\u00edm Modr\u00e1 vlajka a garantuje tak vysokou kvalitu vody i p\u00edsku. Star\u0161\u00ed d\u011bti a teenage\u0159i zde ocen\u00ed \u0161irokou nab\u00eddku vodn\u00edch sport\u016f. Tato pl\u00e1\u017e je nejlep\u0161\u00ed pro rodiny, kter\u00e9 vy\u017eaduj\u00ed ve\u0161kerou ob\u010danskou vybavenost, mo\u017enosti stravov\u00e1n\u00ed a \u017eivou atmosf\u00e9ru v doch\u00e1zkov\u00e9 vzd\u00e1lenosti od hotelu.<\/p>\n\n\n\n<h2 class=\"wp-block-heading\"><strong>Pl\u00e1\u017e Keykubat \u2013 nejklidn\u011bj\u0161\u00ed mo\u0159e pro mal\u00e9 d\u011bti<\/strong><\/h2>\n\n\n\n<figure class=\"wp-block-image size-full\"><img loading=\"lazy\" decoding=\"async\" width=\"1000\" height=\"632\" src=\"https:\/\/www.tui.cz\/blog\/wp-content\/uploads\/2026\/04\/Plaz-Keykubat-na-Turecke-riviere-s-pohorim-Taurus-v-pozadi.jpg\" alt=\"Pl\u00e1\u017e Keykubat na Tureck\u00e9 rivi\u00e9\u0159e s poho\u0159\u00edm Taurus v pozad\u00ed\" class=\"wp-image-11292\" title=\"\" srcset=\"https:\/\/www.tui.cz\/blog\/wp-content\/uploads\/2026\/04\/Plaz-Keykubat-na-Turecke-riviere-s-pohorim-Taurus-v-pozadi.jpg 1000w, https:\/\/www.tui.cz\/blog\/wp-content\/uploads\/2026\/04\/Plaz-Keykubat-na-Turecke-riviere-s-pohorim-Taurus-v-pozadi-600x379.jpg 600w, https:\/\/www.tui.cz\/blog\/wp-content\/uploads\/2026\/04\/Plaz-Keykubat-na-Turecke-riviere-s-pohorim-Taurus-v-pozadi-768x485.jpg 768w, https:\/\/www.tui.cz\/blog\/wp-content\/uploads\/2026\/04\/Plaz-Keykubat-na-Turecke-riviere-s-pohorim-Taurus-v-pozadi-585x370.jpg 585w\" sizes=\"auto, (max-width: 1000px) 100vw, 1000px\" \/><\/figure>\n\n\n\n<p>Na v\u00fdchodn\u00ed stran\u011b poloostrova Alanya, nedaleko p\u0159\u00edstavu, se nach\u00e1z\u00ed pl\u00e1\u017e Keykubat. Tato lokalita nab\u00edz\u00ed v\u00fdjime\u010dn\u011b klidnou a m\u011blkou vodu, co\u017e jsou pravd\u011bpodobn\u011b nejbezpe\u010dn\u011bj\u0161\u00ed podm\u00ednky pro plav\u00e1n\u00ed v cel\u00e9 oblasti <a href=\"https:\/\/www.tui.cz\/blog\/alanya-turecko-objevte-krasy-turecke-riviery\/\" target=\"_blank\" rel=\"noreferrer noopener\">Alanye<\/a>. V\u00fdhledy na ikonickou \u010cervenou v\u011b\u017e a st\u0159edov\u011bkou lod\u011bnici dod\u00e1vaj\u00ed m\u00edstu historick\u00e9 kouzlo, kter\u00e9 nadchne dosp\u011bl\u00e9, zat\u00edmco si d\u011bti u\u017e\u00edvaj\u00ed mo\u0159e t\u00e9m\u011b\u0159 bez vln.<\/p>\n\n\n\n<p>P\u00edsek je zde o n\u011bco hrub\u0161\u00ed ne\u017e na Kleopat\u0159in\u011b pl\u00e1\u017ei a m\u00edsty se m\u00edch\u00e1 s drobn\u00fdmi kam\u00ednky, ale po\u010det n\u00e1v\u0161t\u011bvn\u00edk\u016f je znateln\u011b ni\u017e\u0161\u00ed. To d\u00e1v\u00e1 rodin\u00e1m v\u00edce soukrom\u00ed a prostoru pro stav\u011bn\u00ed hrad\u016f z p\u00edsku. Pron\u00e1jem leh\u00e1tek b\u00fdv\u00e1 v t\u00e9to \u010d\u00e1sti m\u011bsta o n\u011bco levn\u011bj\u0161\u00ed. Promen\u00e1da za pl\u00e1\u017e\u00ed je jako stvo\u0159en\u00e1 pro ve\u010dern\u00ed proch\u00e1zky s ko\u010d\u00e1rkem nebo zmrzlinou. Pl\u00e1\u017e Keykubat je rovn\u011b\u017e dr\u017eitelem Modr\u00e9 vlajky a je ide\u00e1ln\u00ed volbou pro rodiny s batolaty nebo neplavci, kte\u0159\u00ed up\u0159ednost\u0148uj\u00ed klidnou hladinu a celkov\u011b ti\u0161\u0161\u00ed podobu dovolen\u00e9.<\/p>\n\n\n\n<h2 class=\"wp-block-heading\"><strong>Pl\u00e1\u017e Incekum \u2013 jemn\u00fd p\u00edsek, borovicov\u00e9 lesy a poklidn\u00e9 z\u00e1kout\u00ed s&nbsp;komorn\u00ed atmosf\u00e9rou<\/strong><\/h2>\n\n\n\n<figure class=\"wp-block-image size-full\"><img loading=\"lazy\" decoding=\"async\" width=\"1000\" height=\"667\" src=\"https:\/\/www.tui.cz\/blog\/wp-content\/uploads\/2026\/04\/Plaz-Incekum-v-Alanyi-v-lete-obklopena-zeleni.jpg\" alt=\"Pl\u00e1\u017e Incekum v Alanyi v l\u00e9t\u011b obklopen\u00e1 zelen\u00ed\" class=\"wp-image-11291\" title=\"\" srcset=\"https:\/\/www.tui.cz\/blog\/wp-content\/uploads\/2026\/04\/Plaz-Incekum-v-Alanyi-v-lete-obklopena-zeleni.jpg 1000w, https:\/\/www.tui.cz\/blog\/wp-content\/uploads\/2026\/04\/Plaz-Incekum-v-Alanyi-v-lete-obklopena-zeleni-600x400.jpg 600w, https:\/\/www.tui.cz\/blog\/wp-content\/uploads\/2026\/04\/Plaz-Incekum-v-Alanyi-v-lete-obklopena-zeleni-768x512.jpg 768w, https:\/\/www.tui.cz\/blog\/wp-content\/uploads\/2026\/04\/Plaz-Incekum-v-Alanyi-v-lete-obklopena-zeleni-585x390.jpg 585w, https:\/\/www.tui.cz\/blog\/wp-content\/uploads\/2026\/04\/Plaz-Incekum-v-Alanyi-v-lete-obklopena-zeleni-263x175.jpg 263w\" sizes=\"auto, (max-width: 1000px) 100vw, 1000px\" \/><\/figure>\n\n\n\n<p>Incekum v ture\u010dtin\u011b doslova znamen\u00e1 \u201ejemn\u00fd p\u00edsek\u201c a tato pl\u00e1\u017e le\u017e\u00edc\u00ed asi 25 km z\u00e1padn\u011b od centra Alanye v oblasti Avsallar d\u011bl\u00e1 \u010dest sv\u00e9mu jm\u00e9nu. P\u00edsek je zde neuv\u011b\u0159iteln\u011b m\u011bkk\u00fd a jemn\u00fd, a to jak na sou\u0161i, tak pod hladinou. Mo\u0159e z\u016fst\u00e1v\u00e1 m\u011blk\u00e9 i des\u00edtky metr\u016f od b\u0159ehu, proto je pl\u00e1\u017e Incekum naprost\u00fd r\u00e1j pro mal\u00e9 d\u011bti, kter\u00e9 se zde mohou bezpe\u010dn\u011b brodit.<\/p>\n\n\n\n<p>Pl\u00e1\u017e je obklopena vo\u0148av\u00fdmi borovicov\u00fdmi lesy, d\u00edky \u010demu\u017e p\u016fsob\u00ed jako p\u0159\u00edrodn\u00ed \u00fato\u010di\u0161t\u011b daleko od m\u011bstsk\u00e9ho ruchu. K dispozici jsou zde vyhrazen\u00e9 prostory pro pikniky a grilov\u00e1n\u00ed, co\u017e mnoho rodin vyu\u017e\u00edv\u00e1 k celodenn\u00edm v\u00fdlet\u016fm do p\u0159\u00edrody. Kilometr dlouh\u00e9 pob\u0159e\u017e\u00ed nab\u00edz\u00ed bezplatn\u00e9 parkov\u00e1n\u00ed, kav\u00e1rny, sprchy i p\u0159evl\u00e9k\u00e1rny. Mimo hlavn\u00ed sez\u00f3nu v \u010dervenci a srpnu je zde v\u00fdrazn\u011bji m\u00e9n\u011b lid\u00ed ne\u017e na m\u011bstsk\u00fdch pl\u00e1\u017e\u00edch. Incekum doporu\u010dujeme rodin\u00e1m, kter\u00e9 hledaj\u00ed klidn\u011bj\u0161\u00ed den str\u00e1ven\u00fd v n\u00e1ru\u010d\u00ed p\u0159\u00edrody a preferuj\u00ed velmi jemn\u00fd p\u00edsek pro sv\u00e9 d\u011bti.<\/p>\n\n\n\n<h2 class=\"wp-block-heading\"><strong>Damlata\u015f, Avsallar a dal\u0161\u00ed pl\u00e1\u017ee vhodn\u00e9 pro rodiny<\/strong><\/h2>\n\n\n\n<figure class=\"wp-block-image size-full\"><img loading=\"lazy\" decoding=\"async\" width=\"1002\" height=\"564\" src=\"https:\/\/www.tui.cz\/blog\/wp-content\/uploads\/2026\/04\/Pohled-na-plaz-Avsallar-v-Alanyi-pri-zapadu-slunce.jpg\" alt=\"Pohled na pl\u00e1\u017e Avsallar v Alanyi p\u0159i z\u00e1padu slunce\" class=\"wp-image-11290\" title=\"\" srcset=\"https:\/\/www.tui.cz\/blog\/wp-content\/uploads\/2026\/04\/Pohled-na-plaz-Avsallar-v-Alanyi-pri-zapadu-slunce.jpg 1002w, https:\/\/www.tui.cz\/blog\/wp-content\/uploads\/2026\/04\/Pohled-na-plaz-Avsallar-v-Alanyi-pri-zapadu-slunce-600x338.jpg 600w, https:\/\/www.tui.cz\/blog\/wp-content\/uploads\/2026\/04\/Pohled-na-plaz-Avsallar-v-Alanyi-pri-zapadu-slunce-768x432.jpg 768w, https:\/\/www.tui.cz\/blog\/wp-content\/uploads\/2026\/04\/Pohled-na-plaz-Avsallar-v-Alanyi-pri-zapadu-slunce-585x329.jpg 585w\" sizes=\"auto, (max-width: 1002px) 100vw, 1002px\" \/><\/figure>\n\n\n\n<p>Krom\u011b v\u00fd\u0161e zm\u00edn\u011bn\u00fdch hlavn\u00edch pl\u00e1\u017e\u00ed stoj\u00ed za pozornost i n\u011bkolik dal\u0161\u00edch m\u00edst, kter\u00e1 jsou pro rodiny velmi vhodn\u00e1 a nab\u00edzej\u00ed specifick\u00e9 v\u00fdhody:<\/p>\n\n\n\n<ul class=\"wp-block-list\">\n<li><strong>Pl\u00e1\u017e Damlata\u015f:<\/strong> Kompaktn\u00ed p\u00eds\u010dit\u00fd \u00fasek p\u0159\u00edmo vedle slavn\u00e9 jeskyn\u011b Damlata\u015f (zn\u00e1m\u00e9 sv\u00fdm l\u00e9\u010div\u00fdm vzduchem). M\u00e1 Modrou vlajku, velmi pozvoln\u00fd vstup do vody a je obl\u00edben\u00e1 mezi turisty i u m\u00edstn\u00edch obyvatel.<\/li>\n\n\n\n<li><strong>Pl\u00e1\u017e Avsallar: <\/strong>Tato pl\u00e1\u017e se py\u0161n\u00ed naprosto \u010distou vodou a prakticky nulov\u00fdmi vlnami. Je ide\u00e1ln\u00ed pro d\u011bti, kter\u00e9 se u\u010d\u00ed plavat, a nab\u00edz\u00ed p\u0159\u00edjemn\u00e9 stinn\u00e9 z\u00f3ny pod stromy pro rodinn\u00e9 grilov\u00e1n\u00ed.<\/li>\n\n\n\n<li><strong>Pl\u00e1\u017e Portakal: <\/strong>Nach\u00e1z\u00ed se ve \u010dtvrti Oba. Je to dob\u0159e vybaven\u00e1 pl\u00e1\u017e s klidnou m\u011blkou vodou a v jej\u00ed t\u011bsn\u00e9 bl\u00edzkosti najdete d\u011btsk\u00e1 h\u0159i\u0161t\u011b, co\u017e je ide\u00e1ln\u00ed pro kombinaci koup\u00e1n\u00ed a hran\u00ed.<\/li>\n\n\n\n<li><strong>Pl\u00e1\u017ee T\u00fcrkler a Konakl\u0131:<\/strong> Le\u017e\u00ed d\u00e1le na z\u00e1pad, maj\u00ed sp\u00ed\u0161e lok\u00e1ln\u00ed charakter a jsou klidn\u011bj\u0161\u00ed. Najdete zde i skalnat\u011bj\u0161\u00ed \u00faseky, kter\u00e9 jsou skv\u011bl\u00e9 pro \u0161norchlov\u00e1n\u00ed se star\u0161\u00edmi d\u011btmi, je\u017e cht\u011bj\u00ed objevovat podmo\u0159sk\u00fd \u017eivot.<\/li>\n<\/ul>\n\n\n\n<h2 class=\"wp-block-heading\"><strong>Co o\u010dek\u00e1vat na pl\u00e1\u017e\u00edch v&nbsp;Alanyi \u2013 kvalita Modr\u00e9 vlajky, bezpe\u010dnost a dal\u0161\u00ed<\/strong><\/h2>\n\n\n\n<p>Co vlastn\u011b znamen\u00e1 ocen\u011bn\u00ed Modrou vlajkou pro va\u0161i rodinu? Je to mezin\u00e1rodn\u00ed z\u00e1ruka, \u017ee voda proch\u00e1z\u00ed pravideln\u00fdmi testy kvality, pl\u00e1\u017ee jsou udr\u017eov\u00e1ny v \u010distot\u011b a slu\u017eby odpov\u00eddaj\u00ed vysok\u00e9mu standardu. B\u011bhem hlavn\u00ed <a href=\"https:\/\/www.tui.cz\/dovolena\/turecko\/nabidky-leto\" target=\"_blank\" rel=\"noreferrer noopener\">letn\u00ed sez\u00f3ny v Turecku<\/a> jsou na pl\u00e1\u017e\u00edch p\u0159\u00edtomni vy\u0161kolen\u00ed plav\u010d\u00edci. Pro koup\u00e1n\u00ed jsou vyhrazeny zvl\u00e1\u0161tn\u00ed z\u00f3ny, kter\u00e9 odd\u011bluj\u00ed plavce od motorov\u00fdch \u010dlun\u016f a sk\u00fatr\u016f, \u010d\u00edm\u017e zvy\u0161uj\u00ed bezpe\u010dnost koup\u00e1n\u00ed. Samoz\u0159ejmost\u00ed jsou i p\u0159\u00edstupn\u00e9 sprchy, toalety a p\u0159evl\u00e9k\u00e1rny.<\/p>\n\n\n\n<p>V\u011bt\u0161ina pl\u00e1\u017e\u00ed v Alanyi m\u00e1 voln\u00fd vstup. Plat\u00edte pouze v p\u0159\u00edpad\u011b, \u017ee si chcete pronajmout leh\u00e1tka a slune\u010dn\u00edky. Ceny se obvykle pohybuj\u00ed mezi 5 a 10 EUR za set na den. Pod\u00e9l cel\u00e9ho pob\u0159e\u017e\u00ed jsou k dispozici rodinn\u00e9 resorty s vlastn\u00edmi pl\u00e1\u017eov\u00fdmi \u00faseky, d\u011btsk\u00fdmi kluby a <a href=\"https:\/\/www.tui.cz\/dovolena\/turecko\/nabidky-all-inclusive\" target=\"_blank\" rel=\"noreferrer noopener\">All Inclusive<\/a> slu\u017ebami, kter\u00e9 rodin\u00e1m v\u00fdrazn\u011b usnad\u0148uj\u00ed organizaci dne.<\/p>\n\n\n\n<p><strong>Tip: <\/strong>P\u0159i pl\u00e1nov\u00e1n\u00ed dovolen\u00e9 v roce 2026 nezapom\u00ednejte na ochranu p\u0159ed sluncem. UV index na st\u0159edomo\u0159sk\u00e9m pob\u0159e\u017e\u00ed Turecka dosahuje sv\u00e9ho maxima v \u010dervenci a srpnu. Doporu\u010dujeme pou\u017e\u00edvat kvalitn\u00ed opalovac\u00ed kr\u00e9my a vyh\u00fdbat se p\u0159\u00edm\u00e9mu slunci v poledn\u00edch hodin\u00e1ch.&nbsp;<\/p>\n\n\n\n<h2 class=\"wp-block-heading\"><strong>Co d\u011blat s d\u011btmi mimo pl\u00e1\u017e v Alanyi \u2013 rodinn\u00e9 v\u00fdlety<\/strong><\/h2>\n\n\n\n<p>A\u017e budou m\u00edt mal\u00ed stavitel\u00e9 hrad\u016f z p\u00edsku chu\u0165 na zm\u011bnu, m\u016f\u017eete vyu\u017e\u00edt skv\u011bl\u00e9 mo\u017enosti Alanye a vyrazit za objevov\u00e1n\u00edm historie a p\u0159\u00edrody:<\/p>\n\n\n\n<ul class=\"wp-block-list\">\n<li><strong>Alanyjsk\u00e1 pevnost: <\/strong>M\u016f\u017eete se vydat na proch\u00e1zku po historick\u00fdch hradb\u00e1ch s panoramatick\u00fdmi v\u00fdhledy. Pro d\u011bti je obrovsk\u00fdm z\u00e1\u017eitkem cesta lanovkou (Teleferik), kter\u00e1 vede z bl\u00edzkosti Kleopat\u0159iny pl\u00e1\u017ee a\u017e k pevnosti.<\/li>\n\n\n\n<li><strong>Jeskyn\u011b Damlata\u015f: <\/strong>Chladn\u00e9 podzemn\u00ed prostory s \u00fachvatn\u00fdmi stalaktity se t\u011b\u0161\u00ed velk\u00e9 oblib\u011b u mal\u00fdch pr\u016fzkumn\u00edk\u016f. Nav\u00edc je zde po cel\u00fd rok st\u00e1l\u00e1 teplota kolem 22 \u00b0C, co\u017e je p\u0159\u00edjemn\u00e9 osv\u011b\u017een\u00ed v hork\u00e9m dni.<\/li>\n\n\n\n<li><strong>Jeskyn\u011b Dim: <\/strong>Nach\u00e1z\u00ed se 12 km od centra a ukr\u00fdv\u00e1 stalaktity a podzemn\u00ed jezero v obrovsk\u00fdch prostor\u00e1ch.<\/li>\n\n\n\n<li><strong>Ka\u0148on Sapadere: <\/strong>D\u0159ev\u011bn\u00e1 l\u00e1vka vedouc\u00ed skrze bujnou sout\u011bsku s vodop\u00e1dy nab\u00edz\u00ed osv\u011b\u017een\u00ed a je to perfektn\u00ed p\u016fldenn\u00ed rodinn\u00e9 dobrodru\u017estv\u00ed.<\/li>\n\n\n\n<li><strong>Sealanya Dolphin Park &amp; Sea Park:<\/strong> Show s delf\u00edny a lachtany nebo \u0161norchlov\u00e1n\u00ed s tropick\u00fdmi rybami v bezpe\u010dn\u00e9m prost\u0159ed\u00ed.<\/li>\n\n\n\n<li><strong>V\u00fdlety lod\u00ed z p\u0159\u00edstavu:<\/strong> Plavby na lod\u00edch v pir\u00e1tsk\u00e9m stylu jsou u d\u011bt\u00ed nesm\u00edrn\u011b obl\u00edben\u00e9. \u010casto zahrnuj\u00ed anima\u010dn\u00ed program, ob\u011bd na palub\u011b a zast\u00e1vky na koup\u00e1n\u00ed v odlehl\u00fdch z\u00e1tok\u00e1ch pod\u00e9l pob\u0159e\u017e\u00ed.<\/li>\n<\/ul>\n\n\n\n<figure class=\"wp-block-image size-full\"><img loading=\"lazy\" decoding=\"async\" width=\"1000\" height=\"667\" src=\"https:\/\/www.tui.cz\/blog\/wp-content\/uploads\/2026\/04\/Kanon-Sapadere-v-Turecku-s-mostem-pres-reku-a-skalami.jpg\" alt=\"Ka\u0148on Sapadere v Turecku s mostem p\u0159es \u0159eku a sk\u00e1lami\" class=\"wp-image-11289\" title=\"\" srcset=\"https:\/\/www.tui.cz\/blog\/wp-content\/uploads\/2026\/04\/Kanon-Sapadere-v-Turecku-s-mostem-pres-reku-a-skalami.jpg 1000w, https:\/\/www.tui.cz\/blog\/wp-content\/uploads\/2026\/04\/Kanon-Sapadere-v-Turecku-s-mostem-pres-reku-a-skalami-600x400.jpg 600w, https:\/\/www.tui.cz\/blog\/wp-content\/uploads\/2026\/04\/Kanon-Sapadere-v-Turecku-s-mostem-pres-reku-a-skalami-768x512.jpg 768w, https:\/\/www.tui.cz\/blog\/wp-content\/uploads\/2026\/04\/Kanon-Sapadere-v-Turecku-s-mostem-pres-reku-a-skalami-585x390.jpg 585w, https:\/\/www.tui.cz\/blog\/wp-content\/uploads\/2026\/04\/Kanon-Sapadere-v-Turecku-s-mostem-pres-reku-a-skalami-263x175.jpg 263w\" sizes=\"auto, (max-width: 1000px) 100vw, 1000px\" \/><\/figure>\n\n\n\n<p>Alanya v roce 2026 z\u016fst\u00e1v\u00e1 jednou z nejlep\u0161\u00edch destinac\u00ed pro rodinnou dovolenou d\u00edky sv\u00e9 jedine\u010dn\u00e9 kombinaci kr\u00e1sn\u00fdch pl\u00e1\u017e\u00ed, bezpe\u010dn\u00fdch podm\u00ednek pro d\u011bti a \u0161irok\u00e9 nab\u00eddky aktivit. Ka\u017ed\u00e1 pl\u00e1\u017e m\u00e1 sv\u00e9 specifick\u00e9 v\u00fdhody. A\u0165 u\u017e hled\u00e1te ru\u0161n\u011bj\u0161\u00ed prost\u0159ed\u00ed s komplexn\u00edmi slu\u017ebami, nebo klidn\u011bj\u0161\u00ed m\u00edsto v p\u0159\u00edrod\u011b, v Alanyi si vyberete. Va\u0161e dovolen\u00e1 bude pln\u00e1 odpo\u010dinku, slunce a spole\u010dn\u00fdch z\u00e1\u017eitk\u016f, na kter\u00e9 budete r\u00e1di vzpom\u00ednat.<\/p>\n\n\n\n<div class=\"wp-block-buttons is-content-justification-center is-layout-flex wp-container-core-buttons-is-layout-16018d1d wp-block-buttons-is-layout-flex\">\n<div class=\"wp-block-button\"><a class=\"wp-block-button__link has-vivid-red-background-color has-background has-normal-font-size has-custom-font-size wp-element-button\" href=\"https:\/\/www.tui.cz\/dovolena\/turecko\/turecka-riviera\/nabidky-hotely\" target=\"_blank\" rel=\"noreferrer noopener\">Vybrat dovolenou na Tureck\u00e9 rivi\u00e9\u0159e<\/a><\/div>\n<\/div>\n","protected":false},"excerpt":{"rendered":"<p>Alanya na Tureck\u00e9 rivi\u00e9\u0159e se t\u00e1hne pod\u00e9l sluncem zalit\u00e9ho tureck\u00e9ho pob\u0159e\u017e\u00ed St\u0159edozemn\u00edho mo\u0159e a rodin\u00e1m nab\u00edz\u00ed n\u011bco v\u00fdjime\u010dn\u00e9ho \u2013 \u0159adu pl\u00e1\u017e\u00ed ocen\u011bn\u00fdch Modrou vlajkou, kde jemn\u00fd zlat\u00fd p\u00edsek pozvolna p\u0159ech\u00e1z\u00ed&hellip;<\/p>\n","protected":false},"author":59,"featured_media":11294,"comment_status":"open","ping_status":"closed","sticky":false,"template":"","format":"standard","meta":{"_lmt_disableupdate":"","_lmt_disable":"","footnotes":""},"categories":[182],"tags":[],"class_list":["post-11288","post","type-post","status-publish","format-standard","has-post-thumbnail","hentry","category-cestovani"],"home_img_url":"https:\/\/www.tui.cz\/blog\/wp-content\/uploads\/2026\/04\/Zapad-slunce-nad-Kleopatrinou-plazi-se-stopami-v-pisku-585x390.jpg","home_img_alt":"Z\u00e1pad slunce nad Kleopat\u0159inou pl\u00e1\u017e\u00ed se stopami v p\u00edsku","_links":{"self":[{"href":"https:\/\/www.tui.cz\/blog\/wp-json\/wp\/v2\/posts\/11288","targetHints":{"allow":["GET"]}}],"collection":[{"href":"https:\/\/www.tui.cz\/blog\/wp-json\/wp\/v2\/posts"}],"about":[{"href":"https:\/\/www.tui.cz\/blog\/wp-json\/wp\/v2\/types\/post"}],"author":[{"embeddable":true,"href":"https:\/\/www.tui.cz\/blog\/wp-json\/wp\/v2\/users\/59"}],"replies":[{"embeddable":true,"href":"https:\/\/www.tui.cz\/blog\/wp-json\/wp\/v2\/comments?post=11288"}],"version-history":[{"count":1,"href":"https:\/\/www.tui.cz\/blog\/wp-json\/wp\/v2\/posts\/11288\/revisions"}],"predecessor-version":[{"id":11295,"href":"https:\/\/www.tui.cz\/blog\/wp-json\/wp\/v2\/posts\/11288\/revisions\/11295"}],"wp:featuredmedia":[{"embeddable":true,"href":"https:\/\/www.tui.cz\/blog\/wp-json\/wp\/v2\/media\/11294"}],"wp:attachment":[{"href":"https:\/\/www.tui.cz\/blog\/wp-json\/wp\/v2\/media?parent=11288"}],"wp:term":[{"taxonomy":"category","embeddable":true,"href":"https:\/\/www.tui.cz\/blog\/wp-json\/wp\/v2\/categories?post=11288"},{"taxonomy":"post_tag","embeddable":true,"href":"https:\/\/www.tui.cz\/blog\/wp-json\/wp\/v2\/tags?post=11288"}],"curies":[{"name":"wp","href":"https:\/\/api.w.org\/{rel}","templated":true}]}}