{"id":11296,"date":"2026-04-26T11:55:06","date_gmt":"2026-04-26T09:55:06","guid":{"rendered":"https:\/\/www.tui.cz\/blog\/?p=11296"},"modified":"2026-04-23T10:04:00","modified_gmt":"2026-04-23T08:04:00","slug":"mallorca-ibiza-nebo-kanarske-ostrovy","status":"publish","type":"post","link":"https:\/\/www.tui.cz\/blog\/mallorca-ibiza-nebo-kanarske-ostrovy\/","title":{"rendered":"Mallorca, Ibiza nebo Kan\u00e1rsk\u00e9 ostrovy \u2013 kter\u00fd \u0161pan\u011blsk\u00fd ostrov si vybrat?"},"content":{"rendered":"\n<p>\u0160pan\u011blsk\u00e9 ostrovy pat\u0159\u00ed dlouhodob\u011b mezi nejobl\u00edben\u011bj\u0161\u00ed dovolenkov\u00e9 destinace v Evrop\u011b, ale vybrat si ten prav\u00fd m\u016f\u017ee b\u00fdt p\u0159ekvapiv\u011b slo\u017eit\u00e9. Ka\u017ed\u00e9 z t\u011bchto m\u00edst toti\u017e nab\u00edz\u00ed zcela jin\u00fd typ z\u00e1\u017eitku. Rodinn\u00e1 a v\u0161estrann\u00e1 Mallorca, stylov\u00e1 a nespoutan\u00e1 Ibiza nebo slune\u010dn\u00e9 <a href=\"https:\/\/www.tui.cz\/dovolena\/kanarske-ostrovy\" target=\"_blank\" rel=\"noreferrer noopener\">Kan\u00e1rsk\u00e9 ostrovy<\/a> s dramatickou sope\u010dnou krajinou \u2013 ka\u017ed\u00e1 destinace m\u00e1 sv\u00e9 specifick\u00e9 kouzlo.&nbsp;<\/p>\n\n\n\n<p>Tento srovn\u00e1vac\u00ed pr\u016fvodce detailn\u011b rozeb\u00edr\u00e1 kvalitu pl\u00e1\u017e\u00ed, klima, celkovou atmosf\u00e9ru, logistiku let\u016f i cenovou hladinu v\u0161ech t\u0159\u00ed variant, abyste mohli p\u0159estat jen prohl\u00ed\u017eet katalogy a za\u010dali s jistotou pl\u00e1novat pobyt, kter\u00fd skute\u010dn\u011b sedne va\u0161emu stylu cestov\u00e1n\u00ed. A\u0165 u\u017e je va\u0161\u00edm c\u00edlem rodinn\u00fd odpo\u010dinek nebo zimn\u00ed \u00fanik za teplem, n\u00e1sleduj\u00edc\u00ed \u0159\u00e1dky v\u00e1m usnadn\u00ed volbu mezi t\u011bmito \u00fachvatn\u00fdmi ostrovy <a href=\"https:\/\/www.tui.cz\/dovolena\/spanelsko\" target=\"_blank\" rel=\"noreferrer noopener\">\u0160pan\u011blska<\/a>.<\/p>\n\n\n\n<h2 class=\"wp-block-heading\"><strong>Mallorca \u2013 univerz\u00e1ln\u00ed ostrov, kter\u00fd m\u00e1 co nab\u00eddnout ka\u017ed\u00e9 rodin\u011b<\/strong><\/h2>\n\n\n\n<figure class=\"wp-block-image size-full\"><img loading=\"lazy\" decoding=\"async\" width=\"1000\" height=\"668\" src=\"https:\/\/www.tui.cz\/blog\/wp-content\/uploads\/2026\/04\/Plaz-Playa-de-Formentor-na-Mallorce-s-bilym-piskem-a-kristalove-cistym-morem.jpg\" alt=\"Pl\u00e1\u017e Playa de Formentor na Mallorce s b\u00edl\u00fdm p\u00edskem a k\u0159i\u0161\u0165\u00e1lov\u011b \u010dist\u00fdm mo\u0159em\" class=\"wp-image-11298\" title=\"\" srcset=\"https:\/\/www.tui.cz\/blog\/wp-content\/uploads\/2026\/04\/Plaz-Playa-de-Formentor-na-Mallorce-s-bilym-piskem-a-kristalove-cistym-morem.jpg 1000w, https:\/\/www.tui.cz\/blog\/wp-content\/uploads\/2026\/04\/Plaz-Playa-de-Formentor-na-Mallorce-s-bilym-piskem-a-kristalove-cistym-morem-600x401.jpg 600w, https:\/\/www.tui.cz\/blog\/wp-content\/uploads\/2026\/04\/Plaz-Playa-de-Formentor-na-Mallorce-s-bilym-piskem-a-kristalove-cistym-morem-768x513.jpg 768w, https:\/\/www.tui.cz\/blog\/wp-content\/uploads\/2026\/04\/Plaz-Playa-de-Formentor-na-Mallorce-s-bilym-piskem-a-kristalove-cistym-morem-585x391.jpg 585w, https:\/\/www.tui.cz\/blog\/wp-content\/uploads\/2026\/04\/Plaz-Playa-de-Formentor-na-Mallorce-s-bilym-piskem-a-kristalove-cistym-morem-263x175.jpg 263w\" sizes=\"auto, (max-width: 1000px) 100vw, 1000px\" \/><\/figure>\n\n\n\n<p><a href=\"https:\/\/www.tui.cz\/dovolena\/spanelsko\/mallorca\" target=\"_blank\" rel=\"noreferrer noopener\">Mallorca<\/a>, nejv\u011bt\u0161\u00ed z Bale\u00e1rsk\u00fdch ostrov\u016f, je pr\u00e1vem pova\u017eov\u00e1na za jednu z nejv\u0161estrann\u011bj\u0161\u00edch destinac\u00ed v cel\u00e9m St\u0159edomo\u0159\u00ed. Mistrn\u011b kombinuje zlatav\u00e9 pl\u00e1\u017ee s azurovou vodou a dechberouc\u00ed p\u0159\u00edrodu s bohatou histori\u00ed. Mezi nejvyhl\u00e1\u0161en\u011bj\u0161\u00ed pl\u00e1\u017ee pat\u0159\u00ed Es Trenc s b\u00edl\u00fdm p\u00edskem, Cala Millor nebo rozlehl\u00fd z\u00e1liv Alc\u00fadia, kter\u00e9 d\u00edky pozvoln\u00e9mu vstupu do mo\u0159e p\u0159edstavuj\u00ed bezpe\u010dn\u00e9 podm\u00ednky pro koup\u00e1n\u00ed i pro ty nejmen\u0161\u00ed, kte\u0159\u00ed se v m\u011blk\u00fdch vod\u00e1ch teprve za\u010d\u00ednaj\u00ed osm\u011blovat.<\/p>\n\n\n\n<p>Krom\u011b pob\u0159e\u017e\u00ed v\u0161ak ostrov nab\u00edz\u00ed i drsn\u00e9 poho\u0159\u00ed Serra de Tramuntana zapsan\u00e9 na seznamu sv\u011btov\u00e9ho d\u011bdictv\u00ed UNESCO, kter\u00e9 je protk\u00e1no turistick\u00fdmi stezkami a malebn\u00fdmi horsk\u00fdmi vesni\u010dkami. Hlavn\u00ed m\u011bsto Palma de Mallorca l\u00e1k\u00e1 na svou kosmopolitn\u00ed atmosf\u00e9ru, gotickou katedr\u00e1lu La Seu a restaurace ocen\u011bn\u00e9 michelinskou hv\u011bzdou.&nbsp;<\/p>\n\n\n\n<p>Pro rodiny je dovolen\u00e1 na Mallorce naprostou jedni\u010dkou i d\u00edky atrakc\u00edm, jako jsou aquaparky <a href=\"https:\/\/www.tui.cz\/vylety\/mallorca\/aqualand-waterpark-s-dopravou-93338?dateFrom=2026-04-22&amp;dateTo=2026-10-31&amp;pm_source=Vylety-SG&amp;pm_name=S26_TOP_mallorca\" target=\"_blank\" rel=\"noreferrer noopener\">Aqualand El Arenal<\/a> a <a href=\"https:\/\/www.tui.cz\/vylety\/mallorca\/vstup-do-western-water-parku-s-dopravou-93339?dateFrom=2026-04-22&amp;dateTo=2026-10-31&amp;pm_source=Vylety-SG&amp;pm_name=S26_TOP_mallorca\" target=\"_blank\" rel=\"noreferrer noopener\">Western Water Park<\/a>, nebo <a href=\"https:\/\/www.tui.cz\/vylety\/mallorca\/puldenni-prohlidka-dracich-jeskyni-a-tovarny-na-perly-s-cesky-mluvicim-pruvodcem-2-480365?dateFrom=2026-04-22&amp;dateTo=2026-10-31&amp;pm_source=Vylety-SG&amp;pm_name=S26_TOP_mallorca\" target=\"_blank\" rel=\"noreferrer noopener\">Dra\u010d\u00ed jeskyn\u011b<\/a> s unik\u00e1tn\u00edm podzemn\u00edm jezerem a koncertem klasick\u00e9 hudby na lodi\u010dk\u00e1ch. Milovn\u00edci nostalgie by nem\u011bli vynechat j\u00edzdu historick\u00fdm d\u0159ev\u011bn\u00fdm vl\u00e1\u010dkem ze S\u00f3lleru skrze pomeran\u010dov\u00e9 h\u00e1je.&nbsp;<\/p>\n\n\n\n<p>Ostrov disponuje \u0161irokou \u0161k\u00e1lou <a href=\"https:\/\/www.tui.cz\/dovolena\/spanelsko\/mallorca\/nabidky-all-inclusive\" target=\"_blank\" rel=\"noreferrer noopener\">All Inclusive<\/a> rodinn\u00fdch resort\u016f, kde komplexn\u00ed z\u00e1zem\u00ed zaji\u0161\u0165uje maxim\u00e1ln\u00ed komfort. Hlavn\u00ed sez\u00f3na zde trv\u00e1 od kv\u011btna do \u0159\u00edjna, p\u0159i\u010dem\u017e let z Prahy trv\u00e1 p\u0159ibli\u017en\u011b 2,5 hodiny.<\/p>\n\n\n\n<div class=\"wp-block-buttons is-content-justification-center is-layout-flex wp-container-core-buttons-is-layout-16018d1d wp-block-buttons-is-layout-flex\">\n<div class=\"wp-block-button\"><a class=\"wp-block-button__link has-vivid-red-background-color has-background has-normal-font-size has-custom-font-size wp-element-button\" href=\"https:\/\/www.tui.cz\/dovolena\/spanelsko\/mallorca\/nabidky-hotely\" target=\"_blank\" rel=\"noreferrer noopener\">Vybrat hotel na Mallorce<\/a><\/div>\n<\/div>\n\n\n\n<p><\/p>\n\n\n\n<h2 class=\"wp-block-heading\"><strong>Ibiza \u2013 za hranicemi klub\u016f: luxus, wellness a skryt\u00e9 z\u00e1toky<\/strong><\/h2>\n\n\n\n<figure class=\"wp-block-image size-full\"><img loading=\"lazy\" decoding=\"async\" width=\"1000\" height=\"668\" src=\"https:\/\/www.tui.cz\/blog\/wp-content\/uploads\/2026\/04\/Plaz-Cala-dHort-na-Ibize-se-slamenymi-slunecniky-zeleni-a-modrym-morem.jpg\" alt=\"Pl\u00e1\u017e Cala d\u2019Hort na Ibize se slam\u011bn\u00fdmi slune\u010dn\u00edky, zelen\u00ed a modr\u00fdm mo\u0159em\" class=\"wp-image-11301\" title=\"\" srcset=\"https:\/\/www.tui.cz\/blog\/wp-content\/uploads\/2026\/04\/Plaz-Cala-dHort-na-Ibize-se-slamenymi-slunecniky-zeleni-a-modrym-morem.jpg 1000w, https:\/\/www.tui.cz\/blog\/wp-content\/uploads\/2026\/04\/Plaz-Cala-dHort-na-Ibize-se-slamenymi-slunecniky-zeleni-a-modrym-morem-600x401.jpg 600w, https:\/\/www.tui.cz\/blog\/wp-content\/uploads\/2026\/04\/Plaz-Cala-dHort-na-Ibize-se-slamenymi-slunecniky-zeleni-a-modrym-morem-768x513.jpg 768w, https:\/\/www.tui.cz\/blog\/wp-content\/uploads\/2026\/04\/Plaz-Cala-dHort-na-Ibize-se-slamenymi-slunecniky-zeleni-a-modrym-morem-585x391.jpg 585w, https:\/\/www.tui.cz\/blog\/wp-content\/uploads\/2026\/04\/Plaz-Cala-dHort-na-Ibize-se-slamenymi-slunecniky-zeleni-a-modrym-morem-263x175.jpg 263w\" sizes=\"auto, (max-width: 1000px) 100vw, 1000px\" \/><\/figure>\n\n\n\n<p>Pov\u011bst <a href=\"https:\/\/www.tui.cz\/dovolena\/spanelsko\/ibiza\" target=\"_blank\" rel=\"noreferrer noopener\">Ibizy<\/a> jako sv\u011btov\u00e9ho hlavn\u00edho m\u011bsta no\u010dn\u00edho \u017eivota je sice zcela zaslou\u017een\u00e1, av\u0161ak ostrov se v posledn\u00edch letech \u00fasp\u011b\u0161n\u011b prom\u011bnil v luxusn\u00ed destinaci, kter\u00e1 nab\u00edz\u00ed mnohem v\u00edc ne\u017e jen nespoutan\u00e9 ve\u010d\u00edrky. Historick\u00e9 j\u00e1dro hlavn\u00edho m\u011bsta, Dalt Vila, kter\u00e9 je chr\u00e1n\u011bn\u00e9 UNESCO, m\u00e1 starosv\u011btsk\u00fd punc v\u00fdjime\u010dnosti. Ostrov je tak\u00e9 proslul\u00fd sv\u00fdmi trhy, jako je Las Dalias, a ikonick\u00fdmi ritu\u00e1ly p\u0159i z\u00e1padu slunce u Caf\u00e9 del Mar.<\/p>\n\n\n\n<p>Ibiza dnes l\u00e1k\u00e1 na ty nejexkluzivn\u011bj\u0161\u00ed pl\u00e1\u017eov\u00e9 kluby ve St\u0159edomo\u0159\u00ed, jako jsou pl\u00e1\u017e Nikki nebo Blue Marlin, ale z\u00e1rove\u0148 ukr\u00fdv\u00e1 tich\u00e9 z\u00e1toky vyvol\u00e1vaj\u00edc\u00ed pocit skryt\u00e9ho klenotu. Pl\u00e1\u017ee jako Cala Comte, Cala d\u2019Hort s v\u00fdhledem na mystickou sk\u00e1lu Es Vedr\u00e0 nebo Punta Galera svou kr\u00e1sou sm\u011ble konkuruj\u00ed nejhez\u010d\u00edm kout\u016fm \u0158ecka. St\u00e1le popul\u00e1rn\u011bj\u0161\u00ed je zde tak\u00e9 nab\u00eddka wellness a j\u00f3gov\u00fdch retreat\u016f, kter\u00e9 vyu\u017e\u00edvaj\u00ed klidnou energii ostrova. Severn\u00ed \u010d\u00e1sti Ibizy, nap\u0159\u00edklad vesni\u010dky San Juan nebo Santa Gertrudis, jsou ide\u00e1ln\u00edm \u00fato\u010di\u0161t\u011bm pro p\u00e1ry a men\u0161\u00ed skupiny hledaj\u00edc\u00ed autenticitu a klid.&nbsp;<\/p>\n\n\n\n<p>Sez\u00f3na trv\u00e1 od kv\u011btna do \u0159\u00edjna, p\u0159i\u010dem\u017e klubov\u00fd \u017eivot vrchol\u00ed mezi \u010dervnem a z\u00e1\u0159\u00edm. Let trv\u00e1 zhruba 2,5 hodiny a ostrov je perfektn\u00ed volbou pro n\u00e1ro\u010dn\u00e9 cestovatele a vyznava\u010de stylu.<\/p>\n\n\n\n<div class=\"wp-block-buttons is-content-justification-center is-layout-flex wp-container-core-buttons-is-layout-16018d1d wp-block-buttons-is-layout-flex\">\n<div class=\"wp-block-button\"><a class=\"wp-block-button__link has-vivid-red-background-color has-background has-normal-font-size has-custom-font-size wp-element-button\" href=\"https:\/\/www.tui.cz\/dovolena\/spanelsko\/ibiza\" target=\"_blank\" rel=\"noreferrer noopener\">Chci na Ibizu<\/a><\/div>\n<\/div>\n\n\n\n<p><\/p>\n\n\n\n<h2 class=\"wp-block-heading\"><strong>Kan\u00e1rsk\u00e9 ostrovy \u2013 sope\u010dn\u00e1 krajina a 365 dn\u00ed slunce<\/strong><\/h2>\n\n\n\n<figure class=\"wp-block-image size-full\"><img loading=\"lazy\" decoding=\"async\" width=\"1000\" height=\"669\" src=\"https:\/\/www.tui.cz\/blog\/wp-content\/uploads\/2026\/04\/Opustena-cerna-plaz-na-Lanzarote-s-cistym-modrym-morem.jpg\" alt=\"Opu\u0161t\u011bn\u00e1 \u010dern\u00e1 pl\u00e1\u017e na Lanzarote s \u010dist\u00fdm modr\u00fdm mo\u0159em\" class=\"wp-image-11302\" title=\"\" srcset=\"https:\/\/www.tui.cz\/blog\/wp-content\/uploads\/2026\/04\/Opustena-cerna-plaz-na-Lanzarote-s-cistym-modrym-morem.jpg 1000w, https:\/\/www.tui.cz\/blog\/wp-content\/uploads\/2026\/04\/Opustena-cerna-plaz-na-Lanzarote-s-cistym-modrym-morem-600x401.jpg 600w, https:\/\/www.tui.cz\/blog\/wp-content\/uploads\/2026\/04\/Opustena-cerna-plaz-na-Lanzarote-s-cistym-modrym-morem-768x514.jpg 768w, https:\/\/www.tui.cz\/blog\/wp-content\/uploads\/2026\/04\/Opustena-cerna-plaz-na-Lanzarote-s-cistym-modrym-morem-585x391.jpg 585w, https:\/\/www.tui.cz\/blog\/wp-content\/uploads\/2026\/04\/Opustena-cerna-plaz-na-Lanzarote-s-cistym-modrym-morem-263x175.jpg 263w\" sizes=\"auto, (max-width: 1000px) 100vw, 1000px\" \/><\/figure>\n\n\n\n<p>Kan\u00e1rsk\u00e9 ostrovy le\u017e\u00edc\u00ed v Atlantsk\u00e9m oce\u00e1nu u africk\u00e9ho pob\u0159e\u017e\u00ed nab\u00edzej\u00ed n\u011bco, co Bale\u00e1ry nemohou \u2013 stabiln\u00ed subtropick\u00e9 klima po cel\u00fd rok. Jsou to jedin\u00e9 \u0161pan\u011blsk\u00e9 ostrovy, kter\u00e9 si m\u016f\u017eete u\u017e\u00edt bez ohledu na sez\u00f3nu, s m\u00edrn\u00fdmi zimami, kdy teploty v lednu b\u011b\u017en\u011b dosahuj\u00ed 20 a\u017e 25 \u00b0C. Ka\u017ed\u00fd z ostrov\u016f m\u00e1 sv\u016fj unik\u00e1tn\u00ed r\u00e1z. <a href=\"https:\/\/www.tui.cz\/dovolena\/kanarske-ostrovy\/tenerife\" target=\"_blank\" rel=\"noreferrer noopener\">Tenerife<\/a> dominuje Mount Teide, nejvy\u0161\u0161\u00ed hora \u0160pan\u011blska, a rodiny zde nadchne Siam Park, opakovan\u011b ozna\u010dovan\u00fd za nejlep\u0161\u00ed aquapark sv\u011bta. <a href=\"https:\/\/www.tui.cz\/dovolena\/kanarske-ostrovy\/gran-canaria\" target=\"_blank\" rel=\"noreferrer noopener\">Gran Canaria<\/a> je proslul\u00e1 p\u00edse\u010dn\u00fdmi dunami Maspalomas, kter\u00e9 p\u0159ipom\u00ednaj\u00ed Saharu, a m\u011bstskou pl\u00e1\u017e\u00ed Las Canteras v Las Palmas.<\/p>\n\n\n\n<p><a href=\"https:\/\/www.tui.cz\/dovolena\/kanarske-ostrovy\/lanzarote\" target=\"_blank\" rel=\"noreferrer noopener\">Lanzarote<\/a> fascinuje svou sope\u010dnou krajinou a architekturou C\u00e9sara Manriqueho, zat\u00edmco <a href=\"https:\/\/www.tui.cz\/dovolena\/kanarske-ostrovy\/fuerteventura\" target=\"_blank\" rel=\"noreferrer noopener\">Fuerteventura<\/a> je r\u00e1jem pro surfa\u0159e d\u00edky sv\u00fdm nekone\u010dn\u00fdm v\u011btrn\u00fdm pl\u00e1\u017e\u00edm. Unik\u00e1tn\u00ed kontrast zde tvo\u0159\u00ed \u010dern\u00e9 vulkanick\u00e9 pl\u00e1\u017ee soused\u00edc\u00ed se zlatav\u00fdmi \u00faseky p\u00edsku.&nbsp;<\/p>\n\n\n\n<p>Nev\u00fdhodou pro n\u011bkoho m\u016f\u017ee b\u00fdt del\u0161\u00ed doba letu z Prahy, kter\u00e1 se pohybuje mezi 4,5 a\u017e 5 hodinami. Odm\u011bnou je v\u0161ak jistota slune\u010dn\u00e9ho po\u010das\u00ed i v dob\u011b, kdy v kontinent\u00e1ln\u00ed Evrop\u011b panuje zima. Kan\u00e1rsk\u00e9 ostrovy jsou ide\u00e1ln\u00ed pro milovn\u00edky p\u0159\u00edrody, aktivn\u00ed turisty a rodiny, kter\u00e9 vy\u017eaduj\u00ed teplo i mimo evropsk\u00e9 <a href=\"https:\/\/www.tui.cz\/leto\" target=\"_blank\" rel=\"noreferrer noopener\">l\u00e9to<\/a>.<\/p>\n\n\n\n<div class=\"wp-block-buttons is-content-justification-center is-layout-flex wp-container-core-buttons-is-layout-16018d1d wp-block-buttons-is-layout-flex\">\n<div class=\"wp-block-button\"><a class=\"wp-block-button__link has-vivid-red-background-color has-background has-normal-font-size has-custom-font-size wp-element-button\" href=\"https:\/\/www.tui.cz\/dovolena\/kanarske-ostrovy\" target=\"_blank\" rel=\"noreferrer noopener\">Pod\u00edvat se na Kan\u00e1ry<\/a><\/div>\n<\/div>\n\n\n\n<p><\/p>\n\n\n\n<h2 class=\"wp-block-heading\"><strong>Srovn\u00e1n\u00ed destinac\u00ed \u2013 sez\u00f3na, lety, ceny a atmosf\u00e9ra<\/strong><\/h2>\n\n\n\n<p>P\u0159i rozhodov\u00e1n\u00ed mezi t\u011bmito t\u0159emi destinacemi je kl\u00ed\u010dov\u00e9 zv\u00e1\u017eit n\u011bkolik faktor\u016f. Mallorca a Ibiza jsou typicky letn\u00ed volbou, kde je nejlep\u0161\u00ed po\u010das\u00ed od kv\u011btna do \u0159\u00edjna. Kan\u00e1rsk\u00e9 ostrovy naopak funguj\u00ed celoro\u010dn\u011b a jsou tedy v\u00edt\u011bzem pro zimn\u00ed dovolenou. Z hlediska logistiky maj\u00ed Bale\u00e1ry navrch d\u00edky krat\u0161\u00edmu letu, co\u017e ocen\u00ed zejm\u00e9na rodi\u010de s mal\u00fdmi d\u011btmi.<\/p>\n\n\n\n<p>Co se t\u00fd\u010de stylu pl\u00e1\u017e\u00ed, Mallorca nab\u00edz\u00ed klasick\u00fd b\u00edl\u00fd st\u0159edomo\u0159sk\u00fd p\u00edsek, Ibiza se soust\u0159ed\u00ed na malebn\u00e9 z\u00e1toky s tyrkysovou vodou a Kan\u00e1rsk\u00e9 ostrovy ohromuj\u00ed svou rozmanitost\u00ed od zlat\u00fdch dun po \u010dernou l\u00e1vovou dr\u0165.&nbsp;<\/p>\n\n\n\n<p>Cenov\u00e1 hladina se li\u0161\u00ed: Mallorca nab\u00edz\u00ed nej\u0161ir\u0161\u00ed spektrum od cenov\u011b dostupn\u00fdch apartm\u00e1n\u016f po luxusn\u00ed vily. Ibiza b\u00fdv\u00e1 obecn\u011b nejdra\u017e\u0161\u00ed, zejm\u00e9na pokud se pohybujete v bl\u00edzkosti vyhl\u00e1\u0161en\u00fdch klub\u016f a exkluzivn\u00edch resort\u016f. Kan\u00e1rsk\u00e9 ostrovy nab\u00edzej\u00ed velmi dobr\u00fd pom\u011br ceny a kvality, p\u0159edev\u0161\u00edm mimo hlavn\u00ed v\u00e1no\u010dn\u00ed \u0161pi\u010dku. Atmosf\u00e9ra je pak posledn\u00edm d\u00edlkem skl\u00e1da\u010dky \u2013 Ibiza je nejstylov\u011bj\u0161\u00ed a nej\u017eiv\u011bj\u0161\u00ed, Mallorca nejvyv\u00e1\u017een\u011bj\u0161\u00ed pro v\u0161echny generace a Kan\u00e1rsk\u00e9 ostrovy nejdobrodru\u017en\u011bj\u0161\u00ed z hlediska p\u0159\u00edrodn\u00edch \u00fakaz\u016f.<\/p>\n\n\n\n<figure class=\"wp-block-image size-full\"><img loading=\"lazy\" decoding=\"async\" width=\"1000\" height=\"667\" src=\"https:\/\/www.tui.cz\/blog\/wp-content\/uploads\/2026\/04\/Pohled-na-Ibizu-v-noci-s-osvetlenim-a-zarivym-morem.jpg\" alt=\"Pohled na Ibizu v noci s osv\u011btlen\u00edm a z\u00e1\u0159iv\u00fdm mo\u0159em\" class=\"wp-image-11300\" title=\"\" srcset=\"https:\/\/www.tui.cz\/blog\/wp-content\/uploads\/2026\/04\/Pohled-na-Ibizu-v-noci-s-osvetlenim-a-zarivym-morem.jpg 1000w, https:\/\/www.tui.cz\/blog\/wp-content\/uploads\/2026\/04\/Pohled-na-Ibizu-v-noci-s-osvetlenim-a-zarivym-morem-600x400.jpg 600w, https:\/\/www.tui.cz\/blog\/wp-content\/uploads\/2026\/04\/Pohled-na-Ibizu-v-noci-s-osvetlenim-a-zarivym-morem-768x512.jpg 768w, https:\/\/www.tui.cz\/blog\/wp-content\/uploads\/2026\/04\/Pohled-na-Ibizu-v-noci-s-osvetlenim-a-zarivym-morem-585x390.jpg 585w, https:\/\/www.tui.cz\/blog\/wp-content\/uploads\/2026\/04\/Pohled-na-Ibizu-v-noci-s-osvetlenim-a-zarivym-morem-263x175.jpg 263w\" sizes=\"auto, (max-width: 1000px) 100vw, 1000px\" \/><\/figure>\n\n\n\n<h2 class=\"wp-block-heading\"><strong>Kter\u00fd ostrov je pro v\u00e1s ten prav\u00fd?<\/strong><\/h2>\n\n\n\n<p>Abyste se mohli definitivn\u011b rozhodnout a p\u0159ej\u00edt k rezervaci, p\u0159ipravili jsme kr\u00e1tk\u00fd p\u0159ehled podle typu dovolen\u00e9:<\/p>\n\n\n\n<ul class=\"wp-block-list\">\n<li><strong>Rodinn\u00e1 dovolen\u00e1 s d\u011btmi:<\/strong> Pokud cestujete s mal\u00fdmi d\u011btmi, Mallorca je pro v\u00e1s s\u00e1zkou na jistotu d\u00edky kr\u00e1tk\u00e9mu letu, pozvoln\u00fdm pl\u00e1\u017e\u00edm a vynikaj\u00edc\u00edmu z\u00e1zem\u00ed d\u011btsk\u00fdch klub\u016f.&nbsp;<\/li>\n\n\n\n<li><strong>Romantick\u00fd z\u00e1jezd pro p\u00e1ry:<\/strong> Jste-li p\u00e1r oslavuj\u00edc\u00ed v\u00fdro\u010d\u00ed nebo hledaj\u00edc\u00ed romantiku, zvolte Ibizu \u2013 jej\u00ed z\u00e1pady slunce, butikov\u00e9 hotely a ve\u010de\u0159e v p\u0159\u00edstavu maj\u00ed neopakovateln\u00e9 kouzlo.<\/li>\n\n\n\n<li><strong>Dovolen\u00e1 s p\u0159\u00e1teli: <\/strong>Skupiny p\u0159\u00e1tel si nejv\u00edce u\u017eij\u00ed kombinaci pl\u00e1\u017e\u00ed a no\u010dn\u00edho \u017eivota na Ibize nebo na jihu Gran Canarie.&nbsp;<\/li>\n\n\n\n<li><strong>Aktivn\u00ed dovolen\u00e1:<\/strong> Pokud milujete p\u011b\u0161\u00ed turistiku a aktivn\u00ed pohyb v p\u0159\u00edrod\u011b, neud\u011bl\u00e1te chybu s Tenerife nebo poho\u0159\u00edm Tramuntana na Mallorce.<\/li>\n\n\n\n<li><strong>Dovolen\u00e1 v zim\u011b: <\/strong>Pro ty, kdo tou\u017e\u00ed po slunci v obdob\u00ed od ledna do b\u0159ezna, jsou v r\u00e1mci \u0160pan\u011blska jedinou logickou volbou Kan\u00e1rsk\u00e9 ostrovy.&nbsp;<\/li>\n<\/ul>\n\n\n\n<figure class=\"wp-block-image size-full\"><img loading=\"lazy\" decoding=\"async\" width=\"1000\" height=\"607\" src=\"https:\/\/www.tui.cz\/blog\/wp-content\/uploads\/2026\/04\/Katedrala-Santa-Maria-na-Mallorce-s-vodnim-kanalem-a-zelenym-stromem.jpg\" alt=\"Katedr\u00e1la Santa Maria na Mallorce s vodn\u00edm kan\u00e1lem a zelen\u00fdm stromem\" class=\"wp-image-11299\" title=\"\" srcset=\"https:\/\/www.tui.cz\/blog\/wp-content\/uploads\/2026\/04\/Katedrala-Santa-Maria-na-Mallorce-s-vodnim-kanalem-a-zelenym-stromem.jpg 1000w, https:\/\/www.tui.cz\/blog\/wp-content\/uploads\/2026\/04\/Katedrala-Santa-Maria-na-Mallorce-s-vodnim-kanalem-a-zelenym-stromem-600x364.jpg 600w, https:\/\/www.tui.cz\/blog\/wp-content\/uploads\/2026\/04\/Katedrala-Santa-Maria-na-Mallorce-s-vodnim-kanalem-a-zelenym-stromem-768x466.jpg 768w, https:\/\/www.tui.cz\/blog\/wp-content\/uploads\/2026\/04\/Katedrala-Santa-Maria-na-Mallorce-s-vodnim-kanalem-a-zelenym-stromem-585x355.jpg 585w\" sizes=\"auto, (max-width: 1000px) 100vw, 1000px\" \/><\/figure>\n\n\n\n<h2 class=\"wp-block-heading\"><strong>Tipy pro rezervaci \u2013 jak z\u00edskat nejlep\u0161\u00ed nab\u00eddku na \u0161pan\u011blsk\u00fdch ostrovech<\/strong><\/h2>\n\n\n\n<p>Chcete-li prom\u011bnit sv\u00e9 pl\u00e1ny v realitu a z\u00e1rove\u0148 u\u0161et\u0159it, dr\u017ete se osv\u011bd\u010den\u00fdch rad. Pro Mallorcu a Ibizu se vyplat\u00ed zv\u00e1\u017eit cestov\u00e1n\u00ed ve vedlej\u0161\u00ed sez\u00f3n\u011b, tedy v kv\u011btnu, \u010dervnu nebo z\u00e1\u0159\u00ed. Po\u010das\u00ed je ji\u017e (nebo st\u00e1le) kr\u00e1sn\u00e9, ale ceny jsou ni\u017e\u0161\u00ed a pl\u00e1\u017ee m\u00e9n\u011b p\u0159epln\u011bn\u00e9. U Kan\u00e1rsk\u00fdch ostrov\u016f se doporu\u010duje vyhnout se nejdra\u017e\u0161\u00edmu obdob\u00ed kolem V\u00e1noc a Silvestra. Listopad, \u00fanor nebo b\u0159ezen nab\u00edzej\u00ed skv\u011bl\u00e9 klima za zlomek ceny. V\u017edy porovnejte bal\u00ed\u010dky letenky a hotelu oproti samostatn\u00e9 rezervaci \u2013 z\u00e1jezdy s <a href=\"https:\/\/www.tui.cz\/\">TUI<\/a> jsou \u010dasto v\u00fdhodn\u011bj\u0161\u00ed, proto\u017ee ji\u017e zahrnuj\u00ed transfery z leti\u0161t\u011b i odbaven\u00e1 zavazadla, co\u017e eliminuje skryt\u00e9 n\u00e1klady.&nbsp;<\/p>\n\n\n\n<p>Zva\u017ete tak\u00e9 re\u017eim stravov\u00e1n\u00ed; zat\u00edmco v resortech na Mallorce se All Inclusive vyplat\u00ed, na Ibize m\u016f\u017ee d\u00e1vat v\u011bt\u0161\u00ed smysl sn\u00eddan\u011b \u010di polopenze, kter\u00e1 v\u00e1m umo\u017en\u00ed objevovat lok\u00e1ln\u00ed gastronomii. Nezapome\u0148te na kvalitn\u00ed cestovn\u00ed poji\u0161t\u011bn\u00ed, kter\u00e9 by m\u011blo b\u00fdt samoz\u0159ejmost\u00ed pro ka\u017edou cestu.<\/p>\n\n\n\n<p>Mallorca, Ibiza i Kan\u00e1rsk\u00e9 ostrovy maj\u00ed co nab\u00eddnout a ka\u017ed\u00e1 z t\u011bchto destinac\u00ed oslov\u00ed jinou \u010d\u00e1st va\u0161\u00ed cestovatelsk\u00e9 du\u0161e. Mallorca je univerz\u00e1ln\u00ed p\u0159\u00edstav pro ka\u017ed\u00e9ho, Ibiza je synonymem stylu a odpo\u010dinku a Kan\u00e1rsk\u00e9 ostrovy p\u0159edstavuj\u00ed celoro\u010dn\u00ed o\u00e1zu uprost\u0159ed Atlantiku. Spr\u00e1vn\u00e1 volba v\u00e1m zajist\u00ed nejen kr\u00e1sn\u00e9 prost\u0159ed\u00ed pro relax, ale i z\u00e1\u017eitky, na kter\u00e9 budete s l\u00e1skou vzpom\u00ednat.<\/p>\n","protected":false},"excerpt":{"rendered":"<p>\u0160pan\u011blsk\u00e9 ostrovy pat\u0159\u00ed dlouhodob\u011b mezi nejobl\u00edben\u011bj\u0161\u00ed dovolenkov\u00e9 destinace v Evrop\u011b, ale vybrat si ten prav\u00fd m\u016f\u017ee b\u00fdt p\u0159ekvapiv\u011b slo\u017eit\u00e9. Ka\u017ed\u00e9 z t\u011bchto m\u00edst toti\u017e nab\u00edz\u00ed zcela jin\u00fd typ z\u00e1\u017eitku. Rodinn\u00e1&hellip;<\/p>\n","protected":false},"author":59,"featured_media":11303,"comment_status":"open","ping_status":"closed","sticky":false,"template":"","format":"standard","meta":{"_lmt_disableupdate":"","_lmt_disable":"","footnotes":""},"categories":[182],"tags":[],"class_list":["post-11296","post","type-post","status-publish","format-standard","has-post-thumbnail","hentry","category-cestovani"],"home_img_url":"https:\/\/www.tui.cz\/blog\/wp-content\/uploads\/2026\/04\/Jeskyne-Cueva-de-Playa-de-los-Ojos-na-Fuerteventure-se-vstupem-do-tyrkysoveho-more-585x390.jpg","home_img_alt":"Jeskyn\u011b Cueva de Playa de los Ojos na Fuerteventu\u0159e se vstupem do tyrkysov\u00e9ho mo\u0159e","_links":{"self":[{"href":"https:\/\/www.tui.cz\/blog\/wp-json\/wp\/v2\/posts\/11296","targetHints":{"allow":["GET"]}}],"collection":[{"href":"https:\/\/www.tui.cz\/blog\/wp-json\/wp\/v2\/posts"}],"about":[{"href":"https:\/\/www.tui.cz\/blog\/wp-json\/wp\/v2\/types\/post"}],"author":[{"embeddable":true,"href":"https:\/\/www.tui.cz\/blog\/wp-json\/wp\/v2\/users\/59"}],"replies":[{"embeddable":true,"href":"https:\/\/www.tui.cz\/blog\/wp-json\/wp\/v2\/comments?post=11296"}],"version-history":[{"count":3,"href":"https:\/\/www.tui.cz\/blog\/wp-json\/wp\/v2\/posts\/11296\/revisions"}],"predecessor-version":[{"id":11355,"href":"https:\/\/www.tui.cz\/blog\/wp-json\/wp\/v2\/posts\/11296\/revisions\/11355"}],"wp:featuredmedia":[{"embeddable":true,"href":"https:\/\/www.tui.cz\/blog\/wp-json\/wp\/v2\/media\/11303"}],"wp:attachment":[{"href":"https:\/\/www.tui.cz\/blog\/wp-json\/wp\/v2\/media?parent=11296"}],"wp:term":[{"taxonomy":"category","embeddable":true,"href":"https:\/\/www.tui.cz\/blog\/wp-json\/wp\/v2\/categories?post=11296"},{"taxonomy":"post_tag","embeddable":true,"href":"https:\/\/www.tui.cz\/blog\/wp-json\/wp\/v2\/tags?post=11296"}],"curies":[{"name":"wp","href":"https:\/\/api.w.org\/{rel}","templated":true}]}}