{"id":11338,"date":"2026-04-27T15:36:44","date_gmt":"2026-04-27T13:36:44","guid":{"rendered":"https:\/\/www.tui.cz\/blog\/?p=11338"},"modified":"2026-04-23T10:02:39","modified_gmt":"2026-04-23T08:02:39","slug":"nutne-doklady-pro-vstup-do-madarska","status":"publish","type":"post","link":"https:\/\/www.tui.cz\/blog\/nutne-doklady-pro-vstup-do-madarska\/","title":{"rendered":"Pot\u0159ebuji cestovn\u00ed pas do Ma\u010farska? Vstupn\u00ed podm\u00ednky pro \u010desk\u00e9 cestovatele"},"content":{"rendered":"\n<p>Ma\u010farsko je jako stvo\u0159en\u00e9 pro kr\u00e1tk\u00fd v\u00edkendov\u00fd pobyt ve m\u011bst\u011b i pro del\u0161\u00ed pobyt v p\u0159\u00edrod\u011b. <a href=\"https:\/\/www.tui.cz\/dovolena\/madarsko\/budapest\" target=\"_blank\" rel=\"noreferrer noopener\">Budape\u0161\u0165<\/a> a oblast <a href=\"https:\/\/www.tui.cz\/dovolena\/madarsko\/balaton\" target=\"_blank\" rel=\"noreferrer noopener\">Balatonu<\/a> pat\u0159\u00ed mezi nejobl\u00edben\u011bj\u0161\u00ed atrakce, ale seznam zaj\u00edmav\u00fdch m\u00edst by mohl pokra\u010dovat do nekone\u010dna. Ne\u017e se vyd\u00e1te na cestu, ujist\u011bte se, \u017ee spl\u0148ujete ve\u0161ker\u00e9 form\u00e1ln\u00ed po\u017eadavky. Pot\u0159ebujete do Ma\u010farska cestovn\u00ed pas? Nebo sta\u010d\u00ed ob\u010dansk\u00fd pr\u016fkaz? Prozrad\u00edme v\u00e1m to.<\/p>\n\n\n\n<h2 class=\"wp-block-heading\">Kr\u00e1sn\u00e1 krajina a jedine\u010dn\u00e1 architektura Ma\u010farska<\/h2>\n\n\n\n<p>Dovolen\u00e1 v <a href=\"https:\/\/www.tui.cz\/dovolena\/madarsko\" target=\"_blank\" rel=\"noreferrer noopener\">Ma\u010farsku<\/a> vynik\u00e1 jedine\u010dnou kombinac\u00ed kulturn\u00edch a p\u0159\u00edrodn\u00edch z\u00e1\u017eitk\u016f. Tato nedalek\u00e1 zem\u011b se py\u0161n\u00ed nep\u0159ebern\u00fdm mno\u017estv\u00edm turistick\u00fdch l\u00e1kadel, od malebn\u00e9 krajiny Balatonu, tedy nejv\u011bt\u0161\u00edho jezera ve st\u0159edn\u00ed Evrop\u011b, a\u017e po \u00fachvatn\u00e9 v\u00fdhledy na historickou Budape\u0161\u0165.<\/p>\n\n\n\n<p>P\u0159ed cestou na dovolenou je d\u016fle\u017eit\u00e9 vy\u0159\u00eddit n\u011bkolik d\u016fle\u017eit\u00fdch formalit a splnit ur\u010dit\u00e9 po\u017eadavky t\u00fdkaj\u00edc\u00ed se <a href=\"https:\/\/www.tui.cz\/cestujte-s-tui\/vstupni-podminky#madarsko\" target=\"_blank\" rel=\"noreferrer noopener\">vstupu a pobytu v Ma\u010farsku<\/a>. Cestuj\u00edc\u00ed by se m\u011bli ujistit, \u017ee maj\u00ed p\u0159\u00edslu\u0161n\u00e9 doklady a jsou obezn\u00e1meni s aktu\u00e1ln\u00edmi cestovn\u00edmi a pobytov\u00fdmi p\u0159edpisy.<\/p>\n\n\n\n<figure class=\"wp-block-image size-full\"><img loading=\"lazy\" decoding=\"async\" width=\"1000\" height=\"667\" src=\"https:\/\/www.tui.cz\/blog\/wp-content\/uploads\/2026\/04\/Vychod-slunce-na-jezerem-Balaton-v-Madarsku-s-molem.jpg\" alt=\"V\u00fdchod slunce na jezerem Balaton v Ma\u010farsku s molem\" class=\"wp-image-11339\" title=\"\" srcset=\"https:\/\/www.tui.cz\/blog\/wp-content\/uploads\/2026\/04\/Vychod-slunce-na-jezerem-Balaton-v-Madarsku-s-molem.jpg 1000w, https:\/\/www.tui.cz\/blog\/wp-content\/uploads\/2026\/04\/Vychod-slunce-na-jezerem-Balaton-v-Madarsku-s-molem-600x400.jpg 600w, https:\/\/www.tui.cz\/blog\/wp-content\/uploads\/2026\/04\/Vychod-slunce-na-jezerem-Balaton-v-Madarsku-s-molem-768x512.jpg 768w, https:\/\/www.tui.cz\/blog\/wp-content\/uploads\/2026\/04\/Vychod-slunce-na-jezerem-Balaton-v-Madarsku-s-molem-585x390.jpg 585w, https:\/\/www.tui.cz\/blog\/wp-content\/uploads\/2026\/04\/Vychod-slunce-na-jezerem-Balaton-v-Madarsku-s-molem-263x175.jpg 263w\" sizes=\"auto, (max-width: 1000px) 100vw, 1000px\" \/><\/figure>\n\n\n\n<h2 class=\"wp-block-heading\">Pot\u0159ebuji pro vstup do Ma\u010farska cestovn\u00ed pas, nebo sta\u010d\u00ed ob\u010danka?<\/h2>\n\n\n\n<p>\u010ce\u0161t\u00ed ob\u010dan\u00e9 mohou vstoupit do Ma\u010farska jak s platn\u00fdm ob\u010dansk\u00fdm pr\u016fkazem, tak s cestovn\u00edm pasem. Ma\u010farsko je sou\u010d\u00e1st\u00ed Evropsk\u00e9 unie, d\u00edky \u010demu\u017e cestovn\u00ed pas nen\u00ed nutnost\u00ed. Ob\u010danka se tedy po\u010d\u00edt\u00e1 jako dostate\u010dn\u00fd cestovn\u00ed doklad oprav\u0148uj\u00edc\u00ed k p\u0159ekro\u010den\u00ed hranic a pobytu v Ma\u010farsku. M\u011bjte v\u0161ak na pam\u011bti, \u017ee absence hrani\u010dn\u00edch kontrol v r\u00e1mci schengensk\u00e9ho prostoru v\u00e1s nezbavuje povinnosti m\u00edt tyto doklady s sebou.<\/p>\n\n\n\n<h3 class=\"wp-block-heading\">Po\u017eadavky na pr\u016fkaz toto\u017enosti: jak dlouho mus\u00ed b\u00fdt platn\u00fd?<\/h3>\n\n\n\n<p>\u010ce\u0161t\u00ed ob\u010dan\u00e9 mohou p\u0159i cest\u011b do Ma\u010farska pou\u017e\u00edt platn\u00fd ob\u010dansk\u00fd pr\u016fkaz nebo cestovn\u00ed pas. Neexistuje v\u0161ak \u017e\u00e1dn\u00e1 striktn\u00ed minim\u00e1ln\u00ed doba platnosti cestovn\u00edho dokladu; kl\u00ed\u010dov\u00e9 je, aby byl platn\u00fd p\u0159i vstupu a po celou dobu pl\u00e1novan\u00e9ho pobytu.<\/p>\n\n\n\n<h2 class=\"wp-block-heading\">Pot\u0159ebuji cestovn\u00ed pas pro vstup m\u00e9ho d\u00edt\u011bte do Ma\u010farska?<\/h2>\n\n\n\n<p>D\u011bti, stejn\u011b jako dosp\u011bl\u00ed, mohou vstoupit do Ma\u010farska s ob\u010dansk\u00fdm pr\u016fkazem nebo cestovn\u00edm pasem. Ka\u017ed\u00e9 d\u00edt\u011b mus\u00ed m\u00edt sv\u016fj vlastn\u00ed ob\u010dansk\u00fd pr\u016fkaz nebo cestovn\u00ed pas bez ohledu na v\u011bk.<\/p>\n\n\n\n<p>Pokud nezletil\u00e1 osoba cestuje s jinou osobou ne\u017e s ob\u011bma rodi\u010di, doporu\u010duje se m\u00edt p\u00edsemn\u00fd souhlas od jej\u00edch rodi\u010d\u016f nebo z\u00e1konn\u00fdch z\u00e1stupc\u016f. I kdy\u017e se nejedn\u00e1 o form\u00e1ln\u00ed po\u017eadavek, takov\u00e9 prohl\u00e1\u0161en\u00ed m\u016f\u017ee usnadnit p\u0159\u00edpadn\u00e9 ov\u011b\u0159ovac\u00ed postupy.<\/p>\n\n\n\n<figure class=\"wp-block-image size-full\"><img loading=\"lazy\" decoding=\"async\" width=\"1000\" height=\"667\" src=\"https:\/\/www.tui.cz\/blog\/wp-content\/uploads\/2026\/04\/Cestovni-pas-CR-s-malym-plastovym-letadlem-dolary-eury-a-korunami.jpg\" alt=\"Cestovn\u00ed pas \u010cR s mal\u00fdm plastov\u00fdm letadlem, dolary, eury a korunami\" class=\"wp-image-11342\" title=\"\" srcset=\"https:\/\/www.tui.cz\/blog\/wp-content\/uploads\/2026\/04\/Cestovni-pas-CR-s-malym-plastovym-letadlem-dolary-eury-a-korunami.jpg 1000w, https:\/\/www.tui.cz\/blog\/wp-content\/uploads\/2026\/04\/Cestovni-pas-CR-s-malym-plastovym-letadlem-dolary-eury-a-korunami-600x400.jpg 600w, https:\/\/www.tui.cz\/blog\/wp-content\/uploads\/2026\/04\/Cestovni-pas-CR-s-malym-plastovym-letadlem-dolary-eury-a-korunami-768x512.jpg 768w, https:\/\/www.tui.cz\/blog\/wp-content\/uploads\/2026\/04\/Cestovni-pas-CR-s-malym-plastovym-letadlem-dolary-eury-a-korunami-585x390.jpg 585w, https:\/\/www.tui.cz\/blog\/wp-content\/uploads\/2026\/04\/Cestovni-pas-CR-s-malym-plastovym-letadlem-dolary-eury-a-korunami-263x175.jpg 263w\" sizes=\"auto, (max-width: 1000px) 100vw, 1000px\" \/><\/figure>\n\n\n\n<h2 class=\"wp-block-heading\">Del\u0161\u00ed pobyt v Ma\u010farsku \u2013 pot\u0159ebuji v\u00edzum?<\/h2>\n\n\n\n<p>Ob\u010dan\u00e9 Evropsk\u00e9 unie, v\u010detn\u011b \u010cesk\u00e9 republiky, mohou v Ma\u010farsku pob\u00fdvat bez v\u00edza a\u017e 90 dn\u00ed. Pro del\u0161\u00ed pobyty v\u00edzum nen\u00ed vy\u017eadov\u00e1no, ale je nutn\u00e9 splnit ur\u010dit\u00e9 formality.<\/p>\n\n\n\n<p>Pokud m\u00e1te v \u00famyslu pob\u00fdvat v Ma\u010farsku d\u00e9le ne\u017e 90 dn\u00ed, mus\u00edte se zaregistrovat u p\u0159\u00edslu\u0161n\u00e9ho \u00fa\u0159adu pro cizince. Tento proces zahrnuje z\u00edsk\u00e1n\u00ed pobytov\u00e9ho certifik\u00e1tu, kter\u00fd potvrzuje legalitu va\u0161eho pobytu v Ma\u010farsku. Registrace je vy\u017eadov\u00e1na bez ohledu na \u00fa\u010del va\u0161eho pobytu, a\u0165 u\u017e se jedn\u00e1 o pr\u00e1ci, studium, nebo jin\u00e9 d\u016fvody. V n\u011bkter\u00fdch p\u0159\u00edpadech, nap\u0159\u00edklad pro \u00fa\u010dely souvisej\u00edc\u00ed s prac\u00ed, mohou b\u00fdt vy\u017eadov\u00e1ny dal\u0161\u00ed dokumenty, v\u010detn\u011b pracovn\u00ed smlouvy.<\/p>\n\n\n\n<h2 class=\"wp-block-heading\">Pot\u0159ebuje m\u016fj pes cestovn\u00ed pas k letu do Ma\u010farska?<\/h2>\n\n\n\n<p>P\u0159i pl\u00e1nov\u00e1n\u00ed cesty do Ma\u010farska se psem mus\u00edte spl\u0148ovat ur\u010dit\u00e9 po\u017eadavky na p\u0159epravu dom\u00e1c\u00edch mazl\u00ed\u010dk\u016f. Budete pot\u0159ebovat cestovn\u00ed pas pro dom\u00e1c\u00ed mazl\u00ed\u010dky a identifika\u010dn\u00ed doklad potvrzuj\u00edc\u00ed spln\u011bn\u00ed zdravotn\u00edch a dal\u0161\u00edch po\u017eadavk\u016f. Tyto dokumenty vyd\u00e1v\u00e1 licencovan\u00fd veterin\u00e1rn\u00ed l\u00e9ka\u0159. Pro psa je tak\u00e9 d\u016fle\u017eit\u00e9 m\u00edt aktu\u00e1ln\u00ed o\u010dkov\u00e1n\u00ed proti vzteklin\u011b a mikro\u010dip.<\/p>\n\n\n\n<p>Krom\u011b toho lze do Ma\u010farska pro nekomer\u010dn\u00ed \u00fa\u010dely dov\u00e9zt maxim\u00e1ln\u011b p\u011bt dom\u00e1c\u00edch mazl\u00ed\u010dk\u016f. Zv\u00ed\u0159ata mus\u00ed b\u00fdt \u0159\u00e1dn\u011b identifikov\u00e1na a m\u00edt cestovn\u00ed pas s informacemi o majiteli, \u00fadaji o mikro\u010dipu a o\u010dkov\u00e1n\u00ed.<\/p>\n\n\n\n<figure class=\"wp-block-image size-full\"><img loading=\"lazy\" decoding=\"async\" width=\"1000\" height=\"666\" src=\"https:\/\/www.tui.cz\/blog\/wp-content\/uploads\/2026\/04\/Reka-Dunaj-v-Budapesti-v-Madarsku-obklopena-nadhernou-architekturou.jpg\" alt=\"\u0158eka Dunaj v Budape\u0161ti v Ma\u010farsku obklopen\u00e1 n\u00e1dhernou architekturou\" class=\"wp-image-11340\" title=\"\" srcset=\"https:\/\/www.tui.cz\/blog\/wp-content\/uploads\/2026\/04\/Reka-Dunaj-v-Budapesti-v-Madarsku-obklopena-nadhernou-architekturou.jpg 1000w, https:\/\/www.tui.cz\/blog\/wp-content\/uploads\/2026\/04\/Reka-Dunaj-v-Budapesti-v-Madarsku-obklopena-nadhernou-architekturou-600x400.jpg 600w, https:\/\/www.tui.cz\/blog\/wp-content\/uploads\/2026\/04\/Reka-Dunaj-v-Budapesti-v-Madarsku-obklopena-nadhernou-architekturou-768x511.jpg 768w, https:\/\/www.tui.cz\/blog\/wp-content\/uploads\/2026\/04\/Reka-Dunaj-v-Budapesti-v-Madarsku-obklopena-nadhernou-architekturou-585x390.jpg 585w, https:\/\/www.tui.cz\/blog\/wp-content\/uploads\/2026\/04\/Reka-Dunaj-v-Budapesti-v-Madarsku-obklopena-nadhernou-architekturou-263x175.jpg 263w\" sizes=\"auto, (max-width: 1000px) 100vw, 1000px\" \/><\/figure>\n\n\n\n<h2 class=\"wp-block-heading\">Jak se p\u0159ipravit na cestu do Ma\u010farska?<\/h2>\n\n\n\n<p>P\u0159i pl\u00e1nov\u00e1n\u00ed cesty autem po Ma\u010farsku se vyplat\u00ed sezn\u00e1mit se s dopravn\u00edmi p\u0159edpisy. Nezapome\u0148te p\u0159edev\u0161\u00edm na zakoupen\u00ed d\u00e1lni\u010dn\u00ed zn\u00e1mky pro j\u00edzdu po silnic\u00edch prvn\u00ed t\u0159\u00eddy \u2013 tedy d\u00e1lnic\u00edch a n\u011bkter\u00fdch rychlostn\u00edch silnic\u00edch. D\u00e1lni\u010dn\u00ed zn\u00e1mku lze zakoupit na \u010derpac\u00edch stanic\u00edch, v kiosc\u00edch nebo online, a jej\u00ed doba platnosti se d\u00e1 za\u0159\u00eddit tak, aby vyhovovala pl\u00e1novan\u00e9 d\u00e9lce va\u0161eho pobytu. Ma\u010farsko m\u00e1 limit alkoholu v krvi nula promile, co\u017e znamen\u00e1, \u017ee jak\u00e1koli hladina v krvi \u0159idi\u010de je zak\u00e1z\u00e1na.<\/p>\n\n\n\n<p>P\u0159ed cestou se tak\u00e9 vyplat\u00ed zv\u00e1\u017eit <a href=\"https:\/\/www.tui.cz\/cestovni-pojisteni\" target=\"_blank\" rel=\"noreferrer noopener\">cestovn\u00ed poji\u0161t\u011bn\u00ed<\/a>, kter\u00e9 pokryje poplatky za l\u00e9ka\u0159skou p\u00e9\u010di v p\u0159\u00edpad\u011b n\u00e1hl\u00e9ho onemocn\u011bn\u00ed nebo nehody. V r\u00e1mci dobr\u00e9ho cestovn\u00edho poji\u0161t\u011bn\u00ed budete m\u00edt poji\u0161t\u011bn\u00e1 tak\u00e9 sv\u00e1 zavazadla a z\u00edsk\u00e1te hned n\u011bkolik dal\u0161\u00edch v\u00fdhod (v\u010detn\u011b poji\u0161t\u011bn\u00ed odpov\u011bdnosti).<\/p>\n\n\n\n<p>P\u0159i p\u0159eprav\u011b potravin do Ma\u010farska je d\u016fle\u017eit\u00e9 vz\u00edt v \u00favahu platn\u00e1 omezen\u00ed dovozu n\u011bkter\u00fdch produkt\u016f, v\u010detn\u011b masn\u00fdch v\u00fdrobk\u016f. P\u0159edpisy EU zakazuj\u00ed p\u0159epravu masn\u00fdch v\u00fdrobk\u016f nepr\u016fmyslov\u00e9ho p\u016fvodu do zem\u00ed Evropsk\u00e9 unie. Rovn\u011b\u017e je vhodn\u00e9 v\u011bnovat velkou pozornost pravidl\u016fm t\u00fdkaj\u00edc\u00edm se v\u00fdvozu n\u011bkter\u00fdch polo\u017eek \u2013 p\u0159edm\u011bty s vysokou kulturn\u00ed hodnotou mohou vy\u017eadovat samostatn\u00e1 povolen\u00ed.<\/p>\n\n\n\n<p>Cestov\u00e1n\u00ed v r\u00e1mci Evropsk\u00e9 unie nen\u00ed slo\u017eit\u00e9, ale i tak je nutn\u00e9 db\u00e1t na konkr\u00e9tn\u00ed p\u0159edpisy, kter\u00e9 se \u010desk\u00fdch cestovatel\u016f t\u00fdkaj\u00ed. Ujist\u011bte se, \u017ee m\u00e1te platn\u00fd pas (nebo ob\u010danku) a ve\u0161ker\u00e9 dal\u0161\u00ed n\u00e1le\u017eitosti. Hur\u00e1 do Ma\u010farska!<\/p>\n\n\n\n<div class=\"wp-block-buttons is-content-justification-center is-layout-flex wp-container-core-buttons-is-layout-16018d1d wp-block-buttons-is-layout-flex\">\n<div class=\"wp-block-button\"><a class=\"wp-block-button__link has-vivid-red-background-color has-background has-normal-font-size has-custom-font-size wp-element-button\" href=\"https:\/\/www.tui.cz\/dovolena\/madarsko\/nabidky-vlastni-doprava\" target=\"_blank\" rel=\"noreferrer noopener\">Cestovat do Ma\u010farska<\/a><\/div>\n<\/div>\n","protected":false},"excerpt":{"rendered":"<p>Ma\u010farsko je jako stvo\u0159en\u00e9 pro kr\u00e1tk\u00fd v\u00edkendov\u00fd pobyt ve m\u011bst\u011b i pro del\u0161\u00ed pobyt v p\u0159\u00edrod\u011b. Budape\u0161\u0165 a oblast Balatonu pat\u0159\u00ed mezi nejobl\u00edben\u011bj\u0161\u00ed atrakce, ale seznam zaj\u00edmav\u00fdch m\u00edst by mohl&hellip;<\/p>\n","protected":false},"author":59,"featured_media":11341,"comment_status":"open","ping_status":"closed","sticky":false,"template":"","format":"standard","meta":{"_lmt_disableupdate":"","_lmt_disable":"","footnotes":""},"categories":[29,182],"tags":[],"class_list":["post-11338","post","type-post","status-publish","format-standard","has-post-thumbnail","hentry","category-poradenstvi","category-cestovani"],"home_img_url":"https:\/\/www.tui.cz\/blog\/wp-content\/uploads\/2026\/04\/Uchvatny-pohled-na-Szechenyiho-retezovy-most-pres-reku-Dunaj-v-Madarsku-585x390.jpg","home_img_alt":"\u00dachvatn\u00fd pohled na Sz\u00e9chenyiho \u0159et\u011bzov\u00fd most p\u0159es \u0159eku Dunaj v Ma\u010farsku","_links":{"self":[{"href":"https:\/\/www.tui.cz\/blog\/wp-json\/wp\/v2\/posts\/11338","targetHints":{"allow":["GET"]}}],"collection":[{"href":"https:\/\/www.tui.cz\/blog\/wp-json\/wp\/v2\/posts"}],"about":[{"href":"https:\/\/www.tui.cz\/blog\/wp-json\/wp\/v2\/types\/post"}],"author":[{"embeddable":true,"href":"https:\/\/www.tui.cz\/blog\/wp-json\/wp\/v2\/users\/59"}],"replies":[{"embeddable":true,"href":"https:\/\/www.tui.cz\/blog\/wp-json\/wp\/v2\/comments?post=11338"}],"version-history":[{"count":2,"href":"https:\/\/www.tui.cz\/blog\/wp-json\/wp\/v2\/posts\/11338\/revisions"}],"predecessor-version":[{"id":11354,"href":"https:\/\/www.tui.cz\/blog\/wp-json\/wp\/v2\/posts\/11338\/revisions\/11354"}],"wp:featuredmedia":[{"embeddable":true,"href":"https:\/\/www.tui.cz\/blog\/wp-json\/wp\/v2\/media\/11341"}],"wp:attachment":[{"href":"https:\/\/www.tui.cz\/blog\/wp-json\/wp\/v2\/media?parent=11338"}],"wp:term":[{"taxonomy":"category","embeddable":true,"href":"https:\/\/www.tui.cz\/blog\/wp-json\/wp\/v2\/categories?post=11338"},{"taxonomy":"post_tag","embeddable":true,"href":"https:\/\/www.tui.cz\/blog\/wp-json\/wp\/v2\/tags?post=11338"}],"curies":[{"name":"wp","href":"https:\/\/api.w.org\/{rel}","templated":true}]}}