{"id":11345,"date":"2026-04-28T09:31:46","date_gmt":"2026-04-28T07:31:46","guid":{"rendered":"https:\/\/www.tui.cz\/blog\/?p=11345"},"modified":"2026-04-23T09:54:07","modified_gmt":"2026-04-23T07:54:07","slug":"pocasi-v-turecku","status":"publish","type":"post","link":"https:\/\/www.tui.cz\/blog\/pocasi-v-turecku\/","title":{"rendered":"Po\u010das\u00ed v Turecku \u2013 kter\u00fd m\u011bs\u00edc je nejlep\u0161\u00ed pro dovolenou?"},"content":{"rendered":"\n<p>Turecko je malebn\u00e1 zem\u011b a obl\u00edben\u00e1 destinace pro mnoho turist\u016f z cel\u00e9ho sv\u011bta. Nab\u00edz\u00ed jedine\u010dn\u00e9 mo\u017enosti pro \u00fa\u017easnou dovolenou, od p\u016fvabn\u00fdch pl\u00e1\u017e\u00ed St\u0159edozemn\u00edho mo\u0159e a\u017e po Kappadokii se slavn\u00fdm \u00dadol\u00edm l\u00e1sky.&nbsp;<\/p>\n\n\n\n<p>Ve v\u011bt\u0161in\u011b <a href=\"https:\/\/www.tui.cz\/dovolena\/turecko\" target=\"_blank\" rel=\"noreferrer noopener\">Turecka<\/a> panuje subtropick\u00e9 klima s typick\u00fdmi p\u0159\u00edmo\u0159sk\u00fdmi rysy na pob\u0159e\u017e\u00ed a kontinent\u00e1ln\u00edmi rysy ve vnitrozem\u00ed. V praxi toto znamen\u00e1, \u017ee v\u00fdb\u011br spr\u00e1vn\u00e9ho m\u011bs\u00edce pro dovolenou v Turecku je z\u00e1sadn\u00ed, proto\u017ee pov\u011btrnostn\u00ed podm\u00ednky se mohou v\u00fdrazn\u011b li\u0161it v z\u00e1vislosti na ro\u010dn\u00edm obdob\u00ed a lokalit\u011b. Jak\u00e9 je tedy po\u010das\u00ed v Turecku b\u011bhem roku?<\/p>\n\n\n\n<h2 class=\"wp-block-heading\">Jaro v Turecku \u2013 m\u011bs\u00edce od dubna do \u010dervna<\/h2>\n\n\n\n<p>Jaro je vhodn\u00fdm obdob\u00edm pro n\u00e1v\u0161t\u011bvu Turecka pro ty, kte\u0159\u00ed oce\u0148uj\u00ed m\u00edrn\u00e9 teploty. Zejm\u00e9na v ji\u017en\u00edch oblastech zem\u011b je po\u010das\u00ed v t\u011bchto m\u011bs\u00edc\u00edch stabiln\u00ed \u2013 nen\u00ed p\u0159\u00edli\u0161 horko, pr\u0161\u00ed jen z\u0159\u00eddka a slunce si rozhodn\u011b m\u016f\u017eete u\u017e\u00edt. Je to ide\u00e1ln\u00ed obdob\u00ed pro ty, kte\u0159\u00ed cht\u011bj\u00ed intenzivn\u011b prozkoum\u00e1vat okol\u00ed, ale velmi vysok\u00e9 teploty je odrazuj\u00ed. Jak je pro jaro typick\u00e9, rostliny zde v tuto dobu o\u017e\u00edvaj\u00ed, kv\u011btiny kvetou a stromy a ke\u0159e se rychle zelenaj\u00ed.<\/p>\n\n\n\n<p>V \u010dervnu se teploty pomalu bl\u00ed\u017e\u00ed nejteplej\u0161\u00edm m\u011bs\u00edc\u016fm, ale st\u00e1le jsou m\u00edrn\u011bj\u0161\u00ed ne\u017e b\u011bhem typick\u00e9ho tureck\u00e9ho l\u00e9ta. P\u0159i n\u00e1v\u0161t\u011bv\u011b vnitrozemsk\u00fdch oblast\u00ed, jako je <a href=\"https:\/\/www.tui.cz\/dovolena\/turecko\/istanbul\" target=\"_blank\" rel=\"noreferrer noopener\">Istanbul<\/a> nebo Kappadokie, se vyplat\u00ed sbalit si svrchn\u00ed oble\u010den\u00ed na sv\u011b\u017e\u00ed r\u00e1na. I p\u0159esto se z jarn\u00ed dovolen\u00e9 vr\u00e1t\u00edte lehce op\u00e1len\u00ed a pln\u00ed energie.<\/p>\n\n\n\n<figure class=\"wp-block-image size-full\"><img loading=\"lazy\" decoding=\"async\" width=\"1000\" height=\"667\" src=\"https:\/\/www.tui.cz\/blog\/wp-content\/uploads\/2026\/04\/Chram-Hagia-Sofie-v-Instanbulu-na-jare-se-zeleni-modrou-oblohou-a-kvetinami.jpg\" alt=\"Chr\u00e1m Hagia Sofie v Instanbulu na ja\u0159e se zelen\u00ed, modrou oblohou a kv\u011btinami\" class=\"wp-image-11347\" title=\"\" srcset=\"https:\/\/www.tui.cz\/blog\/wp-content\/uploads\/2026\/04\/Chram-Hagia-Sofie-v-Instanbulu-na-jare-se-zeleni-modrou-oblohou-a-kvetinami.jpg 1000w, https:\/\/www.tui.cz\/blog\/wp-content\/uploads\/2026\/04\/Chram-Hagia-Sofie-v-Instanbulu-na-jare-se-zeleni-modrou-oblohou-a-kvetinami-600x400.jpg 600w, https:\/\/www.tui.cz\/blog\/wp-content\/uploads\/2026\/04\/Chram-Hagia-Sofie-v-Instanbulu-na-jare-se-zeleni-modrou-oblohou-a-kvetinami-768x512.jpg 768w, https:\/\/www.tui.cz\/blog\/wp-content\/uploads\/2026\/04\/Chram-Hagia-Sofie-v-Instanbulu-na-jare-se-zeleni-modrou-oblohou-a-kvetinami-585x390.jpg 585w, https:\/\/www.tui.cz\/blog\/wp-content\/uploads\/2026\/04\/Chram-Hagia-Sofie-v-Instanbulu-na-jare-se-zeleni-modrou-oblohou-a-kvetinami-263x175.jpg 263w\" sizes=\"auto, (max-width: 1000px) 100vw, 1000px\" \/><\/figure>\n\n\n\n<h2 class=\"wp-block-heading\">L\u00e9to v Turecku \u2013 \u010dervenec a srpen<\/h2>\n\n\n\n<p>V l\u00e9t\u011b zde za\u017eijete hork\u00e1 obdob\u00ed s teplotami dosahuj\u00edc\u00edmi a\u017e 40 \u00b0C, a to zejm\u00e9na na pob\u0159e\u017e\u00ed St\u0159edozemn\u00edho a Egejsk\u00e9ho mo\u0159e. I pro ty, kte\u0159\u00ed miluj\u00ed letn\u00ed horka, mohou b\u00fdt tyto teploty v\u00fdzvou. V takov\u00e9m p\u0159\u00edpad\u011b se m\u016f\u017eete lehce zchladit na v\u00fdletech, nap\u0159\u00edklad do poho\u0159\u00ed Taurus, kde prozkoum\u00e1te klenot regionu \u2013 ka\u0148on Sapadere. K dispozici samoz\u0159ejm\u011b bude i koup\u00e1n\u00ed v mo\u0159i a dal\u0161\u00ed vodn\u00ed aktivity.<\/p>\n\n\n\n<figure class=\"wp-block-image size-full\"><img loading=\"lazy\" decoding=\"async\" width=\"1000\" height=\"667\" src=\"https:\/\/www.tui.cz\/blog\/wp-content\/uploads\/2026\/04\/Plaz-v-Bodrumu-na-Egejske-riviere-s-bilymi-domky-a-slunecniky.jpg\" alt=\"Pl\u00e1\u017e v Bodrumu na Egejsk\u00e9 rivi\u00e9\u0159e s b\u00edl\u00fdmi domky a slune\u010dn\u00edky\" class=\"wp-image-11350\" title=\"\" srcset=\"https:\/\/www.tui.cz\/blog\/wp-content\/uploads\/2026\/04\/Plaz-v-Bodrumu-na-Egejske-riviere-s-bilymi-domky-a-slunecniky.jpg 1000w, https:\/\/www.tui.cz\/blog\/wp-content\/uploads\/2026\/04\/Plaz-v-Bodrumu-na-Egejske-riviere-s-bilymi-domky-a-slunecniky-600x400.jpg 600w, https:\/\/www.tui.cz\/blog\/wp-content\/uploads\/2026\/04\/Plaz-v-Bodrumu-na-Egejske-riviere-s-bilymi-domky-a-slunecniky-768x512.jpg 768w, https:\/\/www.tui.cz\/blog\/wp-content\/uploads\/2026\/04\/Plaz-v-Bodrumu-na-Egejske-riviere-s-bilymi-domky-a-slunecniky-585x390.jpg 585w, https:\/\/www.tui.cz\/blog\/wp-content\/uploads\/2026\/04\/Plaz-v-Bodrumu-na-Egejske-riviere-s-bilymi-domky-a-slunecniky-263x175.jpg 263w\" sizes=\"auto, (max-width: 1000px) 100vw, 1000px\" \/><\/figure>\n\n\n\n<h2 class=\"wp-block-heading\">Podzim v Turecku \u2013 m\u011bs\u00edce od z\u00e1\u0159\u00ed do listopadu<\/h2>\n\n\n\n<p>Od z\u00e1\u0159\u00ed m\u016f\u017eeme pozorovat pomalu se bl\u00ed\u017e\u00edc\u00ed podzim, i kdy\u017e na za\u010d\u00e1tku m\u011bs\u00edce se denn\u00ed teploty u mo\u0159e mohou st\u00e1le bl\u00ed\u017eit 30 \u00b0C. Je to tedy posledn\u00ed \u0161ance v roce, kdy jsou teploty takto vysok\u00e9. Koncem z\u00e1\u0159\u00ed a v \u0159\u00edjnu se hork\u00e9 letn\u00ed po\u010das\u00ed m\u011bn\u00ed v p\u0159\u00edjemn\u00e9, st\u00e1le tepl\u00e9 po\u010das\u00ed (kolem 20\u201325 \u00b0C). Je to ide\u00e1ln\u00ed \u010das na prozkoum\u00e1v\u00e1n\u00ed okoln\u00edch m\u011bst a aktivn\u00ed pobyt na \u010derstv\u00e9m vzduchu.<\/p>\n\n\n\n<p>Koup\u00e1n\u00ed v mo\u0159i je v tomto ro\u010dn\u00edm obdob\u00ed st\u00e1le mo\u017en\u00e9. Ob\u010das se m\u016f\u017ee vyskytnout d\u00e9\u0161\u0165 nebo bou\u0159ky, jejich\u017e frekvence se postupem \u010dasu zvy\u0161uje. Listopad je mnohem chladn\u011bj\u0161\u00ed, ale st\u00e1le si m\u016f\u017eete u\u017e\u00edvat p\u0159\u00edjemn\u00fdch denn\u00edch teplot a tr\u00e1vit \u010das objevov\u00e1n\u00edm. V z\u00e1vislosti na va\u0161\u00ed lokalit\u011b se v\u0161ak tyto teploty mohou v\u00fdrazn\u011b li\u0161it.<\/p>\n\n\n\n<figure class=\"wp-block-image size-full\"><img loading=\"lazy\" decoding=\"async\" width=\"1000\" height=\"667\" src=\"https:\/\/www.tui.cz\/blog\/wp-content\/uploads\/2026\/04\/Uzka-malebna-ulicka-s-kvetinami-kousek-od-Alanyjske-pevnosti-v-Turecku.jpg\" alt=\"\u00dazk\u00e1 malebn\u00e1 uli\u010dka s kv\u011btinami kousek od Alanyjsk\u00e9 pevnosti v Turecku\" class=\"wp-image-11349\" title=\"\" srcset=\"https:\/\/www.tui.cz\/blog\/wp-content\/uploads\/2026\/04\/Uzka-malebna-ulicka-s-kvetinami-kousek-od-Alanyjske-pevnosti-v-Turecku.jpg 1000w, https:\/\/www.tui.cz\/blog\/wp-content\/uploads\/2026\/04\/Uzka-malebna-ulicka-s-kvetinami-kousek-od-Alanyjske-pevnosti-v-Turecku-600x400.jpg 600w, https:\/\/www.tui.cz\/blog\/wp-content\/uploads\/2026\/04\/Uzka-malebna-ulicka-s-kvetinami-kousek-od-Alanyjske-pevnosti-v-Turecku-768x512.jpg 768w, https:\/\/www.tui.cz\/blog\/wp-content\/uploads\/2026\/04\/Uzka-malebna-ulicka-s-kvetinami-kousek-od-Alanyjske-pevnosti-v-Turecku-585x390.jpg 585w, https:\/\/www.tui.cz\/blog\/wp-content\/uploads\/2026\/04\/Uzka-malebna-ulicka-s-kvetinami-kousek-od-Alanyjske-pevnosti-v-Turecku-263x175.jpg 263w\" sizes=\"auto, (max-width: 1000px) 100vw, 1000px\" \/><\/figure>\n\n\n\n<h2 class=\"wp-block-heading\">Zima v Turecku \u2013 m\u011bs\u00edce od prosince do \u00fanora<\/h2>\n\n\n\n<p>Turecko obecn\u011b neb\u00fdv\u00e1 vn\u00edm\u00e1no jako typick\u00e1 zimn\u00ed dovolenkov\u00e1 destinace. N\u011bkter\u00e9 regiony v\u0161ak st\u00e1le nab\u00edzej\u00ed zaj\u00edmav\u00e9 mo\u017enosti, kter\u00e9 stoj\u00ed za zv\u00e1\u017een\u00ed. Nap\u0159\u00edklad horsk\u00e9 oblasti st\u0159edn\u00edho a v\u00fdchodn\u00edho Turecka se py\u0161n\u00ed typick\u00fdmi zimn\u00edmi atrakcemi. Najdete zde n\u011bkolik ly\u017ea\u0159sk\u00fdch st\u0159edisek, jako je obl\u00edben\u00fd Uluda\u011f, rodinn\u00fd, a proto klidn\u011bj\u0161\u00ed Paland\u00f6ken nebo st\u0159edisko Erciyes le\u017e\u00edc\u00ed na \u00fapat\u00ed vyhasl\u00e9 sopky Erciyes Da\u011f\u0131.&nbsp;<\/p>\n\n\n\n<p>V typick\u00fdch letovisc\u00edch na pob\u0159e\u017e\u00ed St\u0159edozemn\u00edho mo\u0159e se v\u0161ak s mrazivou zimou nesetk\u00e1te. Pr\u016fm\u011brn\u00e1 denn\u00ed teplota je 15 \u00b0C a mo\u017en\u00fd je i d\u00e9\u0161\u0165. I tak se sem vyplat\u00ed vyrazit, obzvl\u00e1\u0161\u0165 pokud v\u00e1s l\u00e1k\u00e1 tureck\u00e1 historie a kultura, ale \u0161patn\u011b sn\u00e1\u0161\u00edte letn\u00ed vedra.<\/p>\n\n\n\n<figure class=\"wp-block-image size-full\"><img loading=\"lazy\" decoding=\"async\" width=\"1000\" height=\"667\" src=\"https:\/\/www.tui.cz\/blog\/wp-content\/uploads\/2026\/04\/Vesnicka-Uchisar-v-Kappadokii-pokryta-snehem.jpg\" alt=\"Vesni\u010dka Uchisar v Kappadokii pokryt\u00e1 sn\u011bhem\" class=\"wp-image-11348\" title=\"\" srcset=\"https:\/\/www.tui.cz\/blog\/wp-content\/uploads\/2026\/04\/Vesnicka-Uchisar-v-Kappadokii-pokryta-snehem.jpg 1000w, https:\/\/www.tui.cz\/blog\/wp-content\/uploads\/2026\/04\/Vesnicka-Uchisar-v-Kappadokii-pokryta-snehem-600x400.jpg 600w, https:\/\/www.tui.cz\/blog\/wp-content\/uploads\/2026\/04\/Vesnicka-Uchisar-v-Kappadokii-pokryta-snehem-768x512.jpg 768w, https:\/\/www.tui.cz\/blog\/wp-content\/uploads\/2026\/04\/Vesnicka-Uchisar-v-Kappadokii-pokryta-snehem-585x390.jpg 585w, https:\/\/www.tui.cz\/blog\/wp-content\/uploads\/2026\/04\/Vesnicka-Uchisar-v-Kappadokii-pokryta-snehem-263x175.jpg 263w\" sizes=\"auto, (max-width: 1000px) 100vw, 1000px\" \/><\/figure>\n\n\n\n<p>Stru\u010dn\u011b \u0159e\u010deno, v\u00fdb\u011br dovolen\u00e9 do Turecka z\u00e1vis\u00ed na va\u0161ich preferenc\u00edch ohledn\u011b po\u010das\u00ed a pl\u00e1novan\u00fdch aktivit\u00e1ch. V Turecku se st\u0159\u00eddaj\u00ed \u010dty\u0159i ro\u010dn\u00ed obdob\u00ed a ka\u017ed\u00e9 z nich je trochu jin\u00e9. D\u00edky tomu zde m\u016f\u017eete str\u00e1vit kouzelnou dovolenou mnoha r\u016fzn\u00fdmi zp\u016fsoby. P\u0159ed odletem si nezapome\u0148te zkontrolovat p\u0159edpov\u011b\u010f po\u010das\u00ed a sbalit si vhodn\u00e9 oble\u010den\u00ed a opalovac\u00ed kr\u00e9m.<\/p>\n\n\n\n<div class=\"wp-block-buttons is-content-justification-center is-layout-flex wp-container-core-buttons-is-layout-16018d1d wp-block-buttons-is-layout-flex\">\n<div class=\"wp-block-button\"><a class=\"wp-block-button__link has-vivid-red-background-color has-background has-normal-font-size has-custom-font-size wp-element-button\" href=\"https:\/\/www.tui.cz\/dovolena\/turecko\/nabidky-hotely\" target=\"_blank\" rel=\"noreferrer noopener\">Vybrat z\u00e1jezd do Turecka<\/a><\/div>\n<\/div>\n","protected":false},"excerpt":{"rendered":"<p>Turecko je malebn\u00e1 zem\u011b a obl\u00edben\u00e1 destinace pro mnoho turist\u016f z cel\u00e9ho sv\u011bta. Nab\u00edz\u00ed jedine\u010dn\u00e9 mo\u017enosti pro \u00fa\u017easnou dovolenou, od p\u016fvabn\u00fdch pl\u00e1\u017e\u00ed St\u0159edozemn\u00edho mo\u0159e a\u017e po Kappadokii se slavn\u00fdm \u00dadol\u00edm&hellip;<\/p>\n","protected":false},"author":59,"featured_media":11346,"comment_status":"open","ping_status":"closed","sticky":false,"template":"","format":"standard","meta":{"_lmt_disableupdate":"","_lmt_disable":"","footnotes":""},"categories":[182],"tags":[],"class_list":["post-11345","post","type-post","status-publish","format-standard","has-post-thumbnail","hentry","category-cestovani"],"home_img_url":"https:\/\/www.tui.cz\/blog\/wp-content\/uploads\/2026\/04\/Pobrezi-v-Kemeru-v-Turecku-s-morem-osvicenym-jasnym-sluncem-v-seru-585x390.jpg","home_img_alt":"Pob\u0159e\u017e\u00ed v Kemeru v Turecku s mo\u0159em osv\u00edcen\u00fdm jasn\u00fdm sluncem v \u0161eru","_links":{"self":[{"href":"https:\/\/www.tui.cz\/blog\/wp-json\/wp\/v2\/posts\/11345","targetHints":{"allow":["GET"]}}],"collection":[{"href":"https:\/\/www.tui.cz\/blog\/wp-json\/wp\/v2\/posts"}],"about":[{"href":"https:\/\/www.tui.cz\/blog\/wp-json\/wp\/v2\/types\/post"}],"author":[{"embeddable":true,"href":"https:\/\/www.tui.cz\/blog\/wp-json\/wp\/v2\/users\/59"}],"replies":[{"embeddable":true,"href":"https:\/\/www.tui.cz\/blog\/wp-json\/wp\/v2\/comments?post=11345"}],"version-history":[{"count":1,"href":"https:\/\/www.tui.cz\/blog\/wp-json\/wp\/v2\/posts\/11345\/revisions"}],"predecessor-version":[{"id":11351,"href":"https:\/\/www.tui.cz\/blog\/wp-json\/wp\/v2\/posts\/11345\/revisions\/11351"}],"wp:featuredmedia":[{"embeddable":true,"href":"https:\/\/www.tui.cz\/blog\/wp-json\/wp\/v2\/media\/11346"}],"wp:attachment":[{"href":"https:\/\/www.tui.cz\/blog\/wp-json\/wp\/v2\/media?parent=11345"}],"wp:term":[{"taxonomy":"category","embeddable":true,"href":"https:\/\/www.tui.cz\/blog\/wp-json\/wp\/v2\/categories?post=11345"},{"taxonomy":"post_tag","embeddable":true,"href":"https:\/\/www.tui.cz\/blog\/wp-json\/wp\/v2\/tags?post=11345"}],"curies":[{"name":"wp","href":"https:\/\/api.w.org\/{rel}","templated":true}]}}