{"id":11362,"date":"2026-04-27T19:20:00","date_gmt":"2026-04-27T17:20:00","guid":{"rendered":"https:\/\/www.tui.cz\/blog\/?p=11362"},"modified":"2026-04-23T12:35:59","modified_gmt":"2026-04-23T10:35:59","slug":"co-zazit-v-jerez-de-la-frontera","status":"publish","type":"post","link":"https:\/\/www.tui.cz\/blog\/co-zazit-v-jerez-de-la-frontera\/","title":{"rendered":"Jerez de la Frontera \u2013 srdce Andalusie pln\u00e9 v\u00e1\u0161n\u011b a tradice"},"content":{"rendered":"\n<p>Jerez de la Frontera, jedno z nejkr\u00e1sn\u011bj\u0161\u00edch m\u011bst Andalusie na pob\u0159e\u017e\u00ed Costa de la Luz, je m\u00edstem, kde se tradice setk\u00e1v\u00e1 s autentick\u00fdm \u0161pan\u011blsk\u00fdm \u017eivotn\u00edm stylem. Jerez, zn\u00e1m\u00fd p\u0159edev\u0161\u00edm pro flamenco, sherry a slavn\u00e9 andalusk\u00e9 kon\u011b, nab\u00edz\u00ed jedine\u010dn\u00e9 z\u00e1\u017eitky, kter\u00e9 v\u00e1m utkv\u00ed v pam\u011bti. Je ide\u00e1ln\u00ed destinac\u00ed pro milovn\u00edky historie i pro ty, kte\u0159\u00ed cht\u011bj\u00ed okusit \u0161pan\u011blskou kulturu.<\/p>\n\n\n\n<h2 class=\"wp-block-heading\">Flamenco \u2013 du\u0161e Jerezu<\/h2>\n\n\n\n<figure class=\"wp-block-image size-full\"><img loading=\"lazy\" decoding=\"async\" width=\"1024\" height=\"682\" src=\"https:\/\/www.tui.cz\/blog\/wp-content\/uploads\/2026\/04\/Tenec-flamenco-v-Jezer-de-la-Frontera.jpg\" alt=\"Tenec flamenco v Jezer de la Frontera\" class=\"wp-image-11363\" title=\"\" srcset=\"https:\/\/www.tui.cz\/blog\/wp-content\/uploads\/2026\/04\/Tenec-flamenco-v-Jezer-de-la-Frontera.jpg 1024w, https:\/\/www.tui.cz\/blog\/wp-content\/uploads\/2026\/04\/Tenec-flamenco-v-Jezer-de-la-Frontera-600x400.jpg 600w, https:\/\/www.tui.cz\/blog\/wp-content\/uploads\/2026\/04\/Tenec-flamenco-v-Jezer-de-la-Frontera-768x512.jpg 768w, https:\/\/www.tui.cz\/blog\/wp-content\/uploads\/2026\/04\/Tenec-flamenco-v-Jezer-de-la-Frontera-585x390.jpg 585w, https:\/\/www.tui.cz\/blog\/wp-content\/uploads\/2026\/04\/Tenec-flamenco-v-Jezer-de-la-Frontera-263x175.jpg 263w\" sizes=\"auto, (max-width: 1024px) 100vw, 1024px\" \/><\/figure>\n\n\n\n<p>Jerez je jedn\u00edm z nejd\u016fle\u017eit\u011bj\u0161\u00edch m\u00edst na map\u011b flamenca, pova\u017eovan\u00fdm za kol\u00e9bku tohoto ohniv\u00e9ho, v\u00e1\u0161niv\u00e9ho tance. P\u0159i proch\u00e1zce ulicemi m\u011bsta m\u016f\u017eete sly\u0161et zvuky kytar a na ka\u017ed\u00e9m kroku potkat um\u011blce. Za n\u00e1v\u0161t\u011bvu stoj\u00ed jeden z mnoha pe\u00f1as flamencas \u2013 flamencov\u00fdch klub\u016f, kde se tane\u010dn\u00ed tradice p\u011bstuje po generace. Ka\u017ed\u00fd rok se zde kon\u00e1 presti\u017en\u00ed Flamenco Festival, kter\u00fd p\u0159itahuje ty nejlep\u0161\u00ed um\u011blce z cel\u00e9ho sv\u011bta.<\/p>\n\n\n\n<h2 class=\"wp-block-heading\">Sherry \u2013 poklad Jerezu<\/h2>\n\n\n\n<figure class=\"wp-block-image size-full\"><img loading=\"lazy\" decoding=\"async\" width=\"1024\" height=\"683\" src=\"https:\/\/www.tui.cz\/blog\/wp-content\/uploads\/2026\/04\/ochutnavka-sherry-v-Jerez-de-la-Frontera.jpg\" alt=\"ochutn\u00e1vka sherry v Jerez de la Frontera\" class=\"wp-image-11364\" title=\"\" srcset=\"https:\/\/www.tui.cz\/blog\/wp-content\/uploads\/2026\/04\/ochutnavka-sherry-v-Jerez-de-la-Frontera.jpg 1024w, https:\/\/www.tui.cz\/blog\/wp-content\/uploads\/2026\/04\/ochutnavka-sherry-v-Jerez-de-la-Frontera-600x400.jpg 600w, https:\/\/www.tui.cz\/blog\/wp-content\/uploads\/2026\/04\/ochutnavka-sherry-v-Jerez-de-la-Frontera-768x512.jpg 768w, https:\/\/www.tui.cz\/blog\/wp-content\/uploads\/2026\/04\/ochutnavka-sherry-v-Jerez-de-la-Frontera-585x390.jpg 585w, https:\/\/www.tui.cz\/blog\/wp-content\/uploads\/2026\/04\/ochutnavka-sherry-v-Jerez-de-la-Frontera-263x175.jpg 263w\" sizes=\"auto, (max-width: 1024px) 100vw, 1024px\" \/><\/figure>\n\n\n\n<p>O Jerezu se ned\u00e1 mluvit bez zm\u00ednky o sherry, slavn\u00e9m \u0161pan\u011blsk\u00e9m v\u00edn\u011b, kter\u00e9 odtud poch\u00e1z\u00ed. Oblast kolem m\u011bsta je jedn\u00edm z nejd\u016fle\u017eit\u011bj\u0161\u00edch center produkce sherry na sv\u011bt\u011b. N\u00e1v\u0161t\u011bva jedn\u00e9 z vinic (bodegas) je nutnost\u00ed pro ka\u017ed\u00e9ho n\u00e1v\u0161t\u011bvn\u00edka. B\u011bhem prohl\u00eddky se m\u016f\u017eete dozv\u011bd\u011bt, jak se vyr\u00e1b\u011bj\u00ed r\u016fzn\u00e9 druhy sherry, a na konci ochutnat v\u00fdb\u011br v\u00edn. Nezapome\u0148te oko\u0161tovat vynikaj\u00edc\u00ed Fino, aromatick\u00e9 Amontillado nebo sladkou dezertn\u00ed verzi Pedro Xim\u00e9nez.<\/p>\n\n\n\n<h2 class=\"wp-block-heading\">Andalu\u0161t\u00ed kon\u011b \u2013 chlouba Jerezu<\/h2>\n\n\n\n<figure class=\"wp-block-image size-full\"><img loading=\"lazy\" decoding=\"async\" width=\"1000\" height=\"667\" src=\"https:\/\/www.tui.cz\/blog\/wp-content\/uploads\/2026\/04\/andalusti-kone-jezdecky-balet-predstaveni-v-Jerez-de-la-Frontera.jpg\" alt=\"andalu\u0161t\u00ed kon\u011b, jezdeck\u00fd balet, p\u0159edstaven\u00ed v Jerez de la Frontera\" class=\"wp-image-11365\" title=\"\" srcset=\"https:\/\/www.tui.cz\/blog\/wp-content\/uploads\/2026\/04\/andalusti-kone-jezdecky-balet-predstaveni-v-Jerez-de-la-Frontera.jpg 1000w, https:\/\/www.tui.cz\/blog\/wp-content\/uploads\/2026\/04\/andalusti-kone-jezdecky-balet-predstaveni-v-Jerez-de-la-Frontera-600x400.jpg 600w, https:\/\/www.tui.cz\/blog\/wp-content\/uploads\/2026\/04\/andalusti-kone-jezdecky-balet-predstaveni-v-Jerez-de-la-Frontera-768x512.jpg 768w, https:\/\/www.tui.cz\/blog\/wp-content\/uploads\/2026\/04\/andalusti-kone-jezdecky-balet-predstaveni-v-Jerez-de-la-Frontera-585x390.jpg 585w, https:\/\/www.tui.cz\/blog\/wp-content\/uploads\/2026\/04\/andalusti-kone-jezdecky-balet-predstaveni-v-Jerez-de-la-Frontera-263x175.jpg 263w\" sizes=\"auto, (max-width: 1000px) 100vw, 1000px\" \/><\/figure>\n\n\n\n<p>Jerez de la Frontera se pova\u017euje i za hlavn\u00ed m\u011bsto jezdectv\u00ed. Je domovem proslul\u00e9 Kr\u00e1lovsk\u00e9 andalusk\u00e9 \u0161koly jezdeck\u00e9ho um\u011bn\u00ed, kter\u00e1 po stalet\u00ed p\u011bstuje tradici chovu andalusk\u00fdch kon\u00ed. P\u0159edstaven\u00ed t\u011bchto majest\u00e1tn\u00edch zv\u00ed\u0159at, zn\u00e1m\u00e1 jako \u201ejezdeck\u00fd balet\u201c, jsou pod\u00edvanou elegance a preciznosti, kter\u00e1 uchvacuje turisty z cel\u00e9ho sv\u011bta. Milovn\u00edci kon\u00ed mohou tak\u00e9 nav\u0161t\u00edvit Muzeum jezdeck\u00e9ho um\u011bn\u00ed, kde se dozv\u00ed v\u00edce o historii tohoto mimo\u0159\u00e1dn\u00e9ho umu.<\/p>\n\n\n\n<h2 class=\"wp-block-heading\">Kultura a pam\u00e1tky \u2013 historie v srdci Jerezu<\/h2>\n\n\n\n<figure class=\"wp-block-image size-full\"><img loading=\"lazy\" decoding=\"async\" width=\"1024\" height=\"683\" src=\"https:\/\/www.tui.cz\/blog\/wp-content\/uploads\/2026\/04\/katedrala-San-Salvador-v-Jerez-de-la-Frontera-Spanelsko.jpg\" alt=\"katedr\u00e1la San Salvador v Jerez de la Frontera \u0160pan\u011blsko\" class=\"wp-image-11366\" title=\"\" srcset=\"https:\/\/www.tui.cz\/blog\/wp-content\/uploads\/2026\/04\/katedrala-San-Salvador-v-Jerez-de-la-Frontera-Spanelsko.jpg 1024w, https:\/\/www.tui.cz\/blog\/wp-content\/uploads\/2026\/04\/katedrala-San-Salvador-v-Jerez-de-la-Frontera-Spanelsko-600x400.jpg 600w, https:\/\/www.tui.cz\/blog\/wp-content\/uploads\/2026\/04\/katedrala-San-Salvador-v-Jerez-de-la-Frontera-Spanelsko-768x512.jpg 768w, https:\/\/www.tui.cz\/blog\/wp-content\/uploads\/2026\/04\/katedrala-San-Salvador-v-Jerez-de-la-Frontera-Spanelsko-585x390.jpg 585w, https:\/\/www.tui.cz\/blog\/wp-content\/uploads\/2026\/04\/katedrala-San-Salvador-v-Jerez-de-la-Frontera-Spanelsko-263x175.jpg 263w\" sizes=\"auto, (max-width: 1024px) 100vw, 1024px\" \/><\/figure>\n\n\n\n<p>M\u011bsto je pln\u00e9 kulturn\u00edho d\u011bdictv\u00ed, kter\u00e9 pot\u011b\u0161\u00ed milovn\u00edky historie. Jeho nejv\u00fdznamn\u011bj\u0161\u00ed pam\u00e1tkou je Alc\u00e1zar, maursk\u00e1 pevnost z 11. stolet\u00ed s kr\u00e1sn\u00fdmi zahradami, me\u0161itou a renesan\u010dn\u00ed kapl\u00ed. Nedaleko se nach\u00e1z\u00ed katedr\u00e1la San Salvador, kr\u00e1sn\u00fd p\u0159\u00edklad f\u00faze gotick\u00e9ho, barokn\u00edho a neoklasicistn\u00edho stylu. Jerez se py\u0161n\u00ed tak\u00e9 men\u0161\u00edmi, ale stejn\u011b okouzluj\u00edc\u00edmi pam\u00e1tkami, jako je kostel San Miguel a n\u00e1m\u011bst\u00ed Plaza de Arenal, srdce spole\u010densk\u00e9ho \u017eivota m\u011bsta. Milovn\u00edci um\u011bn\u00ed zde najdou \u0159adu muze\u00ed a galeri\u00ed, v\u010detn\u011b Muzea flamenca, kter\u00e9 vzd\u00e1v\u00e1 hold tane\u010dn\u00edmu d\u011bdictv\u00ed m\u011bsta.<\/p>\n\n\n\n<h2 class=\"wp-block-heading\">Chu\u0165 Andalusie \u2013 kulin\u00e1\u0159sk\u00e1 cesta Jerezem<\/h2>\n\n\n\n<p>Kuchyn\u011b Jerez de la Frontera je opravdovou pastvou pro chu\u0165ov\u00e9 poh\u00e1rky. Nejlep\u0161\u00ed zp\u016fsob, jak objevit jej\u00ed chut\u011b, je ochutnat tapas v mnoha barech rozeset\u00fdch po cel\u00e9m m\u011bst\u011b. Za vyzkou\u0161en\u00ed stoj\u00ed klasick\u00e9 pokrmy, jako jsou tortillitas de camarones \u2013 jemn\u00e9 krevety v t\u011bst\u00ed\u010dku \u2013 nebo salmorejo \u2013 kr\u00e9mov\u00e1 studen\u00e1 raj\u010datov\u00e1 pol\u00e9vka. Tyto pokrmy se dokonale hod\u00ed ke sklence m\u00edstn\u00edho sherry, kter\u00e9 dokonale podtrhne jejich chu\u0165. Ve\u010dern\u00ed tapas jsou skute\u010dn\u00fdm ritu\u00e1lem, kter\u00fd spojuje m\u00edstn\u00ed obyvatele s turisty a vytv\u00e1\u0159\u00ed jedine\u010dnou atmosf\u00e9ru.<\/p>\n\n\n\n<h2 class=\"wp-block-heading\">Sv\u00e1tky a festivaly \u2013 \u017eivot v Jerezu v rytmu tradic<\/h2>\n\n\n\n<figure class=\"wp-block-image size-full\"><img loading=\"lazy\" decoding=\"async\" width=\"1024\" height=\"743\" src=\"https:\/\/www.tui.cz\/blog\/wp-content\/uploads\/2026\/04\/Festival-v-Jerez-de-la-Frontera.jpg\" alt=\"Festival v Jerez de la Frontera\" class=\"wp-image-11367\" title=\"\" srcset=\"https:\/\/www.tui.cz\/blog\/wp-content\/uploads\/2026\/04\/Festival-v-Jerez-de-la-Frontera.jpg 1024w, https:\/\/www.tui.cz\/blog\/wp-content\/uploads\/2026\/04\/Festival-v-Jerez-de-la-Frontera-600x435.jpg 600w, https:\/\/www.tui.cz\/blog\/wp-content\/uploads\/2026\/04\/Festival-v-Jerez-de-la-Frontera-768x557.jpg 768w, https:\/\/www.tui.cz\/blog\/wp-content\/uploads\/2026\/04\/Festival-v-Jerez-de-la-Frontera-585x424.jpg 585w\" sizes=\"auto, (max-width: 1024px) 100vw, 1024px\" \/><\/figure>\n\n\n\n<p>Jerez de la Frontera je m\u011bsto, kter\u00e9 \u017eije v rytmu mnoha sv\u00e1tk\u016f a festival\u016f, z nich\u017e nejd\u016fle\u017eit\u011bj\u0161\u00ed je Feria del Caballo, ka\u017edoro\u010dn\u00ed festival kon\u00ed. B\u011bhem t\u00e9to barevn\u00e9 a radostn\u00e9 ud\u00e1losti si obyvatel\u00e9 obl\u00e9kaj\u00ed tradi\u010dn\u00ed andalusk\u00e9 kroje a m\u011bsto se prom\u011bn\u00ed v rozlehl\u00fd z\u00e1bavn\u00ed park. Ko\u0148sk\u00e9 pr\u016fvody, \u017eiv\u00e1 flamencov\u00e1 hudba a lahodn\u00e9 j\u00eddlo jsou jen n\u011bkter\u00e9 z atrakc\u00ed tohoto festivalu. Mezi dal\u0161\u00ed d\u016fle\u017eit\u00e9 akce pat\u0159\u00ed Semana Santa, velikono\u010dn\u00ed pr\u016fvod, a ji\u017e zm\u00edn\u011bn\u00fd festival Flamenco, kter\u00fd p\u0159itahuje um\u011blce a milovn\u00edky tohoto ikonick\u00e9ho tance z cel\u00e9ho sv\u011bta. Jerez je m\u00edstem, kde jsou tradice hluboce zako\u0159en\u011bny v ka\u017edodenn\u00edm \u017eivot\u011b, tak\u017ee ka\u017ed\u00e1 p\u0159\u00edle\u017eitost je velkolep\u00fdm z\u00e1\u017eitkem.<\/p>\n\n\n\n<p>M\u011bsto Jerez de la Frontera okouzluje svou autentickou atmosf\u00e9rou a hlubok\u00fdm pono\u0159en\u00edm se do \u0161pan\u011blsk\u00e9 tradice. Je to m\u00edsto, kde m\u016f\u017eete za\u017e\u00edt du\u0161i Andalusie, objevovat flamenco, ochutn\u00e1vat sherry a obdivovat kr\u00e1su andalusk\u00fdch kon\u00ed. U\u017eijete si tu jak del\u0161\u00ed pobyt, tak v\u00fdlet z obl\u00edben\u00e9 <a href=\"https:\/\/www.tui.cz\/dovolena\/spanelsko\/costa-de-la-luz-huelva\" target=\"_blank\" rel=\"noreferrer noopener\">provincie Huelva<\/a>. Jerez je esenc\u00ed ji\u017en\u00edho <a href=\"https:\/\/www.tui.cz\/dovolena\/spanelsko\" target=\"_blank\" rel=\"noreferrer noopener\">\u0160pan\u011blska<\/a> a mus\u00edte ho vid\u011bt.<\/p>\n\n\n\n<div class=\"wp-block-buttons is-content-justification-center is-layout-flex wp-container-core-buttons-is-layout-16018d1d wp-block-buttons-is-layout-flex\">\n<div class=\"wp-block-button\"><a class=\"wp-block-button__link has-vivid-red-background-color has-background has-normal-font-size has-custom-font-size wp-element-button\" href=\"https:\/\/www.tui.cz\/dovolena\/spanelsko\/costa-de-la-luz-huelva\/odlety-z-prahy\" target=\"_blank\" rel=\"noreferrer noopener\">Prohl\u00e9dnout si nab\u00eddky na Costa de la Luz<\/a><\/div>\n<\/div>\n\n\n\n<p><\/p>\n","protected":false},"excerpt":{"rendered":"<p>Jerez de la Frontera, jedno z nejkr\u00e1sn\u011bj\u0161\u00edch m\u011bst Andalusie na pob\u0159e\u017e\u00ed Costa de la Luz, je m\u00edstem, kde se tradice setk\u00e1v\u00e1 s autentick\u00fdm \u0161pan\u011blsk\u00fdm \u017eivotn\u00edm stylem. Jerez, zn\u00e1m\u00fd p\u0159edev\u0161\u00edm pro&hellip;<\/p>\n","protected":false},"author":54,"featured_media":11368,"comment_status":"open","ping_status":"closed","sticky":false,"template":"","format":"standard","meta":{"_lmt_disableupdate":"","_lmt_disable":"","footnotes":""},"categories":[182],"tags":[],"class_list":["post-11362","post","type-post","status-publish","format-standard","has-post-thumbnail","hentry","category-cestovani"],"home_img_url":"https:\/\/www.tui.cz\/blog\/wp-content\/uploads\/2026\/04\/Jerez-de-la-Frontera-Andalusie-Spanelsko-585x390.jpg","home_img_alt":"Jerez de la Frontera Andalusie \u0160pan\u011blsko","_links":{"self":[{"href":"https:\/\/www.tui.cz\/blog\/wp-json\/wp\/v2\/posts\/11362","targetHints":{"allow":["GET"]}}],"collection":[{"href":"https:\/\/www.tui.cz\/blog\/wp-json\/wp\/v2\/posts"}],"about":[{"href":"https:\/\/www.tui.cz\/blog\/wp-json\/wp\/v2\/types\/post"}],"author":[{"embeddable":true,"href":"https:\/\/www.tui.cz\/blog\/wp-json\/wp\/v2\/users\/54"}],"replies":[{"embeddable":true,"href":"https:\/\/www.tui.cz\/blog\/wp-json\/wp\/v2\/comments?post=11362"}],"version-history":[{"count":1,"href":"https:\/\/www.tui.cz\/blog\/wp-json\/wp\/v2\/posts\/11362\/revisions"}],"predecessor-version":[{"id":11369,"href":"https:\/\/www.tui.cz\/blog\/wp-json\/wp\/v2\/posts\/11362\/revisions\/11369"}],"wp:featuredmedia":[{"embeddable":true,"href":"https:\/\/www.tui.cz\/blog\/wp-json\/wp\/v2\/media\/11368"}],"wp:attachment":[{"href":"https:\/\/www.tui.cz\/blog\/wp-json\/wp\/v2\/media?parent=11362"}],"wp:term":[{"taxonomy":"category","embeddable":true,"href":"https:\/\/www.tui.cz\/blog\/wp-json\/wp\/v2\/categories?post=11362"},{"taxonomy":"post_tag","embeddable":true,"href":"https:\/\/www.tui.cz\/blog\/wp-json\/wp\/v2\/tags?post=11362"}],"curies":[{"name":"wp","href":"https:\/\/api.w.org\/{rel}","templated":true}]}}