{"id":11370,"date":"2026-04-29T12:53:59","date_gmt":"2026-04-29T10:53:59","guid":{"rendered":"https:\/\/www.tui.cz\/blog\/?p=11370"},"modified":"2026-04-23T13:10:26","modified_gmt":"2026-04-23T11:10:26","slug":"suvenyry-z-recka","status":"publish","type":"post","link":"https:\/\/www.tui.cz\/blog\/suvenyry-z-recka\/","title":{"rendered":"Symboly \u0158ecka \u2013 co se vyplat\u00ed p\u0159iv\u00e9zt z dovolen\u00e9 v ji\u017en\u00ed Evrop\u011b?"},"content":{"rendered":"\n<p>Cesta do <a href=\"https:\/\/www.tui.cz\/dovolena\/recko\" target=\"_blank\" rel=\"noreferrer noopener\">\u0158ecka<\/a> je mnohem v\u00edc ne\u017e jen obdivov\u00e1n\u00ed starov\u011bk\u00fdch ruin a relaxace na slunn\u00fdch pl\u00e1\u017e\u00edch. Je to skv\u011bl\u00e1 p\u0159\u00edle\u017eitost p\u0159iv\u00e9zt si dom\u016f kousek jeho nev\u0161edn\u00ed kultury v podob\u011b jedine\u010dn\u00fdch suven\u00fdr\u016f. Ale co si z barevn\u00fdch st\u00e1nk\u016f a m\u00edstn\u00edch obchod\u016f vybrat? Objevte s n\u00e1mi nejd\u016fle\u017eit\u011bj\u0161\u00ed symboly \u0158ecka a zjist\u011bte, co si z cesty koupit, aby va\u0161e dovolen\u00e1 v \u0158ecku trvala po cel\u00fd rok!<\/p>\n\n\n\n<h2 class=\"wp-block-heading\">Symboly \u0158ecka a nejzaj\u00edmav\u011bj\u0161\u00ed suven\u00fdry<\/h2>\n\n\n\n<p>\u0158ecko je zem\u011b, kter\u00e1 po stalet\u00ed fascinuje n\u00e1v\u0161t\u011bvn\u00edky sv\u00fdm bohat\u00fdm d\u011bdictv\u00edm, jedine\u010dnou kulturou a mimo\u0159\u00e1dn\u00fdmi symboly rozpoznateln\u00fdmi po cel\u00e9m sv\u011bt\u011b. Vzpom\u00ednky na dovolenou z jeho slunn\u00fdch ostrov\u016f jsou pln\u00e9 v\u016fn\u00ed slan\u00e9ho mo\u0159e, tepl\u00e9 zem\u011b a bylin.&nbsp;<\/p>\n\n\n\n<p>Chcete-li si tyto prchav\u00e9 okam\u017eiky uchovat na del\u0161\u00ed dobu, stoj\u00ed za to si s sebou p\u0159iv\u00e9zt suven\u00fdry, kter\u00e9 jsou esenc\u00ed \u0159eck\u00e9ho \u017eivotn\u00edho stylu \u2013 pln\u00e9ho jednoduchosti a radosti. D\u00edky nim s v\u00e1mi \u0159eck\u00e9 l\u00e9to z\u016fstane d\u00e9le, zachycen\u00e9 v chuti, v\u016fni a doteku unik\u00e1tn\u00edch p\u0159edm\u011bt\u016f.&nbsp;<\/p>\n\n\n\n<p>Mezi nejobl\u00edben\u011bj\u0161\u00ed suven\u00fdry z \u0158ecka pat\u0159\u00ed:<\/p>\n\n\n\n<ul class=\"wp-block-list\">\n<li>\u0159emesln\u00e9 v\u00fdrobky (keramika, textil, v\u00fdrobky z mo\u0159sk\u00e9 tr\u00e1vy);<\/li>\n\n\n\n<li>sand\u00e1ly a dal\u0161\u00ed ko\u017een\u00e9 zbo\u017e\u00ed;<\/li>\n\n\n\n<li>v\u00fdrobky z p\u0159\u00edrodn\u00ed mo\u0159sk\u00e9 houby;<\/li>\n\n\n\n<li>olivov\u00fd olej;<\/li>\n\n\n\n<li>ouzo;<\/li>\n\n\n\n<li>\u0159eck\u00e1 k\u00e1va;<\/li>\n\n\n\n<li>tymi\u00e1nov\u00fd med;<\/li>\n\n\n\n<li>oko proroka (<em>mati<\/em>);<\/li>\n\n\n\n<li>komboloi.<\/li>\n<\/ul>\n\n\n\n<h2 class=\"wp-block-heading\">Co si p\u0159iv\u00e9zt z \u0158ecka? \u0158emesln\u00e9 v\u00fdrobky a p\u0159edm\u011bty pro ka\u017edodenn\u00ed pou\u017eit\u00ed<\/h2>\n\n\n\n<figure class=\"wp-block-image size-full\"><img loading=\"lazy\" decoding=\"async\" width=\"1000\" height=\"666\" src=\"https:\/\/www.tui.cz\/blog\/wp-content\/uploads\/2026\/04\/Barevne-rucne-vyrabene-keramicke-misky-z-ostrova-Kos-s-ruznymi-vzory.jpg\" alt=\"Barevn\u00e9 ru\u010dn\u011b vyr\u00e1b\u011bn\u00e9 keramick\u00e9 misky z ostrova Kos s r\u016fzn\u00fdmi vzory\" class=\"wp-image-11373\" title=\"\" srcset=\"https:\/\/www.tui.cz\/blog\/wp-content\/uploads\/2026\/04\/Barevne-rucne-vyrabene-keramicke-misky-z-ostrova-Kos-s-ruznymi-vzory.jpg 1000w, https:\/\/www.tui.cz\/blog\/wp-content\/uploads\/2026\/04\/Barevne-rucne-vyrabene-keramicke-misky-z-ostrova-Kos-s-ruznymi-vzory-600x400.jpg 600w, https:\/\/www.tui.cz\/blog\/wp-content\/uploads\/2026\/04\/Barevne-rucne-vyrabene-keramicke-misky-z-ostrova-Kos-s-ruznymi-vzory-768x511.jpg 768w, https:\/\/www.tui.cz\/blog\/wp-content\/uploads\/2026\/04\/Barevne-rucne-vyrabene-keramicke-misky-z-ostrova-Kos-s-ruznymi-vzory-585x390.jpg 585w, https:\/\/www.tui.cz\/blog\/wp-content\/uploads\/2026\/04\/Barevne-rucne-vyrabene-keramicke-misky-z-ostrova-Kos-s-ruznymi-vzory-263x175.jpg 263w\" sizes=\"auto, (max-width: 1000px) 100vw, 1000px\" \/><\/figure>\n\n\n\n<p>\u0158eck\u00e9 trhy a m\u00edstn\u00ed d\u00edlny l\u00e1kaj\u00ed n\u00e1v\u0161t\u011bvn\u00edky velk\u00fdm mno\u017estv\u00edm kvalitn\u00edch \u0159emesln\u00fdch v\u00fdrobk\u016f a p\u0159edm\u011bt\u016f pro ka\u017edodenn\u00ed pou\u017eit\u00ed. Sc\u00e9n\u011b dominuje ru\u010dn\u011b vyr\u00e1b\u011bn\u00e1 keramika, barevn\u00e9 l\u00e1tky a dopl\u0148ky z olivov\u00e9ho d\u0159eva. Pr\u00e1v\u011b zde najdete ty nejlep\u0161\u00ed suven\u00fdry \u2013 misky, tal\u00ed\u0159e a hrnky zdoben\u00e9 tradi\u010dn\u00edmi vzory, ln\u011bn\u00e9 nebo bavln\u011bn\u00e9 ubrusy, ubrousky a ta\u0161ky, ale i pevn\u00e1 prk\u00e9nka a l\u017e\u00edce vyroben\u00e9 z m\u00edstn\u00edho d\u0159eva.&nbsp;<\/p>\n\n\n\n<p>Obzvl\u00e1\u0161t\u011b obl\u00edben\u00e9 je d\u0159ev\u011bn\u00e9 kuchy\u0148sk\u00e9 n\u00e1\u010din\u00ed z Kr\u00e9ty, cen\u011bn\u00e9 pro svou odolnost, pevnost a p\u0159irozen\u00e9 antibakteri\u00e1ln\u00ed vlastnosti. Ka\u017ed\u00fd kus se vyzna\u010duje jedine\u010dn\u00fdm vzorem letokruh\u016f a jemnou v\u016fn\u00ed d\u0159eva. V\u00fdroba je nav\u00edc \u0161etrn\u00e1 k \u017eivotn\u00edmu prost\u0159ed\u00ed \u2013 \u010dasto se pou\u017e\u00edvaj\u00ed v\u011btve sklizen\u00e9 p\u0159i pravideln\u00e9m pro\u0159ez\u00e1v\u00e1n\u00ed olivovn\u00edk\u016f.<\/p>\n\n\n\n<p>Za zm\u00ednku stoj\u00ed bohatstv\u00ed m\u00edstn\u00edch \u0159emesln\u00fdch technik p\u0159ed\u00e1van\u00fdch z generace na generaci. Trhy nab\u00edzej\u00ed nep\u0159ebern\u00e9 mno\u017estv\u00ed ru\u010dn\u011b tkan\u00fdch koberc\u016f, pol\u0161t\u00e1\u0159\u016f a p\u0159ehoz\u016f, kter\u00e9 jsou ide\u00e1ln\u00ed jako bytov\u00e9 dekorace. Obl\u00edben\u00e9 jsou tak\u00e9 ko\u0161\u00edky z mo\u0159sk\u00e9 tr\u00e1vy, kter\u00e9 si m\u016f\u017eete vz\u00edt na pl\u00e1\u017e nebo pou\u017e\u00edt pro ulo\u017een\u00ed drobn\u00fdch p\u0159edm\u011bt\u016f.<\/p>\n\n\n\n<h3 class=\"wp-block-heading\">Ko\u017een\u00e9 v\u00fdrobky a sand\u00e1ly \u2013 tradice a pohodl\u00ed pro ka\u017ed\u00fd den<\/h3>\n\n\n\n<p>Ko\u017een\u00e9 sand\u00e1ly jsou symbolem \u0159eck\u00e9ho \u0159emesla sahaj\u00edc\u00edho a\u017e do starov\u011bku. M\u00edstn\u00ed \u0159emesln\u00edci vyr\u00e1b\u011bj\u00ed boty z p\u0159\u00edrodn\u00ed k\u016f\u017ee, kter\u00e9 jsou pohodln\u00e9, odoln\u00e9 a zdrav\u00e9 pro va\u0161e nohy. Rozmanitost styl\u016f, vzor\u016f a barev zaji\u0161\u0165uje, \u017ee si ka\u017ed\u00fd najde sand\u00e1ly, kter\u00e9 dokonale vyhovuj\u00ed jeho stylu. Obzvl\u00e1\u0161t\u011b obl\u00edben\u00e9 jsou ko\u017een\u00e9 sand\u00e1ly z ostrova <a href=\"https:\/\/www.tui.cz\/dovolena\/recko\/rhodos\" target=\"_blank\" rel=\"noreferrer noopener\">Rhodos<\/a>, kde se m\u00edstn\u00ed mist\u0159i po generace specializuj\u00ed na v\u00fdrobu vysoce kvalitn\u00ed obuvi a ko\u017een\u00e9ho zbo\u017e\u00ed.<\/p>\n\n\n\n<p>Bohatstv\u00ed \u0159eck\u00fdch ko\u017een\u00fdch v\u00fdrobk\u016f v\u0161ak sah\u00e1 daleko za r\u00e1mec obuvi \u2013 zdej\u0161\u00ed d\u00edlny vyr\u00e1b\u011bj\u00ed tak\u00e9 elegantn\u00ed kabelky, opasky a pen\u011b\u017eenky, kter\u00e9 se vyzna\u010duj\u00ed bezkonkuren\u010dn\u00ed kvalitou zpracov\u00e1n\u00ed.<\/p>\n\n\n\n<h3 class=\"wp-block-heading\">P\u0159\u00edrodn\u00ed mo\u0159sk\u00e9 houby a kosmetika \u2013 st\u0159edomo\u0159sk\u00e1 p\u00e9\u010de<\/h3>\n\n\n\n<figure class=\"wp-block-image size-full\"><img loading=\"lazy\" decoding=\"async\" width=\"1000\" height=\"667\" src=\"https:\/\/www.tui.cz\/blog\/wp-content\/uploads\/2026\/04\/Obchudek-na-ostrove-Kos-prodavajici-prirodni-morske-houby.jpg\" alt=\"Obch\u016fdek na ostrov\u011b Kos prod\u00e1vaj\u00edc\u00ed p\u0159\u00edrodn\u00ed mo\u0159sk\u00e9 houby\" class=\"wp-image-11376\" title=\"\" srcset=\"https:\/\/www.tui.cz\/blog\/wp-content\/uploads\/2026\/04\/Obchudek-na-ostrove-Kos-prodavajici-prirodni-morske-houby.jpg 1000w, https:\/\/www.tui.cz\/blog\/wp-content\/uploads\/2026\/04\/Obchudek-na-ostrove-Kos-prodavajici-prirodni-morske-houby-600x400.jpg 600w, https:\/\/www.tui.cz\/blog\/wp-content\/uploads\/2026\/04\/Obchudek-na-ostrove-Kos-prodavajici-prirodni-morske-houby-768x512.jpg 768w, https:\/\/www.tui.cz\/blog\/wp-content\/uploads\/2026\/04\/Obchudek-na-ostrove-Kos-prodavajici-prirodni-morske-houby-585x390.jpg 585w, https:\/\/www.tui.cz\/blog\/wp-content\/uploads\/2026\/04\/Obchudek-na-ostrove-Kos-prodavajici-prirodni-morske-houby-263x175.jpg 263w\" sizes=\"auto, (max-width: 1000px) 100vw, 1000px\" \/><\/figure>\n\n\n\n<p>Mo\u0159sk\u00e9 houby jsou jedn\u00edm z nejekologi\u010dt\u011bj\u0161\u00edch a nejprakti\u010dt\u011bj\u0161\u00edch symbol\u016f \u0158ecka. Jsou hypoalergenn\u00ed, biologicky odbourateln\u00e9 a p\u0159irozen\u011b antibakteri\u00e1ln\u00ed, tak\u017ee jsou bezpe\u010dn\u00e9 i pro osoby s citlivou poko\u017ekou. D\u00edky sv\u00e9 por\u00e9zn\u00ed struktu\u0159e jsou ide\u00e1ln\u00ed pro p\u00e9\u010di o ple\u0165 \u2013 jemn\u011b exfoliuj\u00ed, ani\u017e by zp\u016fsobovaly podr\u00e1\u017ed\u011bn\u00ed. \u0158eck\u00e9 mo\u0159sk\u00e9 houby se skl\u00edzej\u00ed udr\u017eiteln\u00fdm zp\u016fsobem s ohledem na \u017eivotn\u00ed prost\u0159ed\u00ed a zaji\u0161\u0165uj\u00ed vysokou kvalitu a trvanlivost.<\/p>\n\n\n\n<p>Dal\u0161\u00edm hitem mezi m\u00edstn\u00edmi suven\u00fdry je \u0159eck\u00e1 kosmetika na b\u00e1zi olivov\u00e9ho oleje. M\u00fddla, balz\u00e1my, kr\u00e9my a vlasov\u00e9 oleje jsou vysoce cen\u011bny pro sv\u00e9 blahod\u00e1rn\u00e9 \u00fa\u010dinky a slo\u017een\u00ed bez um\u011bl\u00fdch chemik\u00e1li\u00ed. Tyto produkty jsou obzvl\u00e1\u0161t\u011b doporu\u010dov\u00e1ny pro akn\u00f3zn\u00ed a citlivou ple\u0165, proto\u017ee maj\u00ed antibakteri\u00e1ln\u00ed a hydrata\u010dn\u00ed vlastnosti. Ka\u017ed\u00e9 pou\u017eit\u00ed takov\u00e9 kosmetiky evokuje v\u016fn\u011b \u0158ecka a umo\u017e\u0148uje v\u00e1m kr\u00e1tce se vr\u00e1tit do st\u0159edomo\u0159sk\u00e9 krajiny.<\/p>\n\n\n\n<h2 class=\"wp-block-heading\">\u0158eck\u00e9 sladkosti a potraviny \u2013 chu\u0165 \u0158ecka na dosah ruky<\/h2>\n\n\n\n<p>\u0158eck\u00e9 sladkosti jsou skute\u010dnou pastvou pro chu\u0165ov\u00e9 poh\u00e1rky. Mezi nejzn\u00e1m\u011bj\u0161\u00ed dezerty pat\u0159\u00ed baklava, kter\u00e1 se p\u0159ipravuje z tenk\u00e9ho filo t\u011bsta, k\u0159upav\u00fdch o\u0159ech\u016f a aromatick\u00e9ho medu. Za zm\u00ednku stoj\u00ed tak\u00e9 sezamov\u00e1 chalva, kataifi s o\u0159echy a jemn\u00e9 loukoumi s mandlemi a r\u016f\u017eovou vodou. Zvl\u00e1\u0161tn\u00ed m\u00edsto mezi \u0159eck\u00fdmi specialitami zauj\u00edm\u00e1 tak\u00e9 kumquat z <a href=\"https:\/\/www.tui.cz\/dovolena\/recko\/korfu\" target=\"_blank\" rel=\"noreferrer noopener\">Korfu<\/a> \u2013 je to v\u00fdrazn\u00e9 oran\u017eov\u00e9 ovoce pou\u017e\u00edvan\u00e9 k v\u00fdrob\u011b aromatick\u00fdch lik\u00e9r\u016f, d\u017eem\u016f a tradi\u010dn\u00edch sladkost\u00ed.<\/p>\n\n\n\n<p>Milovn\u00edci sladk\u00fdch suven\u00fdr\u016f by m\u011bli tak\u00e9 ochutnat mandolato ze <a href=\"https:\/\/www.tui.cz\/dovolena\/recko\/zakynthos\" target=\"_blank\" rel=\"noreferrer noopener\">Zakynthosu<\/a>, co\u017e je nug\u00e1t s medem a o\u0159echy, kter\u00fd pot\u011b\u0161\u00ed svou jemnost\u00ed a v\u00fdraznou chut\u00ed. Skute\u010dn\u00fdm objevem pro gurm\u00e1ny v\u0161ak m\u016f\u017ee b\u00fdt raj\u010datov\u00e1 marmel\u00e1da z <a href=\"https:\/\/www.tui.cz\/dovolena\/recko\/kos\" target=\"_blank\" rel=\"noreferrer noopener\">Kosu<\/a>. Tato neobvykl\u00e1 pochoutka pot\u011b\u0161\u00ed svou origin\u00e1ln\u00ed chut\u00ed a je dokonal\u00fdm p\u0159\u00edkladem \u0159eck\u00e9 kulin\u00e1\u0159sk\u00e9 kreativity. Sladk\u00e9 suven\u00fdry v\u00e1m umo\u017en\u00ed se na chv\u00edli vr\u00e1tit k proslun\u011bn\u00e9 dovolen\u00e9 a navodit \u0159eckou atmosf\u00e9ru v pohodl\u00ed domova.<\/p>\n\n\n\n<h3 class=\"wp-block-heading\">S\u00fdry, olivy a olivov\u00fd olej<\/h3>\n\n\n\n<figure class=\"wp-block-image size-full\"><img loading=\"lazy\" decoding=\"async\" width=\"1000\" height=\"667\" src=\"https:\/\/www.tui.cz\/blog\/wp-content\/uploads\/2026\/04\/Zelene-a-cerne-olivy-na-venkovnim-trhu.jpg\" alt=\"Zelen\u00e9 a \u010dern\u00e9 olivy na venkovn\u00edm trhu\" class=\"wp-image-11377\" title=\"\" srcset=\"https:\/\/www.tui.cz\/blog\/wp-content\/uploads\/2026\/04\/Zelene-a-cerne-olivy-na-venkovnim-trhu.jpg 1000w, https:\/\/www.tui.cz\/blog\/wp-content\/uploads\/2026\/04\/Zelene-a-cerne-olivy-na-venkovnim-trhu-600x400.jpg 600w, https:\/\/www.tui.cz\/blog\/wp-content\/uploads\/2026\/04\/Zelene-a-cerne-olivy-na-venkovnim-trhu-768x512.jpg 768w, https:\/\/www.tui.cz\/blog\/wp-content\/uploads\/2026\/04\/Zelene-a-cerne-olivy-na-venkovnim-trhu-585x390.jpg 585w, https:\/\/www.tui.cz\/blog\/wp-content\/uploads\/2026\/04\/Zelene-a-cerne-olivy-na-venkovnim-trhu-263x175.jpg 263w\" sizes=\"auto, (max-width: 1000px) 100vw, 1000px\" \/><\/figure>\n\n\n\n<p>Z \u0158ecka se tak\u00e9 vyplat\u00ed p\u0159iv\u00e9zt si dom\u016f potraviny, kter\u00e9 jsou po stalet\u00ed z\u00e1kladem m\u00edstn\u00ed kuchyn\u011b. Olivy a \u0159eck\u00fd olivov\u00fd olej jsou symboly st\u0159edomo\u0159sk\u00e9ho klimatu a zdrav\u00e9ho \u017eivotn\u00edho stylu.&nbsp;<\/p>\n\n\n\n<p>Extra panensk\u00fd olivov\u00fd olej se vyzna\u010duje intenzivn\u00ed chut\u00ed a l\u00e9\u010div\u00fdmi vlastnostmi. Dod\u00e1v\u00e1 charakter sal\u00e1t\u016fm, grilovan\u00fdm ryb\u00e1m a zelenin\u011b. \u0158eck\u00e9 olivy, zelen\u00e9 i \u010dern\u00e9, jsou vynikaj\u00edc\u00ed jako sva\u010dina nebo jako p\u0159\u00edloha k pokrm\u016fm. Nejzn\u00e1m\u011bj\u0161\u00ed olivy Kalamata poch\u00e1zej\u00ed z Pelopon\u00e9su, ale vynikaj\u00edc\u00ed olivy a olivov\u00fd olej najdete tak\u00e9 na <a href=\"https:\/\/www.tui.cz\/dovolena\/recko\/kreta\" target=\"_blank\" rel=\"noreferrer noopener\">Kr\u00e9t\u011b<\/a> a Lesbu.\u00a0<\/p>\n\n\n\n<p>V m\u00edstn\u00edch obchodech najdete tak\u00e9 aromatick\u00e9 bylinky, kter\u00e9 na \u0159eck\u00e9m slunci z\u00edsk\u00e1vaj\u00ed jedine\u010dnou intenzitu a sv\u011b\u017eest. I t\u011bm nejjednodu\u0161\u0161\u00edm pokrm\u016fm dodaj\u00ed \u00fachvatnou v\u016fni a dom\u00e1c\u00ed kuchyn\u011b v\u00e1s v my\u0161lenk\u00e1ch p\u0159enese na \u0159eck\u00e9 ostrovy a do m\u00edstn\u00edch taveren.<\/p>\n\n\n\n<p>\u0158ecko je nav\u00edc opravdov\u00fdm kr\u00e1lovstv\u00edm s\u00fdr\u016f a jeho kr\u00e1lovnou je bezpochyby slan\u00e1, kr\u00e9mov\u00e1 feta, tradi\u010dn\u011b vyr\u00e1b\u011bn\u00e1 z ov\u010d\u00edho nebo koz\u00edho ml\u00e9ka. Za pozn\u00e1n\u00ed v\u0161ak stoj\u00ed i dal\u0161\u00ed s\u00fdry: pevn\u00e1, lehce o\u0159\u00ed\u0161kov\u00e1 graviera, pikantn\u00ed kefalotyri nebo jemn\u00e1 a kr\u00e9mov\u00e1 manouri. \u0158eck\u00e9 s\u00fdry lze snadno sehnat na m\u00edstn\u00edch trz\u00edch. Jsou skv\u011bl\u00fdm dopl\u0148kem sal\u00e1t\u016f, sendvi\u010d\u016f a tepl\u00fdch j\u00eddel, a jejich p\u0159\u00edtomnost na stole vytv\u00e1\u0159\u00ed pocit st\u0159edomo\u0159sk\u00e9 hostiny.<\/p>\n\n\n\n<h2 class=\"wp-block-heading\">Alkohol z \u0159eck\u00fdch taveren a dal\u0161\u00ed n\u00e1poje<\/h2>\n\n\n\n<p>\u0158eck\u00e9 lihoviny jsou nerozlu\u010dn\u011b spojen\u00e9 s kulturou hodov\u00e1n\u00ed u spole\u010dn\u00e9ho stolu. N\u00e1rodn\u00edm n\u00e1pojem \u0158ecka je ouzo, aromatick\u00fd lik\u00e9r s an\u00fdzovou p\u0159\u00edchut\u00ed, kter\u00fd si nejl\u00e9pe vychutn\u00e1te vychlazen\u00fd v hork\u00e9m dni na terase taverny. Znalci tak\u00e9 ocen\u00ed tsipouro, siln\u00fd alkohol vyroben\u00fd z destilovan\u00fdch hroznov\u00fdch v\u00fdlisk\u016f, a Metaxu, sm\u011bs brandy a v\u00edna, kter\u00e1 pot\u011b\u0161\u00ed svou hloubkou a v\u00fdraznost\u00ed. V\u00edna pou\u017e\u00edvan\u00e1 k v\u00fdrob\u011b Metaxy poch\u00e1zej\u00ed p\u0159ev\u00e1\u017en\u011b ze <a href=\"https:\/\/www.tui.cz\/dovolena\/recko\/samos\" target=\"_blank\" rel=\"noreferrer noopener\">Samosu<\/a>, kde se p\u011bstuje slavn\u00e1 odr\u016fda hrozn\u016f Muscat.<\/p>\n\n\n\n<p>\u0158eck\u00e9 v\u00edno je dal\u0161\u00edm symbolem t\u00e9to zem\u011b. Tradice vina\u0159stv\u00ed v \u0158ecku sah\u00e1 a\u017e do starov\u011bku a m\u00edstn\u00ed vinice nab\u00edzej\u00ed \u0161irok\u00fd v\u00fdb\u011br v\u00edn. Mezi nejobl\u00edben\u011bj\u0161\u00ed odr\u016fdy pat\u0159\u00ed Assyrtiko ze <a href=\"https:\/\/www.tui.cz\/dovolena\/recko\/santorini\" target=\"_blank\" rel=\"noreferrer noopener\">Santorini<\/a> a Moschofilero z Pelopon\u00e9su. Zdej\u0161\u00ed v\u00edno se vyzna\u010duje bohatou v\u016fn\u00ed a nezvyklou chut\u00ed, kter\u00e1 dokonale odr\u00e1\u017e\u00ed charakter regionu. P\u0159iv\u00e9zt si z \u0158ecka l\u00e1hev m\u00edstn\u00edho v\u00edna je skv\u011bl\u00fd zp\u016fsob, jak se o kousek t\u00e9to zem\u011b pod\u011blit se sv\u00fdmi bl\u00edzk\u00fdmi.<\/p>\n\n\n\n<h3 class=\"wp-block-heading\">K\u00e1va, horsk\u00fd \u010daj a med \u2013 aromatick\u00e9 suven\u00fdry z ji\u017en\u00ed Evropy<\/h3>\n\n\n\n<figure class=\"wp-block-image size-full\"><img loading=\"lazy\" decoding=\"async\" width=\"1000\" height=\"667\" src=\"https:\/\/www.tui.cz\/blog\/wp-content\/uploads\/2026\/04\/Tradicne-podavane-recke-kafe-v-kavarne-v-Athenach.jpg\" alt=\"Tradi\u010dn\u011b pod\u00e1van\u00e9 \u0159eck\u00e9 kafe v kav\u00e1rn\u011b v Ath\u00e9n\u00e1ch\" class=\"wp-image-11375\" title=\"\" srcset=\"https:\/\/www.tui.cz\/blog\/wp-content\/uploads\/2026\/04\/Tradicne-podavane-recke-kafe-v-kavarne-v-Athenach.jpg 1000w, https:\/\/www.tui.cz\/blog\/wp-content\/uploads\/2026\/04\/Tradicne-podavane-recke-kafe-v-kavarne-v-Athenach-600x400.jpg 600w, https:\/\/www.tui.cz\/blog\/wp-content\/uploads\/2026\/04\/Tradicne-podavane-recke-kafe-v-kavarne-v-Athenach-768x512.jpg 768w, https:\/\/www.tui.cz\/blog\/wp-content\/uploads\/2026\/04\/Tradicne-podavane-recke-kafe-v-kavarne-v-Athenach-585x390.jpg 585w, https:\/\/www.tui.cz\/blog\/wp-content\/uploads\/2026\/04\/Tradicne-podavane-recke-kafe-v-kavarne-v-Athenach-263x175.jpg 263w\" sizes=\"auto, (max-width: 1000px) 100vw, 1000px\" \/><\/figure>\n\n\n\n<p>\u0158eck\u00fd horsk\u00fd \u010daj, zn\u00e1m\u00fd tak\u00e9 jako past\u00fd\u0159sk\u00fd \u010daj, je n\u00e1lev s v\u00fdjime\u010dn\u00fdmi l\u00e9\u010div\u00fdmi vlastnostmi. Rostlina (hojn\u00edk), ze kter\u00e9 se \u010daj vyr\u00e1b\u00ed, kvete na horsk\u00fdch svaz\u00edch \u0158ecka a v lidov\u00e9m l\u00e9\u010ditelstv\u00ed se po stalet\u00ed pou\u017e\u00edv\u00e1 pro sv\u00e9 zdrav\u00ed prosp\u011b\u0161n\u00e9 vlastnosti. Odvar z hojn\u00edku m\u00e1 p\u0159\u00edjemnou chu\u0165 a je bohat\u00fdm zdrojem antioxidant\u016f. Tento \u010daj podporuje imunitn\u00ed syst\u00e9m, pom\u00e1h\u00e1 l\u00e9\u010dit nachlazen\u00ed, zklid\u0148uje tr\u00e1vic\u00ed pot\u00ed\u017ee a m\u00e1 antibakteri\u00e1ln\u00ed a protipl\u00eds\u0148ov\u00e9 vlastnosti.&nbsp;<\/p>\n\n\n\n<p>K\u00e1va va\u0159en\u00e1 v tradi\u010dn\u00ed konvici je tak\u00e9 ned\u00edlnou sou\u010d\u00e1st\u00ed \u0159eck\u00e9ho ka\u017edodenn\u00edho \u017eivota. P\u0159ipravuje se z jemn\u011b mlet\u00fdch zrn podle tradi\u010dn\u00ed receptury a vyzna\u010duje se intenzivn\u00ed chut\u00ed a kr\u00e9movou p\u011bnou.<\/p>\n\n\n\n<p>\u0158ecko je proslul\u00e9 i sv\u00fdmi v\u00fdjime\u010dn\u00fdmi medy, kter\u00e9 se py\u0161n\u00ed jedine\u010dnou chut\u00ed a p\u0159\u00ednosy pro zdrav\u00ed. Tymi\u00e1nov\u00fd med pot\u011b\u0161\u00ed svou intenzivn\u00ed v\u016fn\u00ed a antibakteri\u00e1ln\u00edmi vlastnostmi. Ka\u0161tanov\u00e9 a v\u0159esov\u00e9 medy jsou cen\u011bny pro svou v\u00fdraznou chu\u0165 a bohat\u00fd nutri\u010dn\u00ed obsah, kter\u00fd podporuje imunitu a fungov\u00e1n\u00ed tr\u00e1vic\u00edho syst\u00e9mu a srdce. Pro milovn\u00edky tradi\u010dn\u00edch n\u00e1poj\u016f je zaj\u00edmavou volbou \u0159eck\u00e1 medovina. Je to alkoholick\u00fd n\u00e1poj vyroben\u00fd z medu, kter\u00fd kombinuje jeho charakteristickou chu\u0165 a v\u016fni s jeho v\u00fd\u017eivovou hodnotou.<\/p>\n\n\n\n<h2 class=\"wp-block-heading\">Symbolika a kouzlo \u0159eck\u00fdch suven\u00fdr\u016f \u2013 co si p\u0159iv\u00e9zt z \u0158ecka?<\/h2>\n\n\n\n<p>\u0158ecko je m\u00edstem, kde ka\u017ed\u00fd p\u0159edm\u011bt vypr\u00e1v\u00ed sv\u016fj vlastn\u00ed p\u0159\u00edb\u011bh a suven\u00fdry jsou z\u00e1znamem m\u00edstn\u00edch v\u011br a ka\u017edodenn\u00edch ritu\u00e1l\u016f. Mezi \u0159eck\u00fdmi suven\u00fdry zauj\u00edmaj\u00ed zvl\u00e1\u0161tn\u00ed m\u00edsto p\u0159edm\u011bty, kter\u00e9 po stalet\u00ed chr\u00e1n\u00ed, inspiruj\u00ed a p\u0159in\u00e1\u0161ej\u00ed \u0161t\u011bst\u00ed. Pr\u00e1v\u011b ty dod\u00e1vaj\u00ed \u0159eck\u00fdm ulic\u00edm a domov\u016fm jedine\u010dnou atmosf\u00e9ru a jejich p\u0159\u00edtomnost p\u0159itahuje pozornost turist\u016f i milovn\u00edk\u016f \u0159emesel.<\/p>\n\n\n\n<h3 class=\"wp-block-heading\">Oko proroka<\/h3>\n\n\n\n<figure class=\"wp-block-image size-full\"><img loading=\"lazy\" decoding=\"async\" width=\"1000\" height=\"668\" src=\"https:\/\/www.tui.cz\/blog\/wp-content\/uploads\/2026\/04\/Recky-talisman-oko-proroka-na-lane-venku.jpg\" alt=\"\u0158eck\u00fd talisman oko proroka na lan\u011b venku\" class=\"wp-image-11374\" title=\"\" srcset=\"https:\/\/www.tui.cz\/blog\/wp-content\/uploads\/2026\/04\/Recky-talisman-oko-proroka-na-lane-venku.jpg 1000w, https:\/\/www.tui.cz\/blog\/wp-content\/uploads\/2026\/04\/Recky-talisman-oko-proroka-na-lane-venku-600x401.jpg 600w, https:\/\/www.tui.cz\/blog\/wp-content\/uploads\/2026\/04\/Recky-talisman-oko-proroka-na-lane-venku-768x513.jpg 768w, https:\/\/www.tui.cz\/blog\/wp-content\/uploads\/2026\/04\/Recky-talisman-oko-proroka-na-lane-venku-585x391.jpg 585w, https:\/\/www.tui.cz\/blog\/wp-content\/uploads\/2026\/04\/Recky-talisman-oko-proroka-na-lane-venku-263x175.jpg 263w\" sizes=\"auto, (max-width: 1000px) 100vw, 1000px\" \/><\/figure>\n\n\n\n<p>Jedn\u00edm z nejzn\u00e1m\u011bj\u0161\u00edch symbol\u016f je oko proroka neboli slavn\u00e9 \u201emati\u201c. Tento modr\u00fd amulet ve tvaru oka, kter\u00fd najdete t\u00e9m\u011b\u0159 v ka\u017ed\u00e9m kout\u011b \u0158ecka, podle m\u00edstn\u00ed v\u00edry \u00fa\u010dinn\u011b odh\u00e1n\u00ed zl\u00e9 s\u00edly a chr\u00e1n\u00ed p\u0159ed negativn\u00ed energi\u00ed. \u0158ekov\u00e9 ho umis\u0165uj\u00ed v\u0161ude \u2013 nos\u00ed ho jako \u0161perk, v\u011b\u0161\u00ed jej nad dve\u0159e, do aut a dokonce ho p\u0159ipev\u0148uj\u00ed i na oble\u010den\u00ed kojenc\u016f. Oko proroka symbolizuje ochranu a p\u0159\u00e1n\u00ed v\u0161eho dobr\u00e9ho, tak\u017ee darov\u00e1n\u00ed \u0161perku mati n\u011bkomu je vyj\u00e1d\u0159en\u00edm l\u00e1sky a touhy po tom, aby obdarovan\u00e9ho chr\u00e1nily dobr\u00e9 s\u00edly.<\/p>\n\n\n\n<h3 class=\"wp-block-heading\">Komboloi<\/h3>\n\n\n\n<p>P\u0159i proch\u00e1zce \u0159eck\u00fdmi ulicemi si m\u016f\u017eete v\u0161imnout mu\u017e\u016f (a st\u00e1le \u010dast\u011bji i \u017een), kte\u0159\u00ed v dlan\u00edch rytmicky pohybuj\u00ed \u0161\u0148\u016frou kor\u00e1lk\u016f. Tyto kor\u00e1lky se naz\u00fdvaj\u00ed komboloi. \u010casto b\u00fdvaj\u00ed zam\u011b\u0148ov\u00e1ny s r\u016f\u017eencem, ale z n\u00e1bo\u017eensk\u00e9ho hlediska s n\u00edm nemaj\u00ed nic spole\u010dn\u00e9ho. Jsou n\u00e1strojem pro relaxaci, meditaci a soust\u0159ed\u011bn\u00ed. P\u0159euspo\u0159\u00e1d\u00e1n\u00ed kor\u00e1lk\u016f a poslech charakteristick\u00e9ho cvakav\u00e9ho zvuku pom\u00e1h\u00e1 uklidnit nervy, uspo\u0159\u00e1dat my\u0161lenky a naj\u00edt vnit\u0159n\u00ed rovnov\u00e1hu. Je to fyzick\u00fd ritu\u00e1l, kter\u00fd pom\u00e1h\u00e1 odpoutat se od ka\u017edodenn\u00edch starost\u00ed.<\/p>\n\n\n\n<p>Kor\u00e1lky komboloi se vyr\u00e1b\u011bj\u00ed z r\u016fzn\u00fdch materi\u00e1l\u016f, od jantaru (pova\u017eovan\u00e9ho za nejcenn\u011bj\u0161\u00ed) a\u017e po vz\u00e1cn\u00e9 d\u0159evo, drahokamy a dokonce i syntetick\u00e9 materi\u00e1ly. Ka\u017ed\u00fd materi\u00e1l m\u00e1 jinou hmotnost, texturu a zvuk, tak\u017ee v\u00fdb\u011br komboloi je velmi osobn\u00edm rozhodnut\u00edm.<\/p>\n\n\n\n<h2 class=\"wp-block-heading\">Praktick\u00e9 tipy \u2013 jak vybrat ty nejlep\u0161\u00ed \u0159eck\u00e9 suven\u00fdry?<\/h2>\n\n\n\n<figure class=\"wp-block-image size-full\"><img loading=\"lazy\" decoding=\"async\" width=\"1000\" height=\"667\" src=\"https:\/\/www.tui.cz\/blog\/wp-content\/uploads\/2026\/04\/Venkovni-obchudek-se-suvenyry-na-Santorini-vcetne-hracek-tasek-a-sperku.jpg\" alt=\"Venkovn\u00ed obch\u016fdek se suven\u00fdry na Santorini v\u010detn\u011b hra\u010dek, ta\u0161ek a \u0161perk\u016f\" class=\"wp-image-11371\" title=\"\" srcset=\"https:\/\/www.tui.cz\/blog\/wp-content\/uploads\/2026\/04\/Venkovni-obchudek-se-suvenyry-na-Santorini-vcetne-hracek-tasek-a-sperku.jpg 1000w, https:\/\/www.tui.cz\/blog\/wp-content\/uploads\/2026\/04\/Venkovni-obchudek-se-suvenyry-na-Santorini-vcetne-hracek-tasek-a-sperku-600x400.jpg 600w, https:\/\/www.tui.cz\/blog\/wp-content\/uploads\/2026\/04\/Venkovni-obchudek-se-suvenyry-na-Santorini-vcetne-hracek-tasek-a-sperku-768x512.jpg 768w, https:\/\/www.tui.cz\/blog\/wp-content\/uploads\/2026\/04\/Venkovni-obchudek-se-suvenyry-na-Santorini-vcetne-hracek-tasek-a-sperku-585x390.jpg 585w, https:\/\/www.tui.cz\/blog\/wp-content\/uploads\/2026\/04\/Venkovni-obchudek-se-suvenyry-na-Santorini-vcetne-hracek-tasek-a-sperku-263x175.jpg 263w\" sizes=\"auto, (max-width: 1000px) 100vw, 1000px\" \/><\/figure>\n\n\n\n<p>Chcete-li si z \u0158ecka p\u0159iv\u00e9zt autentick\u00e9 poklady, nav\u0161tivte m\u00edstn\u00ed trhy a mal\u00e9 rodinn\u00e9 obchody. Pr\u00e1v\u011b tam nej\u010dast\u011bji naraz\u00edte na jedine\u010dn\u00e9 v\u00fdrobky z olivov\u00e9ho d\u0159eva, kter\u00e9 ru\u010dn\u011b vyrobili lok\u00e1ln\u00ed \u0159emesln\u00edci \u2013 nap\u0159\u00edklad precizn\u011b zdoben\u00e1 prk\u00e9nka, krabi\u010dky nebo figurky. \u0158eck\u00e9 obchody nab\u00edzej\u00ed tak\u00e9 origin\u00e1ln\u00ed \u0161perky inspirovan\u00e9 staro\u017eitn\u00fdmi vzory a keramiku zdobenou st\u0159edomo\u0159sk\u00fdmi motivy. P\u0159i v\u00fdb\u011bru suven\u00fdr\u016f v\u011bnujte pozornost kvalit\u011b materi\u00e1l\u016f a \u0159emesln\u00e9mu zpracov\u00e1n\u00ed. V\u00fdrobky z p\u0159\u00edrodn\u00edch materi\u00e1l\u016f jsou odoln\u011bj\u0161\u00ed a \u0161etrn\u011bj\u0161\u00ed k \u017eivotn\u00edmu prost\u0159ed\u00ed.<\/p>\n\n\n\n<div class=\"wp-block-buttons is-content-justification-center is-layout-flex wp-container-core-buttons-is-layout-16018d1d wp-block-buttons-is-layout-flex\">\n<div class=\"wp-block-button\"><a class=\"wp-block-button__link has-vivid-red-background-color has-background has-normal-font-size has-custom-font-size wp-element-button\" href=\"https:\/\/www.tui.cz\/dovolena\/recko\/nabidky-hotely\" target=\"_blank\" rel=\"noreferrer noopener\">Let\u011bt do \u0158ecka<\/a><\/div>\n<\/div>\n","protected":false},"excerpt":{"rendered":"<p>Cesta do \u0158ecka je mnohem v\u00edc ne\u017e jen obdivov\u00e1n\u00ed starov\u011bk\u00fdch ruin a relaxace na slunn\u00fdch pl\u00e1\u017e\u00edch. Je to skv\u011bl\u00e1 p\u0159\u00edle\u017eitost p\u0159iv\u00e9zt si dom\u016f kousek jeho nev\u0161edn\u00ed kultury v podob\u011b jedine\u010dn\u00fdch&hellip;<\/p>\n","protected":false},"author":59,"featured_media":11372,"comment_status":"open","ping_status":"closed","sticky":false,"template":"","format":"standard","meta":{"_lmt_disableupdate":"","_lmt_disable":"","footnotes":""},"categories":[182],"tags":[],"class_list":["post-11370","post","type-post","status-publish","format-standard","has-post-thumbnail","hentry","category-cestovani"],"home_img_url":"https:\/\/www.tui.cz\/blog\/wp-content\/uploads\/2026\/04\/Zatoka-Pigadia-na-Reckem-ostrove-s-morem-mestem-a-reckou-vlajkou-585x390.jpg","home_img_alt":"Z\u00e1toka Pigadia na \u0158eck\u00e9m ostrov\u011b s mo\u0159em, m\u011bstem a \u0159eckou vlajkou","_links":{"self":[{"href":"https:\/\/www.tui.cz\/blog\/wp-json\/wp\/v2\/posts\/11370","targetHints":{"allow":["GET"]}}],"collection":[{"href":"https:\/\/www.tui.cz\/blog\/wp-json\/wp\/v2\/posts"}],"about":[{"href":"https:\/\/www.tui.cz\/blog\/wp-json\/wp\/v2\/types\/post"}],"author":[{"embeddable":true,"href":"https:\/\/www.tui.cz\/blog\/wp-json\/wp\/v2\/users\/59"}],"replies":[{"embeddable":true,"href":"https:\/\/www.tui.cz\/blog\/wp-json\/wp\/v2\/comments?post=11370"}],"version-history":[{"count":1,"href":"https:\/\/www.tui.cz\/blog\/wp-json\/wp\/v2\/posts\/11370\/revisions"}],"predecessor-version":[{"id":11378,"href":"https:\/\/www.tui.cz\/blog\/wp-json\/wp\/v2\/posts\/11370\/revisions\/11378"}],"wp:featuredmedia":[{"embeddable":true,"href":"https:\/\/www.tui.cz\/blog\/wp-json\/wp\/v2\/media\/11372"}],"wp:attachment":[{"href":"https:\/\/www.tui.cz\/blog\/wp-json\/wp\/v2\/media?parent=11370"}],"wp:term":[{"taxonomy":"category","embeddable":true,"href":"https:\/\/www.tui.cz\/blog\/wp-json\/wp\/v2\/categories?post=11370"},{"taxonomy":"post_tag","embeddable":true,"href":"https:\/\/www.tui.cz\/blog\/wp-json\/wp\/v2\/tags?post=11370"}],"curies":[{"name":"wp","href":"https:\/\/api.w.org\/{rel}","templated":true}]}}