{"id":11383,"date":"2026-04-28T13:14:45","date_gmt":"2026-04-28T11:14:45","guid":{"rendered":"https:\/\/www.tui.cz\/blog\/?p=11383"},"modified":"2026-04-27T13:15:32","modified_gmt":"2026-04-27T11:15:32","slug":"nejkrasnejsi-plaze-sardinie","status":"publish","type":"post","link":"https:\/\/www.tui.cz\/blog\/nejkrasnejsi-plaze-sardinie\/","title":{"rendered":"Pl\u00e1\u017ee Sardinie \u2013 karibsk\u00e1 atmosf\u00e9ra na italsk\u00e9m ostrov\u011b"},"content":{"rendered":"\n<p>Pokud sn\u00edte o exotick\u00fdch v\u00fdhledech, ale nechcete let\u011bt a\u017e na druh\u00fd konec sv\u011bta, m\u00e1me pro v\u00e1s skv\u011bl\u00fd n\u00e1pad: le\u0165te na Sardinii, kter\u00e1 v\u00e1s p\u0159ekvap\u00ed v\u00edc, ne\u017e byste \u010dekali. Tento italsk\u00fd ostrov je ji\u017e dlouho pova\u017eov\u00e1n za \u201eKaribik St\u0159edomo\u0159\u00ed\u201c \u2013 a to nen\u00ed p\u0159eh\u00e1n\u011bn\u00ed. Najdete zde ty nejkr\u00e1sn\u011bj\u0161\u00ed pl\u00e1\u017ee s jemn\u00fdm b\u00edl\u00fdm p\u00edskem, azurov\u00e9 z\u00e1toky skryt\u00e9 mezi skalnat\u00fdmi \u00fatesy a k\u0159i\u0161\u0165\u00e1lov\u011b \u010distou vodu odr\u00e1\u017eej\u00edc\u00ed st\u0159edomo\u0159sk\u00e9 slunce.<\/p>\n\n\n\n<p>Sardinie l\u00e1k\u00e1 cestovatele hledaj\u00edc\u00ed klid, luxus, divokou krajinu a ide\u00e1ln\u00ed destinaci pro rodinnou dovolenou s mal\u00fdmi d\u011btmi. Ka\u017ed\u00e1 \u010d\u00e1st ostrova m\u00e1 sv\u016fj vlastn\u00ed charakter, ale jedno z\u016fst\u00e1v\u00e1 nem\u011bnn\u00e9 \u2013 p\u00edse\u010dn\u00e9 pl\u00e1\u017ee Sardinie pot\u011b\u0161\u00ed naprosto ka\u017ed\u00e9ho.<\/p>\n\n\n\n<h2 class=\"wp-block-heading\">Nejkr\u00e1sn\u011bj\u0161\u00ed \u201ekaribsk\u00e9\u201c pl\u00e1\u017ee na Sardinii<\/h2>\n\n\n\n<p><a href=\"https:\/\/www.tui.cz\/dovolena\/italie\/sardinie\" target=\"_blank\" rel=\"noreferrer noopener\">Sardinie<\/a> je proslul\u00e1 sv\u00fdmi skryt\u00fdmi z\u00e1tokami, p\u0159\u00edrodn\u00edmi baz\u00e9ny a n\u00e1dhern\u00fdmi v\u00fdhledy, kter\u00e9 by snadno zdobily str\u00e1nky cestovn\u00edch bro\u017eur z Dominik\u00e1nsk\u00e9 republiky nebo Baham. Pokud hled\u00e1te m\u00edsto, kde se tyrkysov\u00e1 voda setk\u00e1v\u00e1 s jemn\u00fdm p\u00edskem a pob\u0159e\u017e\u00ed je lemov\u00e1no st\u0159edomo\u0159skou vegetac\u00ed, budete se c\u00edtit jako v r\u00e1ji. N\u00ed\u017ee najdete v\u00fdb\u011br nejkr\u00e1sn\u011bj\u0161\u00edch pl\u00e1\u017e\u00ed Sardinie, z nich\u017e mnoh\u00e9 jsou pova\u017eov\u00e1ny za absolutn\u00ed symboly ostrova.<\/p>\n\n\n\n<h2 class=\"wp-block-heading\">Pl\u00e1\u017e Porto Giunco \u200b\u200b\u2013 perla jihov\u00fdchodn\u00ed Sardinie<\/h2>\n\n\n\n<figure class=\"wp-block-image size-full\"><img loading=\"lazy\" decoding=\"async\" width=\"1000\" height=\"666\" src=\"https:\/\/www.tui.cz\/blog\/wp-content\/uploads\/2026\/04\/Plaz-Porto-Giunco-na-Sardinii-v-Italii.jpg\" alt=\"Pl\u00e1\u017e Porto Giunco na Sardinii v It\u00e1lii\" class=\"wp-image-11385\" title=\"\" srcset=\"https:\/\/www.tui.cz\/blog\/wp-content\/uploads\/2026\/04\/Plaz-Porto-Giunco-na-Sardinii-v-Italii.jpg 1000w, https:\/\/www.tui.cz\/blog\/wp-content\/uploads\/2026\/04\/Plaz-Porto-Giunco-na-Sardinii-v-Italii-600x400.jpg 600w, https:\/\/www.tui.cz\/blog\/wp-content\/uploads\/2026\/04\/Plaz-Porto-Giunco-na-Sardinii-v-Italii-768x511.jpg 768w, https:\/\/www.tui.cz\/blog\/wp-content\/uploads\/2026\/04\/Plaz-Porto-Giunco-na-Sardinii-v-Italii-585x390.jpg 585w, https:\/\/www.tui.cz\/blog\/wp-content\/uploads\/2026\/04\/Plaz-Porto-Giunco-na-Sardinii-v-Italii-263x175.jpg 263w\" sizes=\"auto, (max-width: 1000px) 100vw, 1000px\" \/><\/figure>\n\n\n\n<p>Pokud hled\u00e1te skute\u010dn\u00fd karibsk\u00fd z\u00e1\u017eitek, Porto Giunco \u200b\u200bv\u00e1s jist\u011b pot\u011b\u0161\u00ed. Tato kr\u00e1sn\u00e1 pl\u00e1\u017e se py\u0161n\u00ed jemn\u00fdm sv\u011btl\u00fdm p\u00edskem a snov\u00fdm azurov\u00fdm mo\u0159em a nach\u00e1z\u00ed se nedaleko m\u011bsta Villasimius v ji\u017en\u00ed Sardinii. V\u011b\u017e Torre di Porto Giunco, ty\u010d\u00edc\u00ed se nad n\u00ed, nab\u00edz\u00ed fantastick\u00fd v\u00fdhled na cel\u00fd z\u00e1liv a nedalek\u00fd rybn\u00edk Notteri. B\u011bhem hlavn\u00ed sez\u00f3ny je k dispozici parkov\u00e1n\u00ed p\u0159\u00edmo na pob\u0159e\u017e\u00ed a tak\u00e9 surfa\u0159sk\u00e1 \u0161kola, p\u016fj\u010dovna kajak\u016f a \u0161lapadel. Je to skv\u011bl\u00e9 m\u00edsto pro opalov\u00e1n\u00ed a vodn\u00ed sporty, zejm\u00e9na proto, \u017ee voda je m\u011blk\u00e1 a velmi tepl\u00e1 \u2013 ide\u00e1ln\u00ed, pokud cestujete s mal\u00fdmi d\u011btmi.<\/p>\n\n\n\n<h2 class=\"wp-block-heading\">Cala Brandinchi \u2013 \u201eMal\u00e9 Tahiti\u201c pobl\u00ed\u017e Olbie<\/h2>\n\n\n\n<figure class=\"wp-block-image size-full\"><img loading=\"lazy\" decoding=\"async\" width=\"1000\" height=\"715\" src=\"https:\/\/www.tui.cz\/blog\/wp-content\/uploads\/2026\/04\/Plaz-Cala-Brandinchi-Sardinie.jpg\" alt=\"Pl\u00e1\u017e Cala Brandinchi Sardinie\" class=\"wp-image-11386\" title=\"\" srcset=\"https:\/\/www.tui.cz\/blog\/wp-content\/uploads\/2026\/04\/Plaz-Cala-Brandinchi-Sardinie.jpg 1000w, https:\/\/www.tui.cz\/blog\/wp-content\/uploads\/2026\/04\/Plaz-Cala-Brandinchi-Sardinie-600x429.jpg 600w, https:\/\/www.tui.cz\/blog\/wp-content\/uploads\/2026\/04\/Plaz-Cala-Brandinchi-Sardinie-768x549.jpg 768w, https:\/\/www.tui.cz\/blog\/wp-content\/uploads\/2026\/04\/Plaz-Cala-Brandinchi-Sardinie-585x418.jpg 585w\" sizes=\"auto, (max-width: 1000px) 100vw, 1000px\" \/><\/figure>\n\n\n\n<p>Druh\u00fdm absolutn\u00edm hitem je Cala Brandinchi, \u010dasto naz\u00fdvan\u00e1 \u201eMal\u00e9 Tahiti\u201c. Nen\u00ed divu, proto\u017ee jej\u00ed m\u011blk\u00e1 modr\u00e1 voda, sn\u011bhob\u00edl\u00fd p\u00edsek a lagunov\u00fd charakter z n\u00ed d\u011blaj\u00ed jednu z nejkr\u00e1sn\u011bj\u0161\u00edch pl\u00e1\u017e\u00ed na Sardinii. Pl\u00e1\u017e se nach\u00e1z\u00ed na severov\u00fdchod\u011b, nedaleko San Teodora a Olbie. Pozvolna se sva\u017euje do mo\u0159e a je obklopena vo\u0148av\u00fdmi borovicemi, kter\u00e9 poskytuj\u00ed p\u0159\u00edjemn\u00fd st\u00edn b\u011bhem denn\u00edho horka. Je to jedno z nejkr\u00e1sn\u011bj\u0161\u00edch m\u00edst pro ty, kte\u0159\u00ed r\u00e1di relaxuj\u00ed bez sp\u011bchu.<\/p>\n\n\n\n<h2 class=\"wp-block-heading\">Spiaggia del Principe \u2013 Princova pl\u00e1\u017e na Smaragdov\u00e9m pob\u0159e\u017e\u00ed<\/h2>\n\n\n\n<figure class=\"wp-block-image size-full\"><img loading=\"lazy\" decoding=\"async\" width=\"1000\" height=\"562\" src=\"https:\/\/www.tui.cz\/blog\/wp-content\/uploads\/2026\/04\/Spiaggia-del-Principe-jedna-z-nejkrasnejsih-plazi-Sardinie.jpg\" alt=\"Spiaggia del Principe jedna z nejkr\u00e1sn\u011bj\u0161\u00edh pl\u00e1\u017e\u00ed Sardinie\" class=\"wp-image-11387\" title=\"\" srcset=\"https:\/\/www.tui.cz\/blog\/wp-content\/uploads\/2026\/04\/Spiaggia-del-Principe-jedna-z-nejkrasnejsih-plazi-Sardinie.jpg 1000w, https:\/\/www.tui.cz\/blog\/wp-content\/uploads\/2026\/04\/Spiaggia-del-Principe-jedna-z-nejkrasnejsih-plazi-Sardinie-600x337.jpg 600w, https:\/\/www.tui.cz\/blog\/wp-content\/uploads\/2026\/04\/Spiaggia-del-Principe-jedna-z-nejkrasnejsih-plazi-Sardinie-768x432.jpg 768w, https:\/\/www.tui.cz\/blog\/wp-content\/uploads\/2026\/04\/Spiaggia-del-Principe-jedna-z-nejkrasnejsih-plazi-Sardinie-585x329.jpg 585w\" sizes=\"auto, (max-width: 1000px) 100vw, 1000px\" \/><\/figure>\n\n\n\n<p>Pokud se chyst\u00e1te do Porto Cervo, nesm\u00edte minout dal\u0161\u00ed klasiku \u2013 Spiaggia del Principe, zn\u00e1mou jako Princova pl\u00e1\u017e. Je to jedno z nejzn\u00e1m\u011bj\u0161\u00edch m\u00edst na cel\u00e9m pob\u0159e\u017e\u00ed Costa Smeralda. Pl\u00e1\u017e se nach\u00e1z\u00ed v p\u016flkruhov\u00e9 z\u00e1toce obklopen\u00e9 skalnat\u00fdmi \u017eulov\u00fdmi \u00fatvary a samotn\u00e1 voda se t\u0159pyt\u00ed v odst\u00ednech tyrkysov\u00e9 a smaragdov\u00e9. Je to ide\u00e1ln\u00ed m\u00edsto pro milovn\u00edky fotografov\u00e1n\u00ed a \u0161norchlov\u00e1n\u00ed \u2013 viditelnost je zde mimo\u0159\u00e1dn\u011b dobr\u00e1 a podmo\u0159sk\u00fd sv\u011bt skute\u010dn\u011b stoj\u00ed za to prozkoumat.<\/p>\n\n\n\n<h2 class=\"wp-block-heading\">Cala Luna \u2013 klenot v z\u00e1livu Orosei<\/h2>\n\n\n\n<figure class=\"wp-block-image size-full\"><img loading=\"lazy\" decoding=\"async\" width=\"1000\" height=\"749\" src=\"https:\/\/www.tui.cz\/blog\/wp-content\/uploads\/2026\/04\/plaz-Cala-Luna-obklopena-jeskynemi-na-ostrove-Sardinie.jpg\" alt=\"pl\u00e1\u017e Cala Luna obklopen\u00e1 jeskyn\u011bmi na ostrov\u011b Sardinie\" class=\"wp-image-11388\" title=\"\" srcset=\"https:\/\/www.tui.cz\/blog\/wp-content\/uploads\/2026\/04\/plaz-Cala-Luna-obklopena-jeskynemi-na-ostrove-Sardinie.jpg 1000w, https:\/\/www.tui.cz\/blog\/wp-content\/uploads\/2026\/04\/plaz-Cala-Luna-obklopena-jeskynemi-na-ostrove-Sardinie-600x449.jpg 600w, https:\/\/www.tui.cz\/blog\/wp-content\/uploads\/2026\/04\/plaz-Cala-Luna-obklopena-jeskynemi-na-ostrove-Sardinie-768x575.jpg 768w, https:\/\/www.tui.cz\/blog\/wp-content\/uploads\/2026\/04\/plaz-Cala-Luna-obklopena-jeskynemi-na-ostrove-Sardinie-585x438.jpg 585w\" sizes=\"auto, (max-width: 1000px) 100vw, 1000px\" \/><\/figure>\n\n\n\n<p>Pokud hled\u00e1te m\u00e9n\u011b ru\u0161n\u00fd z\u00e1\u017eitek, Cala Luna v z\u00e1livu Orosei na v\u00fdchodn\u00ed stran\u011b ostrova je perfektn\u00ed volbou. Je to jedna z nejkr\u00e1sn\u011bj\u0161\u00edch pl\u00e1\u017e\u00ed na ostrov\u011b, proslul\u00e1 svou nedot\u010denou p\u0159\u00edrodou. Je obklopena jeskyn\u011bmi, ty\u010d\u00edc\u00edmi se \u00fatesy a zelen\u00ed, kter\u00e1 kr\u00e1sn\u011b kontrastuje s modr\u00fdm mo\u0159em. Cala Luna zaru\u010duje relaxa\u010dn\u00ed dovolenou bez dav\u016f, \u010d\u00e1ste\u010dn\u011b proto, \u017ee je nep\u0159\u00edstupn\u00e1 autem. M\u016f\u017eete se tam vydat na dvouhodinovou t\u00faru z Cala Gonone. Dal\u0161\u00ed mo\u017enost\u00ed je v\u00fdlet lod\u00ed z Arbataxu a Cala Gonone. Toto je ide\u00e1ln\u00ed m\u00edsto pro ty, kte\u0159\u00ed cht\u011bj\u00ed za\u017e\u00edt syrovou kr\u00e1su Sardinie daleko od dav\u016f.<\/p>\n\n\n\n<h2 class=\"wp-block-heading\">Cala Domestica \u2013 skryt\u00e1 z\u00e1toka na jihu ostrova<\/h2>\n\n\n\n<figure class=\"wp-block-image size-full\"><img loading=\"lazy\" decoding=\"async\" width=\"1000\" height=\"666\" src=\"https:\/\/www.tui.cz\/blog\/wp-content\/uploads\/2026\/04\/Plaz-Cala-Domestica-na-Sardinii.jpg\" alt=\"Pl\u00e1\u017e Cala Domestica na Sardinii\" class=\"wp-image-11389\" title=\"\" srcset=\"https:\/\/www.tui.cz\/blog\/wp-content\/uploads\/2026\/04\/Plaz-Cala-Domestica-na-Sardinii.jpg 1000w, https:\/\/www.tui.cz\/blog\/wp-content\/uploads\/2026\/04\/Plaz-Cala-Domestica-na-Sardinii-600x400.jpg 600w, https:\/\/www.tui.cz\/blog\/wp-content\/uploads\/2026\/04\/Plaz-Cala-Domestica-na-Sardinii-768x511.jpg 768w, https:\/\/www.tui.cz\/blog\/wp-content\/uploads\/2026\/04\/Plaz-Cala-Domestica-na-Sardinii-585x390.jpg 585w, https:\/\/www.tui.cz\/blog\/wp-content\/uploads\/2026\/04\/Plaz-Cala-Domestica-na-Sardinii-263x175.jpg 263w\" sizes=\"auto, (max-width: 1000px) 100vw, 1000px\" \/><\/figure>\n\n\n\n<p>Jedna z nejkr\u00e1sn\u011bj\u0161\u00edch pl\u00e1\u017e\u00ed Sardinie, Cala Domestica, se nach\u00e1z\u00ed v hlubok\u00e9 z\u00e1toce obklopen\u00e9 v\u00e1pencov\u00fdmi \u00fatesy na jihoz\u00e1padn\u00ed stran\u011b ostrova. Pl\u00e1\u017e je zasazena mezi b\u00fdval\u00e9 t\u011b\u017eebn\u00ed cesty a p\u0159\u00edrodn\u00ed skaln\u00ed tunely. P\u0159esto\u017ee m\u00e1 oblast drsn\u011bj\u0161\u00ed klima, turist\u00e9 oce\u0148uj\u00ed jej\u00ed autenticitu a klid.<\/p>\n\n\n\n<p>Cala Domestica pot\u011b\u0161\u00ed k\u0159i\u0161\u0165\u00e1lov\u011b \u010distou tyrkysovou vodou a zlatav\u00fdm jemn\u00fdm p\u00edskem. Mo\u0159e je zde o n\u011bco hlub\u0161\u00ed, ale st\u00e1le \u010dist\u00e9, tak\u017ee je ide\u00e1ln\u00ed pro \u0161norchlov\u00e1n\u00ed a pot\u00e1p\u011bn\u00ed. Pod vodou na v\u00e1s \u010dekaj\u00ed zaj\u00edmav\u00e9 skaln\u00ed \u00fatvary a mno\u017estv\u00ed barevn\u00fdch ryb. A\u010dkoli samotn\u00e1 pl\u00e1\u017e nen\u00ed dlouh\u00e1, jej\u00ed impozantn\u00ed \u0161\u00ed\u0159ka (a\u017e 260 metr\u016f) poskytuje dostatek prostoru k relaxaci. M\u016f\u017eete se tak\u00e9 vydat na t\u00faru po okoln\u00edch kopc\u00edch k okouzluj\u00edc\u00ed Cala Lunga nebo vyl\u00e9zt na mys se \u0161pan\u011blskou v\u011b\u017e\u00ed z 18. stolet\u00ed. V\u00fdhled na b\u00edl\u00e9 v\u00e1pencov\u00e9 \u00fatesy a b\u00fdval\u00e9 d\u016fln\u00ed budovy dod\u00e1v\u00e1 tomuto m\u00edstu jedine\u010dnou drsnou atmosf\u00e9ru.<\/p>\n\n\n\n<h2 class=\"wp-block-heading\">Spiaggia di Li Cossi \u2013 jedna z nejkr\u00e1sn\u011bj\u0161\u00edch pl\u00e1\u017e\u00ed na severu Sardinie<\/h2>\n\n\n\n<figure class=\"wp-block-image size-full\"><img loading=\"lazy\" decoding=\"async\" width=\"1000\" height=\"637\" src=\"https:\/\/www.tui.cz\/blog\/wp-content\/uploads\/2026\/04\/Spiaggia-di-Li-Cossi-krasna-plaz-na-Sardinii.jpg\" alt=\"Spiaggia di Li Cossi kr\u00e1sn\u00e1 pl\u00e1\u017e na Sardinii\" class=\"wp-image-11390\" title=\"\" srcset=\"https:\/\/www.tui.cz\/blog\/wp-content\/uploads\/2026\/04\/Spiaggia-di-Li-Cossi-krasna-plaz-na-Sardinii.jpg 1000w, https:\/\/www.tui.cz\/blog\/wp-content\/uploads\/2026\/04\/Spiaggia-di-Li-Cossi-krasna-plaz-na-Sardinii-600x382.jpg 600w, https:\/\/www.tui.cz\/blog\/wp-content\/uploads\/2026\/04\/Spiaggia-di-Li-Cossi-krasna-plaz-na-Sardinii-768x489.jpg 768w, https:\/\/www.tui.cz\/blog\/wp-content\/uploads\/2026\/04\/Spiaggia-di-Li-Cossi-krasna-plaz-na-Sardinii-585x373.jpg 585w\" sizes=\"auto, (max-width: 1000px) 100vw, 1000px\" \/><\/figure>\n\n\n\n<p>Na rajsk\u00e9m pob\u0159e\u017e\u00ed ostrova, zn\u00e1m\u00e9m jako Costa Paradiso, le\u017e\u00ed typick\u00e1 sardinsk\u00e1 pl\u00e1\u017e Spiaggia di Li Cossi. U\u017e cesta k tomuto m\u00edstu je pln\u00e1 \u00fachvatn\u00fdch v\u00fdhled\u016f. Kr\u00e1tk\u00e1 stezka po \u00fatesu nab\u00edz\u00ed v\u00fdhledy na tyrkysovou z\u00e1toku obklopenou r\u016f\u017eov\u00fdmi skalami. Spiaggia di Li Cossi je zn\u00e1m\u00e1 sv\u00fdm b\u00edl\u00fdm p\u00edskem, tak jemn\u00fdm, \u017ee si na n\u011bj s radost\u00ed polo\u017e\u00edte ru\u010dn\u00edk. Na pl\u00e1\u017ei jsou k dispozici tak\u00e9 leh\u00e1tka a slune\u010dn\u00edky. Tento r\u00e1j je obklopen malebn\u00fdmi \u00fatesy, kter\u00e9 jsou obzvl\u00e1\u0161t\u011b \u00fachvatn\u00e9 p\u0159i z\u00e1padu slunce. Dal\u0161\u00ed v\u00fdhodou je bezplatn\u00e9 parkov\u00e1n\u00ed p\u0159\u00edmo u za\u010d\u00e1tku stezky vedouc\u00ed na pl\u00e1\u017e.<\/p>\n\n\n\n<h2 class=\"wp-block-heading\">Pro\u010d Sardinie opravdu vypad\u00e1 jako Karibik?<\/h2>\n\n\n\n<p>Kdy\u017e stoj\u00edte na jedn\u00e9 z malebn\u00fdch sardinsk\u00fdch pl\u00e1\u017e\u00ed, c\u00edt\u00edte pod nohama tepl\u00fd jemn\u00fd p\u00edsek a hled\u00edte na k\u0159i\u0161\u0165\u00e1lov\u011b \u010distou vodu, je t\u011b\u017ek\u00e9 uv\u011b\u0159it, \u017ee jste jen 2 hodiny letu z \u010ceska. Co d\u011bl\u00e1 sardinsk\u00e9 pl\u00e1\u017ee tak exotick\u00fdmi, \u010dasto p\u0159irovn\u00e1van\u00fdmi k t\u011bm v Karibiku?<\/p>\n\n\n\n<ul class=\"wp-block-list\">\n<li>Voda je v\u00fdjime\u010dn\u011b \u010dist\u00e1, proto\u017ee dno je p\u00eds\u010dit\u00e9 a bez bahna.<\/li>\n\n\n\n<li>P\u00edsek je jemn\u00fd a sv\u011btl\u00fd, odr\u00e1\u017e\u00ed sv\u011btlo, d\u00edky \u010demu\u017e se barvy mo\u0159e jev\u00ed intenzivn\u011bj\u0161\u00ed.<\/li>\n\n\n\n<li>Z\u00e1toky chr\u00e1n\u00ed p\u0159ed vlnami, tak\u017ee mo\u0159e p\u0159ipom\u00edn\u00e1 klidnou lagunu.<\/li>\n\n\n\n<li>Jsou zde vynikaj\u00edc\u00ed podm\u00ednky pro \u0161norchlov\u00e1n\u00ed a pot\u00e1p\u011bn\u00ed.<\/li>\n\n\n\n<li>St\u0159edomo\u0159sk\u00e1 vegetace dod\u00e1v\u00e1 p\u0159\u00edrodn\u00edmu kouzlu.<\/li>\n\n\n\n<li>Mnoho pl\u00e1\u017e\u00ed je p\u0159\u00edstupn\u00fdch pouze lod\u00ed, co\u017e jim dod\u00e1v\u00e1 nedot\u010den\u00fd pocit.<\/li>\n<\/ul>\n\n\n\n<h2 class=\"wp-block-heading\">Sardinie \u2013 ide\u00e1ln\u00ed dovolen\u00e1 pro ka\u017ed\u00e9ho<\/h2>\n\n\n\n<p>A\u0165 u\u017e hled\u00e1te romantickou z\u00e1toku, luxusn\u00ed resort, nedot\u010denou krajinu, ide\u00e1ln\u00ed podm\u00ednky pro vodn\u00ed sporty nebo pl\u00e1\u017ee s pozvoln\u00fdm vstupem do mo\u0159e \u2013 to v\u0161e na ostrov\u011b najdete. Pl\u00e1\u017ee Sardinie jsou f\u00faz\u00ed karibsk\u00e9 krajiny, italsk\u00e9ho \u0161mrncu a st\u0159edomo\u0159sk\u00e9 relaxace. A kdy\u017e k tomu p\u0159id\u00e1te vynikaj\u00edc\u00ed kuchyni, sardinsk\u00e1 v\u00edna a uvoln\u011bn\u00fd rytmus m\u00edstn\u00edch obyvatel, pochop\u00edte, pro\u010d se tolik turist\u016f vrac\u00ed rok co rok. Nen\u00ed divu, \u017ee se Sardinie n\u011bkdy naz\u00fdv\u00e1 Karibikem St\u0159edomo\u0159\u00ed \u2013 m\u00e1 exotickou lehkost, kr\u00e1snou krajinu a jedny z nejkr\u00e1sn\u011bj\u0161\u00edch pl\u00e1\u017e\u00ed v cel\u00e9 Evrop\u011b.<\/p>\n\n\n\n<div class=\"wp-block-buttons is-content-justification-center is-layout-flex wp-container-core-buttons-is-layout-16018d1d wp-block-buttons-is-layout-flex\">\n<div class=\"wp-block-button\"><a class=\"wp-block-button__link has-vivid-red-background-color has-background has-normal-font-size has-custom-font-size wp-element-button\" href=\"https:\/\/www.tui.cz\/dovolena\/italie\/sardinie\/nabidky-hotely\" target=\"_blank\" rel=\"noreferrer noopener\">Naj\u00edt z\u00e1jezd na Sardinii<\/a><\/div>\n<\/div>\n\n\n\n<p><\/p>\n","protected":false},"excerpt":{"rendered":"<p>Pokud sn\u00edte o exotick\u00fdch v\u00fdhledech, ale nechcete let\u011bt a\u017e na druh\u00fd konec sv\u011bta, m\u00e1me pro v\u00e1s skv\u011bl\u00fd n\u00e1pad: le\u0165te na Sardinii, kter\u00e1 v\u00e1s p\u0159ekvap\u00ed v\u00edc, ne\u017e byste \u010dekali. Tento italsk\u00fd&hellip;<\/p>\n","protected":false},"author":54,"featured_media":11384,"comment_status":"open","ping_status":"closed","sticky":false,"template":"","format":"standard","meta":{"_lmt_disableupdate":"","_lmt_disable":"","footnotes":""},"categories":[182],"tags":[],"class_list":["post-11383","post","type-post","status-publish","format-standard","has-post-thumbnail","hentry","category-cestovani"],"home_img_url":"https:\/\/www.tui.cz\/blog\/wp-content\/uploads\/2026\/04\/Nejkrasnejsi-plaze-na-Sardinii-Italie-585x390.jpg","home_img_alt":"Nejkr\u00e1sn\u011bj\u0161\u00ed pl\u00e1\u017ee na Sardinii It\u00e1lie","_links":{"self":[{"href":"https:\/\/www.tui.cz\/blog\/wp-json\/wp\/v2\/posts\/11383","targetHints":{"allow":["GET"]}}],"collection":[{"href":"https:\/\/www.tui.cz\/blog\/wp-json\/wp\/v2\/posts"}],"about":[{"href":"https:\/\/www.tui.cz\/blog\/wp-json\/wp\/v2\/types\/post"}],"author":[{"embeddable":true,"href":"https:\/\/www.tui.cz\/blog\/wp-json\/wp\/v2\/users\/54"}],"replies":[{"embeddable":true,"href":"https:\/\/www.tui.cz\/blog\/wp-json\/wp\/v2\/comments?post=11383"}],"version-history":[{"count":1,"href":"https:\/\/www.tui.cz\/blog\/wp-json\/wp\/v2\/posts\/11383\/revisions"}],"predecessor-version":[{"id":11391,"href":"https:\/\/www.tui.cz\/blog\/wp-json\/wp\/v2\/posts\/11383\/revisions\/11391"}],"wp:featuredmedia":[{"embeddable":true,"href":"https:\/\/www.tui.cz\/blog\/wp-json\/wp\/v2\/media\/11384"}],"wp:attachment":[{"href":"https:\/\/www.tui.cz\/blog\/wp-json\/wp\/v2\/media?parent=11383"}],"wp:term":[{"taxonomy":"category","embeddable":true,"href":"https:\/\/www.tui.cz\/blog\/wp-json\/wp\/v2\/categories?post=11383"},{"taxonomy":"post_tag","embeddable":true,"href":"https:\/\/www.tui.cz\/blog\/wp-json\/wp\/v2\/tags?post=11383"}],"curies":[{"name":"wp","href":"https:\/\/api.w.org\/{rel}","templated":true}]}}