{"id":11392,"date":"2026-05-01T14:03:42","date_gmt":"2026-05-01T12:03:42","guid":{"rendered":"https:\/\/www.tui.cz\/blog\/?p=11392"},"modified":"2026-04-27T14:27:34","modified_gmt":"2026-04-27T12:27:34","slug":"nejlepsi-plaze-turecko","status":"publish","type":"post","link":"https:\/\/www.tui.cz\/blog\/nejlepsi-plaze-turecko\/","title":{"rendered":"5 nejlep\u0161\u00edch pl\u00e1\u017e\u00ed v Turecku \u2013 kde se koupat na Tureck\u00e9 a Egejsk\u00e9 rivi\u00e9\u0159e?"},"content":{"rendered":"\n<p>Turecko se py\u0161n\u00ed \u00fachvatnou krajinou, od malebn\u00fdch horsk\u00fdch p\u00e1sem a\u017e po mo\u0159sk\u00e9 pob\u0159e\u017e\u00ed, kter\u00e9 opl\u00fdv\u00e1 kr\u00e1sn\u00fdmi, dlouh\u00fdmi, p\u00eds\u010dit\u00fdmi a obl\u00e1zkov\u00fdmi pl\u00e1\u017eemi. Ty ji\u017e l\u00e9ta l\u00e1kaj\u00ed davy turist\u016f a jsou jedn\u00edm z hlavn\u00edch d\u016fvod\u016f, pro\u010d je <a href=\"https:\/\/www.tui.cz\/dovolena\/turecko\" target=\"_blank\" rel=\"noreferrer noopener\">Turecko<\/a> tak popul\u00e1rn\u00ed pr\u00e1zdninovou destinac\u00ed.<\/p>\n\n\n\n<p>Nejobl\u00edben\u011bj\u0161\u00edm c\u00edlem pro ty, kte\u0159\u00ed hledaj\u00ed bla\u017eenou relaxaci a dokonal\u00e9 v\u00fdhledy, jsou bezpochyby letoviska nach\u00e1zej\u00edc\u00ed se na tureck\u00e9m pob\u0159e\u017e\u00ed Egejsk\u00e9ho a St\u0159edozemn\u00edho mo\u0159e, zn\u00e1m\u00e1 jako Egejsk\u00e1 a Tureck\u00e1 rivi\u00e9ra. Na t\u011bchto pl\u00e1\u017e\u00edch si rekreanti u\u017e\u00edvaj\u00ed neutuchaj\u00edc\u00edho slunce, plavou v tepl\u00e9 a \u010dist\u00e9 vod\u011b, v\u011bnuj\u00ed se vodn\u00edm sport\u016fm i dal\u0161\u00edm atrakc\u00edm, obdivuj\u00ed v\u00fdhledy a prost\u011b relaxuj\u00ed.<\/p>\n\n\n\n<p>N\u00ed\u017ee je uveden subjektivn\u00ed seznam p\u011bti nejlep\u0161\u00edch pl\u00e1\u017e\u00ed v Turecku, i kdy\u017e jich je v cel\u00e9 zemi nepochybn\u011b mnohem v\u00edce.<\/p>\n\n\n\n<h2 class=\"wp-block-heading\">\u00c7e\u015fme<\/h2>\n\n\n\n<figure class=\"wp-block-image size-full\"><img loading=\"lazy\" decoding=\"async\" width=\"1000\" height=\"750\" src=\"https:\/\/www.tui.cz\/blog\/wp-content\/uploads\/2026\/04\/Zena-v-cervenych-satech-a-klobouku-sedici-na-turecke-plazi-Altinkum.jpg\" alt=\"\u017dena v \u010derven\u00fdch \u0161atech a klobouku sed\u00edc\u00ed na tureck\u00e9 pl\u00e1\u017ei Alt\u0131nkum\" class=\"wp-image-11398\" title=\"\" srcset=\"https:\/\/www.tui.cz\/blog\/wp-content\/uploads\/2026\/04\/Zena-v-cervenych-satech-a-klobouku-sedici-na-turecke-plazi-Altinkum.jpg 1000w, https:\/\/www.tui.cz\/blog\/wp-content\/uploads\/2026\/04\/Zena-v-cervenych-satech-a-klobouku-sedici-na-turecke-plazi-Altinkum-600x450.jpg 600w, https:\/\/www.tui.cz\/blog\/wp-content\/uploads\/2026\/04\/Zena-v-cervenych-satech-a-klobouku-sedici-na-turecke-plazi-Altinkum-768x576.jpg 768w, https:\/\/www.tui.cz\/blog\/wp-content\/uploads\/2026\/04\/Zena-v-cervenych-satech-a-klobouku-sedici-na-turecke-plazi-Altinkum-585x439.jpg 585w\" sizes=\"auto, (max-width: 1000px) 100vw, 1000px\" \/><\/figure>\n\n\n\n<p>Toto egejsk\u00e9 letovisko je zn\u00e1m\u00e9 p\u0159edev\u0161\u00edm sv\u00fdmi pl\u00e1\u017eemi pokryt\u00fdmi jemn\u00fdm p\u00edskem, z nich\u017e nejobl\u00edben\u011bj\u0161\u00ed je pl\u00e1\u017e Altinkum, co\u017e v doslovn\u00e9m p\u0159ekladu znamen\u00e1 \u201ezlat\u00fd p\u00edsek\u201c. Je to ide\u00e1ln\u00ed m\u00edsto pro koup\u00e1n\u00ed a opalov\u00e1n\u00ed. Pl\u00e1\u017e se pozvolna sva\u017euje do mo\u0159e, m\u00e1 m\u011blkou vodu a nab\u00edz\u00ed \u0161irokou \u0161k\u00e1lu mo\u017enost\u00ed stravov\u00e1n\u00ed, co\u017e z n\u00ed \u010din\u00ed perfektn\u00ed z\u00e1zem\u00ed k celodenn\u00edmu leno\u0161en\u00ed.&nbsp;<\/p>\n\n\n\n<p>Milovn\u00edci windsurfingu a kitesurfingu by m\u011bli nav\u0161t\u00edvit nedalek\u00e9 m\u011bsto Ala\u00e7at\u0131, kter\u00e9 je proslul\u00e9 t\u011bmi nejlep\u0161\u00edmi podm\u00ednkami pro tyto vodn\u00ed sporty.<\/p>\n\n\n\n<h2 class=\"wp-block-heading\">\u0130ztuzu<\/h2>\n\n\n\n<figure class=\"wp-block-image size-full\"><img loading=\"lazy\" decoding=\"async\" width=\"1000\" height=\"667\" src=\"https:\/\/www.tui.cz\/blog\/wp-content\/uploads\/2026\/04\/Plaz-Iztuzu-se-zarivym-sluncem-pobliz-hor-v-Turecku.jpg\" alt=\"Pl\u00e1\u017e \u0130ztuzu se z\u00e1\u0159iv\u00fdm sluncem pobl\u00ed\u017e hor v Turecku\" class=\"wp-image-11397\" title=\"\" srcset=\"https:\/\/www.tui.cz\/blog\/wp-content\/uploads\/2026\/04\/Plaz-Iztuzu-se-zarivym-sluncem-pobliz-hor-v-Turecku.jpg 1000w, https:\/\/www.tui.cz\/blog\/wp-content\/uploads\/2026\/04\/Plaz-Iztuzu-se-zarivym-sluncem-pobliz-hor-v-Turecku-600x400.jpg 600w, https:\/\/www.tui.cz\/blog\/wp-content\/uploads\/2026\/04\/Plaz-Iztuzu-se-zarivym-sluncem-pobliz-hor-v-Turecku-768x512.jpg 768w, https:\/\/www.tui.cz\/blog\/wp-content\/uploads\/2026\/04\/Plaz-Iztuzu-se-zarivym-sluncem-pobliz-hor-v-Turecku-585x390.jpg 585w, https:\/\/www.tui.cz\/blog\/wp-content\/uploads\/2026\/04\/Plaz-Iztuzu-se-zarivym-sluncem-pobliz-hor-v-Turecku-263x175.jpg 263w\" sizes=\"auto, (max-width: 1000px) 100vw, 1000px\" \/><\/figure>\n\n\n\n<p>Tato \u00fa\u017easn\u00e1 pl\u00e1\u017e se nach\u00e1z\u00ed v mal\u00e9 ryb\u00e1\u0159sk\u00e9 vesnici Dalyan na stejnojmenn\u00e9 \u0159ece na <a href=\"https:\/\/www.tui.cz\/dovolena\/turecko\/egejska-riviera\" target=\"_blank\" rel=\"noreferrer noopener\">Egejsk\u00e9 rivi\u00e9\u0159e<\/a>. Jej\u00ed jedine\u010dn\u00fd vzhled pramen\u00ed z jej\u00edho spojen\u00ed s \u0159ekou, kter\u00e9 vytv\u00e1\u0159\u00ed pozoruhodnou deltu. Na \u0161irokou p\u00edse\u010dnou pl\u00e1\u017e se dostanete lod\u00ed. B\u011bhem plavby budete proplouvat mezi \u010detn\u00fdmi ostrovy a ostr\u016fvky obklopen\u00fdmi vegetac\u00ed a cestou minete skaln\u00ed hrobky v Kaunosu vytesan\u00e9 p\u0159\u00edmo do \u00fates\u016f. Dal\u0161\u00ed atrakc\u00ed je mo\u017enost spat\u0159it mo\u0159sk\u00e9 \u017eelvy karety obecn\u00e9 (<em>Caretta Caretta<\/em>), kter\u00e9 na pl\u00e1\u017ei \u0130ztuzu kladou sv\u00e1 vejce.<\/p>\n\n\n\n<h2 class=\"wp-block-heading\">Alanya a Antalya<\/h2>\n\n\n\n<figure class=\"wp-block-image size-full\"><img loading=\"lazy\" decoding=\"async\" width=\"1000\" height=\"525\" src=\"https:\/\/www.tui.cz\/blog\/wp-content\/uploads\/2026\/04\/Znama-Kleopatrina-plaz-se-zlatym-piskem-a-modrou-vodou-v-Turecku.jpg\" alt=\"Zn\u00e1m\u00e1 Kleopat\u0159ina pl\u00e1\u017e se zlat\u00fdm p\u00edskem a modrou vodou v Turecku\" class=\"wp-image-11396\" title=\"\" srcset=\"https:\/\/www.tui.cz\/blog\/wp-content\/uploads\/2026\/04\/Znama-Kleopatrina-plaz-se-zlatym-piskem-a-modrou-vodou-v-Turecku.jpg 1000w, https:\/\/www.tui.cz\/blog\/wp-content\/uploads\/2026\/04\/Znama-Kleopatrina-plaz-se-zlatym-piskem-a-modrou-vodou-v-Turecku-600x315.jpg 600w, https:\/\/www.tui.cz\/blog\/wp-content\/uploads\/2026\/04\/Znama-Kleopatrina-plaz-se-zlatym-piskem-a-modrou-vodou-v-Turecku-768x403.jpg 768w, https:\/\/www.tui.cz\/blog\/wp-content\/uploads\/2026\/04\/Znama-Kleopatrina-plaz-se-zlatym-piskem-a-modrou-vodou-v-Turecku-585x307.jpg 585w\" sizes=\"auto, (max-width: 1000px) 100vw, 1000px\" \/><\/figure>\n\n\n\n<p>Kdy\u017e se \u0159ekne <a href=\"https:\/\/www.tui.cz\/dovolena\/turecko\/turecka-riviera\" target=\"_blank\" rel=\"noreferrer noopener\">Tureck\u00e1 rivi\u00e9ra<\/a>, v\u011bt\u0161ina lid\u00ed si hned vzpomene na dv\u011b nejzn\u00e1m\u011bj\u0161\u00ed letoviska v t\u00e9to oblasti, Alanyi a Antalyi, stejn\u011b jako na popul\u00e1rn\u00ed pl\u00e1\u017ee v t\u011bchto regionech: Kleopat\u0159inu pl\u00e1\u017e, Laru a Pataru. Kr\u00e1sn\u00e1, dlouh\u00e1 a p\u00edse\u010dn\u00e1 Kleopat\u0159ina pl\u00e1\u017e se nach\u00e1z\u00ed v srdci Alanye. N\u00e1v\u0161t\u011bvu t\u00e9to pl\u00e1\u017ee lze snadno spojit s prohl\u00eddkou m\u011bsta a okol\u00ed \u2013 na jej\u00edm konci se nach\u00e1zej\u00ed jeskyn\u011b Damlata\u015f s p\u016fsobiv\u00fdmi stalaktity.\u00a0<\/p>\n\n\n\n<p>Lara je velmi dlouh\u00e1 pl\u00e1\u017e nach\u00e1zej\u00edc\u00ed se v z\u00e1toce na v\u00fdchodn\u00edm pob\u0159e\u017e\u00ed Antalye. Je to mimo\u0159\u00e1dn\u011b udr\u017eovan\u00e1, \u010dist\u00e1 pl\u00e1\u017e s p\u0159\u00edjemn\u00fdm p\u00edskem, kter\u00e1 vyb\u00edz\u00ed k bla\u017een\u00e9mu odpo\u010dinku. Nejdel\u0161\u00ed pl\u00e1\u017e\u00ed v cel\u00e9m Turecku (18 kilometr\u016f) je kr\u00e1sn\u00e1 pl\u00e1\u017e Patara, kde m\u016f\u017eete spat\u0159it mo\u0159sk\u00e9 \u017eelvy karety obecn\u00e9.&nbsp;<\/p>\n\n\n\n<h2 class=\"wp-block-heading\">\u00dadol\u00ed mot\u00fdl\u016f&nbsp;<\/h2>\n\n\n\n<figure class=\"wp-block-image size-full\"><img loading=\"lazy\" decoding=\"async\" width=\"1000\" height=\"666\" src=\"https:\/\/www.tui.cz\/blog\/wp-content\/uploads\/2026\/04\/Pohled-na-Udoli-motylu-pobliz-letoviska-Oludeniz-se-zarive-modrou-vodou.jpg\" alt=\"Pohled na \u00dadol\u00ed mot\u00fdl\u016f pobl\u00ed\u017e letoviska \u00d6l\u00fcdeniz se z\u00e1\u0159iv\u011b modrou vodou\" class=\"wp-image-11395\" title=\"\" srcset=\"https:\/\/www.tui.cz\/blog\/wp-content\/uploads\/2026\/04\/Pohled-na-Udoli-motylu-pobliz-letoviska-Oludeniz-se-zarive-modrou-vodou.jpg 1000w, https:\/\/www.tui.cz\/blog\/wp-content\/uploads\/2026\/04\/Pohled-na-Udoli-motylu-pobliz-letoviska-Oludeniz-se-zarive-modrou-vodou-600x400.jpg 600w, https:\/\/www.tui.cz\/blog\/wp-content\/uploads\/2026\/04\/Pohled-na-Udoli-motylu-pobliz-letoviska-Oludeniz-se-zarive-modrou-vodou-768x511.jpg 768w, https:\/\/www.tui.cz\/blog\/wp-content\/uploads\/2026\/04\/Pohled-na-Udoli-motylu-pobliz-letoviska-Oludeniz-se-zarive-modrou-vodou-585x390.jpg 585w, https:\/\/www.tui.cz\/blog\/wp-content\/uploads\/2026\/04\/Pohled-na-Udoli-motylu-pobliz-letoviska-Oludeniz-se-zarive-modrou-vodou-263x175.jpg 263w\" sizes=\"auto, (max-width: 1000px) 100vw, 1000px\" \/><\/figure>\n\n\n\n<p>Tato z\u00e1toka se nach\u00e1z\u00ed v jihoz\u00e1padn\u00edm Turecku, nedaleko obl\u00edben\u00e9ho letoviska \u00d6l\u00fcdeniz. Mezi st\u011bnami sout\u011bsky se nach\u00e1z\u00ed mal\u00e1 pl\u00e1\u017e, kter\u00e1 vytv\u00e1\u0159\u00ed n\u00e1dhernou krajinu. M\u016f\u017eete si zde odpo\u010dinout, ale p\u0159edev\u0161\u00edm se setkat s \u00fachvatn\u00fdmi druhy mot\u00fdl\u016f, po kter\u00fdch je z\u00e1toka pojmenov\u00e1na. Toto neuv\u011b\u0159iteln\u011b okouzluj\u00edc\u00ed a intimn\u00ed m\u00edsto uchvacuje turisty z cel\u00e9ho sv\u011bta.&nbsp;<\/p>\n\n\n\n<p>V samotn\u00e9m \u00d6l\u00fcdenizu dominuje slavn\u00e1 pl\u00e1\u017e Modr\u00e1 laguna s azurovou vodou. Tato pl\u00e1\u017e je doporu\u010dov\u00e1na zejm\u00e9na rodin\u00e1m s d\u011btmi.<\/p>\n\n\n\n<h2 class=\"wp-block-heading\">Side<\/h2>\n\n\n\n<figure class=\"wp-block-image size-full\"><img loading=\"lazy\" decoding=\"async\" width=\"1000\" height=\"669\" src=\"https:\/\/www.tui.cz\/blog\/wp-content\/uploads\/2026\/04\/Hrad-z-pisku-na-plazi-v-tureckem-mestecku-Side.jpg\" alt=\"Hrad z p\u00edsku na pl\u00e1\u017ei v tureck\u00e9m m\u011bste\u010dku Side\" class=\"wp-image-11394\" title=\"\" srcset=\"https:\/\/www.tui.cz\/blog\/wp-content\/uploads\/2026\/04\/Hrad-z-pisku-na-plazi-v-tureckem-mestecku-Side.jpg 1000w, https:\/\/www.tui.cz\/blog\/wp-content\/uploads\/2026\/04\/Hrad-z-pisku-na-plazi-v-tureckem-mestecku-Side-600x401.jpg 600w, https:\/\/www.tui.cz\/blog\/wp-content\/uploads\/2026\/04\/Hrad-z-pisku-na-plazi-v-tureckem-mestecku-Side-768x514.jpg 768w, https:\/\/www.tui.cz\/blog\/wp-content\/uploads\/2026\/04\/Hrad-z-pisku-na-plazi-v-tureckem-mestecku-Side-585x391.jpg 585w, https:\/\/www.tui.cz\/blog\/wp-content\/uploads\/2026\/04\/Hrad-z-pisku-na-plazi-v-tureckem-mestecku-Side-263x175.jpg 263w\" sizes=\"auto, (max-width: 1000px) 100vw, 1000px\" \/><\/figure>\n\n\n\n<p>Posledn\u00ed \u010destn\u00e9 m\u00edsto v tomto v\u00fdb\u011bru nepat\u0159\u00ed jen jedn\u00e9, ale hned n\u011bkolika pl\u00e1\u017e\u00edm v <a href=\"https:\/\/www.tui.cz\/vylety\/alanya\/vylet-do-side-s-chramem-apollona-a-nakupovanim-93968\" target=\"_blank\" rel=\"noreferrer noopener\">Side<\/a>. Toto letovisko je proslul\u00e9 sv\u00fdm velmi dlouh\u00fdm a \u0161irok\u00fdm pob\u0159e\u017e\u00edm, kde jsou pl\u00e1\u017ee p\u0159ev\u00e1\u017en\u011b p\u00eds\u010dit\u00e9. Nav\u00edc se odtud snadno dostanete p\u0159\u00edmo do centra tohoto historick\u00e9ho m\u011bsta, kde m\u016f\u017eete obdivovat jeho antick\u00e9 d\u011bdictv\u00ed. Turist\u00e9 \u2013 obzvl\u00e1\u0161t\u011b rodiny s d\u011btmi \u2013 si tento region \u010dasto vyb\u00edraj\u00ed k tr\u00e1ven\u00ed dovolen\u00e9 a celodenn\u00edmu opalov\u00e1n\u00ed na pl\u00e1\u017ei.\u00a0<\/p>\n\n\n\n<p>Bl\u00edzk\u00e1 m\u011bsta jako Sorgun, Kumk\u00f6y a \u00c7olakl\u0131 zaru\u010duj\u00ed p\u0159\u00edstup k dal\u0161\u00edm dechberouc\u00edm pl\u00e1\u017e\u00edm, kter\u00e9 om\u00fdvaj\u00ed tyrkysov\u00e9 vody St\u0159edozemn\u00edho mo\u0159e.<\/p>\n\n\n\n<div class=\"wp-block-buttons is-content-justification-center is-layout-flex wp-container-core-buttons-is-layout-16018d1d wp-block-buttons-is-layout-flex\">\n<div class=\"wp-block-button\"><a class=\"wp-block-button__link has-vivid-red-background-color has-background has-normal-font-size has-custom-font-size wp-element-button\" href=\"https:\/\/www.tui.cz\/dovolena\/turecko\/nabidky-hotely\" target=\"_blank\" rel=\"noreferrer noopener\">Vybrat dovolenou v Turecku<\/a><\/div>\n<\/div>\n","protected":false},"excerpt":{"rendered":"<p>Turecko se py\u0161n\u00ed \u00fachvatnou krajinou, od malebn\u00fdch horsk\u00fdch p\u00e1sem a\u017e po mo\u0159sk\u00e9 pob\u0159e\u017e\u00ed, kter\u00e9 opl\u00fdv\u00e1 kr\u00e1sn\u00fdmi, dlouh\u00fdmi, p\u00eds\u010dit\u00fdmi a obl\u00e1zkov\u00fdmi pl\u00e1\u017eemi. Ty ji\u017e l\u00e9ta l\u00e1kaj\u00ed davy turist\u016f a jsou jedn\u00edm&hellip;<\/p>\n","protected":false},"author":59,"featured_media":11393,"comment_status":"open","ping_status":"closed","sticky":false,"template":"","format":"standard","meta":{"_lmt_disableupdate":"","_lmt_disable":"","footnotes":""},"categories":[182],"tags":[],"class_list":["post-11392","post","type-post","status-publish","format-standard","has-post-thumbnail","hentry","category-cestovani"],"home_img_url":"https:\/\/www.tui.cz\/blog\/wp-content\/uploads\/2026\/04\/Pisecna-plaz-v-Kemeru-v-Turecku-s-horou-v-pozadi-slunecniky-a-lehatky-585x390.jpg","home_img_alt":"P\u00edse\u010dn\u00e1 pl\u00e1\u017e v Kemeru v Turecku s horou v pozad\u00ed, slune\u010dn\u00edky a leh\u00e1tky","_links":{"self":[{"href":"https:\/\/www.tui.cz\/blog\/wp-json\/wp\/v2\/posts\/11392","targetHints":{"allow":["GET"]}}],"collection":[{"href":"https:\/\/www.tui.cz\/blog\/wp-json\/wp\/v2\/posts"}],"about":[{"href":"https:\/\/www.tui.cz\/blog\/wp-json\/wp\/v2\/types\/post"}],"author":[{"embeddable":true,"href":"https:\/\/www.tui.cz\/blog\/wp-json\/wp\/v2\/users\/59"}],"replies":[{"embeddable":true,"href":"https:\/\/www.tui.cz\/blog\/wp-json\/wp\/v2\/comments?post=11392"}],"version-history":[{"count":1,"href":"https:\/\/www.tui.cz\/blog\/wp-json\/wp\/v2\/posts\/11392\/revisions"}],"predecessor-version":[{"id":11400,"href":"https:\/\/www.tui.cz\/blog\/wp-json\/wp\/v2\/posts\/11392\/revisions\/11400"}],"wp:featuredmedia":[{"embeddable":true,"href":"https:\/\/www.tui.cz\/blog\/wp-json\/wp\/v2\/media\/11393"}],"wp:attachment":[{"href":"https:\/\/www.tui.cz\/blog\/wp-json\/wp\/v2\/media?parent=11392"}],"wp:term":[{"taxonomy":"category","embeddable":true,"href":"https:\/\/www.tui.cz\/blog\/wp-json\/wp\/v2\/categories?post=11392"},{"taxonomy":"post_tag","embeddable":true,"href":"https:\/\/www.tui.cz\/blog\/wp-json\/wp\/v2\/tags?post=11392"}],"curies":[{"name":"wp","href":"https:\/\/api.w.org\/{rel}","templated":true}]}}