{"id":11406,"date":"2026-05-02T15:32:44","date_gmt":"2026-05-02T13:32:44","guid":{"rendered":"https:\/\/www.tui.cz\/blog\/?p=11406"},"modified":"2026-04-27T15:52:40","modified_gmt":"2026-04-27T13:52:40","slug":"ibiza-atrakce","status":"publish","type":"post","link":"https:\/\/www.tui.cz\/blog\/ibiza-atrakce\/","title":{"rendered":"Co vid\u011bt na Ibize? Ostrov, kter\u00fd nen\u00ed jen o p\u00e1rty"},"content":{"rendered":"\n<p>Ibiza nen\u00ed jen o kr\u00e1sn\u00fdch pl\u00e1\u017e\u00edch, k\u0159i\u0161\u0165\u00e1lov\u011b \u010dist\u00e9 vod\u011b a ve\u010dern\u00ed z\u00e1bav\u011b. Tento <a href=\"https:\/\/www.tui.cz\/dovolena\/spanelsko\" target=\"_blank\" rel=\"noreferrer noopener\">\u0161pan\u011blsk\u00fd<\/a> ostrov nab\u00edz\u00ed mnohem v\u00edce, a to zejm\u00e9na neuv\u011b\u0159itelnou architekturu a v\u00fdjime\u010dnou p\u0159\u00edrodu. Co stoj\u00ed za to zde vid\u011bt? Kam se vydat, aby byl v\u00e1\u0161 z\u00e1jezd nezapomenuteln\u00fd? A jak\u00e9 aktivity zvolit, krom\u011b relaxace na pl\u00e1\u017ei a p\u00e1rty? Pod\u00edvejte se na na\u0161e tipy!\u00a0<\/p>\n\n\n\n<h2 class=\"wp-block-heading\">Co stoj\u00ed za to vid\u011bt na Ibize?<\/h2>\n\n\n\n<p>P\u0159esto\u017ee tento t\u0159et\u00ed nejv\u011bt\u0161\u00ed z Bale\u00e1rsk\u00fdch ostrov\u016f byl ozna\u010den za \u201e\u0161pan\u011blsk\u00e9 hlavn\u00ed m\u011bsto ve\u010d\u00edrk\u016f\u201c, neznamen\u00e1 to, \u017ee nen\u00ed atraktivn\u00ed destinac\u00ed pro pozn\u00e1v\u00e1n\u00ed. Pr\u00e1v\u011b naopak \u2013 krom\u011b ve\u010d\u00edrkov\u00e9 sc\u00e9ny nab\u00edz\u00ed i nep\u0159ebern\u00e9 mno\u017estv\u00ed kr\u00e1sn\u00fdch m\u00edst.<\/p>\n\n\n\n<p>B\u011bhem pobytu na Ibize mus\u00edte nav\u0161t\u00edvit Dalt Vila, neboli historick\u00e9 Star\u00e9 M\u011bsto, kter\u00e9 se nach\u00e1z\u00ed v hlavn\u00edm m\u011bst\u011b <a href=\"https:\/\/www.tui.cz\/dovolena\/spanelsko\/ibiza\" target=\"_blank\" rel=\"noreferrer noopener\">Ibizy<\/a>. Je zaps\u00e1no na seznamu sv\u011btov\u00e9ho d\u011bdictv\u00ed UNESCO a je jedn\u00edm z nejl\u00e9pe dochovan\u00fdch st\u0159edov\u011bk\u00fdch m\u011bst v Evrop\u011b. Jeho impozantn\u00ed obrann\u00e9 hradby nab\u00edzej\u00ed \u00fachvatn\u00fd v\u00fdhled na m\u011bsto a mo\u0159e. Je to ide\u00e1ln\u00ed destinace nejen pro milovn\u00edky historie a architektury, ale i pro ty, kte\u0159\u00ed si r\u00e1di u\u017e\u00edvaj\u00ed okouzluj\u00edc\u00ed scen\u00e9rie.<\/p>\n\n\n\n<figure class=\"wp-block-image size-full\"><img loading=\"lazy\" decoding=\"async\" width=\"1000\" height=\"667\" src=\"https:\/\/www.tui.cz\/blog\/wp-content\/uploads\/2026\/04\/Pohlad-na-Dalt-Vilu-ze-stredovekeho-hradu-v-hlavnim-meste-Ibizy.jpg\" alt=\"Pohlad na Dalt Vilu ze st\u0159edov\u011bk\u00e9ho hradu v hlavn\u00edm m\u011bst\u011b Ibizy\" class=\"wp-image-11412\" title=\"\" srcset=\"https:\/\/www.tui.cz\/blog\/wp-content\/uploads\/2026\/04\/Pohlad-na-Dalt-Vilu-ze-stredovekeho-hradu-v-hlavnim-meste-Ibizy.jpg 1000w, https:\/\/www.tui.cz\/blog\/wp-content\/uploads\/2026\/04\/Pohlad-na-Dalt-Vilu-ze-stredovekeho-hradu-v-hlavnim-meste-Ibizy-600x400.jpg 600w, https:\/\/www.tui.cz\/blog\/wp-content\/uploads\/2026\/04\/Pohlad-na-Dalt-Vilu-ze-stredovekeho-hradu-v-hlavnim-meste-Ibizy-768x512.jpg 768w, https:\/\/www.tui.cz\/blog\/wp-content\/uploads\/2026\/04\/Pohlad-na-Dalt-Vilu-ze-stredovekeho-hradu-v-hlavnim-meste-Ibizy-585x390.jpg 585w, https:\/\/www.tui.cz\/blog\/wp-content\/uploads\/2026\/04\/Pohlad-na-Dalt-Vilu-ze-stredovekeho-hradu-v-hlavnim-meste-Ibizy-263x175.jpg 263w\" sizes=\"auto, (max-width: 1000px) 100vw, 1000px\" \/><\/figure>\n\n\n\n<p>Ibiza nab\u00edz\u00ed tak\u00e9 nep\u0159ebern\u00e9 mno\u017estv\u00ed p\u0159\u00edrodn\u00edch kr\u00e1s. Zvl\u00e1\u0161tn\u00ed pozornost si zaslou\u017e\u00ed N\u00e1rodn\u00ed park Ses Salines. A\u010dkoliv tato destinace nab\u00edz\u00ed trochu jin\u00e9 aktivity ne\u017e nejobl\u00edben\u011bj\u0161\u00ed atrakce Ibizy, nepochybn\u011b stoj\u00ed za n\u00e1v\u0161t\u011bvu. N\u00e1dhernou pl\u00e1\u017e s k\u0159i\u0161\u0165\u00e1lov\u011b \u010distou, teplou vodou a jedine\u010dn\u00fdmi ekosyst\u00e9my jist\u011b ocen\u00ed milovn\u00edci proch\u00e1zek a bohat\u00e9 p\u0159\u00edrody.<\/p>\n\n\n\n<p>Pokud jde o p\u0159\u00edrodn\u00ed divy, nelze opomenout ani jeskyni C&#8217;an Mar\u00e7a na severu ostrova. Jej\u00ed vnit\u0159ek je pln\u00fd stalagmit\u016f a stalaktit\u016f, co\u017e je samo o sob\u011b skute\u010dn\u011b p\u016fsobiv\u00e9. M\u00e1 tak\u00e9 fascinuj\u00edc\u00ed historii \u2013 podle jedn\u00e9 legendy kdysi slou\u017eila jako \u00fakryt pa\u0161er\u00e1k\u016f, pir\u00e1t\u016f a korz\u00e1r\u016f. P\u0159ibli\u017en\u011b 30minutov\u00e1 prohl\u00eddka po turistick\u00e9 trase dlouh\u00e9 350 metr\u016f je tak\u00e9 skv\u011blou \u0161anc\u00ed na p\u0159\u00edjemn\u00e9 ochlazen\u00ed a odpo\u010dinek od slune\u010dn\u00edch paprsk\u016f.<\/p>\n\n\n\n<h2 class=\"wp-block-heading\">Ibiza, aneb r\u00e1j pro milovn\u00edky plaveb a pot\u00e1p\u011bn\u00ed<\/h2>\n\n\n\n<p>P\u0159\u00edrodn\u00ed kr\u00e1sy Ibizy jsou nepopirateln\u00e9. A nejde jen o zdej\u0161\u00ed pl\u00e1\u017ee nebo k\u0159i\u0161\u0165\u00e1lov\u011b \u010distou vodu. \u0158e\u010d je o Cala Comte, jedn\u00e9 z nejzn\u00e1m\u011bj\u0161\u00edch z\u00e1tok ostrova, kde se t\u00e9m\u011b\u0159 ka\u017ed\u00fd ve\u010der shroma\u017e\u010fuj\u00ed davy lid\u00ed, aby si u\u017eily dechberouc\u00ed z\u00e1pady slunce. Nedalek\u00fd ostr\u016fvek Illa des Bosc je je\u0161t\u011b p\u016fsobiv\u011bj\u0161\u00ed \u2013 na fotografi\u00edch vypad\u00e1 \u00fachvatn\u011b!<\/p>\n\n\n\n<p>T\u00e9m\u011b\u0159 neodmyslitelnou sou\u010d\u00e1st\u00ed pobytu na Ibize by m\u011bla b\u00fdt plavba p\u0159i z\u00e1padu slunce pod\u00e9l pob\u0159e\u017e\u00ed. Pokud se vyd\u00e1te na ve\u010dern\u00ed v\u00fdlet pod\u00e9l z\u00e1padn\u00edho b\u0159ehu, pozn\u00e1te Ibizu z jej\u00ed nejlep\u0161\u00ed str\u00e1nky \u2013 t\u00e9 romantick\u00e9, jej\u00ed\u017e hlavn\u00ed p\u0159ednost\u00ed je kr\u00e1sn\u00e1 hra barev na obloze. Ti, kte\u0159\u00ed hledaj\u00ed z\u00e1bavu, mohou plavbu spojit s n\u00e1v\u0161t\u011bvou San Antonia, hlavn\u00edho \u017eiv\u00e9ho a gastronomick\u00e9ho centra t\u00e9to \u010d\u00e1sti ostrova.<\/p>\n\n\n\n<figure class=\"wp-block-image size-full\"><img loading=\"lazy\" decoding=\"async\" width=\"1000\" height=\"667\" src=\"https:\/\/www.tui.cz\/blog\/wp-content\/uploads\/2026\/04\/Stopy-na-pisecne-plazi-na-ostrove-Formentera-u-Ibizy-s-tyrkysovym-morem.jpg\" alt=\"Stopy na p\u00edse\u010dn\u00e9 pl\u00e1\u017ei na ostrov\u011b Formentera u Ibizy s tyrkysov\u00fdm mo\u0159em\" class=\"wp-image-11413\" title=\"\" srcset=\"https:\/\/www.tui.cz\/blog\/wp-content\/uploads\/2026\/04\/Stopy-na-pisecne-plazi-na-ostrove-Formentera-u-Ibizy-s-tyrkysovym-morem.jpg 1000w, https:\/\/www.tui.cz\/blog\/wp-content\/uploads\/2026\/04\/Stopy-na-pisecne-plazi-na-ostrove-Formentera-u-Ibizy-s-tyrkysovym-morem-600x400.jpg 600w, https:\/\/www.tui.cz\/blog\/wp-content\/uploads\/2026\/04\/Stopy-na-pisecne-plazi-na-ostrove-Formentera-u-Ibizy-s-tyrkysovym-morem-768x512.jpg 768w, https:\/\/www.tui.cz\/blog\/wp-content\/uploads\/2026\/04\/Stopy-na-pisecne-plazi-na-ostrove-Formentera-u-Ibizy-s-tyrkysovym-morem-585x390.jpg 585w, https:\/\/www.tui.cz\/blog\/wp-content\/uploads\/2026\/04\/Stopy-na-pisecne-plazi-na-ostrove-Formentera-u-Ibizy-s-tyrkysovym-morem-263x175.jpg 263w\" sizes=\"auto, (max-width: 1000px) 100vw, 1000px\" \/><\/figure>\n\n\n\n<p>Nab\u00eddka lodn\u00edch v\u00fdlet\u016f z Ibizy je velmi bohat\u00e1. Nenechte si uj\u00edt Formenteru, kter\u00e1 se nach\u00e1z\u00ed na jihu a je proslul\u00e1 sv\u00fdmi n\u00e1dhern\u00fdmi pl\u00e1\u017eemi s b\u00edl\u00fdm p\u00edskem, tyrkysovou vodou a pouh\u00fdmi n\u011bkolika silnicemi spojuj\u00edc\u00edmi kl\u00ed\u010dov\u00e9 body. Je tak\u00e9 obl\u00edbenou destinac\u00ed pro milovn\u00edky pot\u00e1p\u011bn\u00ed, a to d\u00edky sv\u00fdm \u010detn\u00fdm skaln\u00edm \u00fatvar\u016fm.<\/p>\n\n\n\n<h2 class=\"wp-block-heading\">Nejlep\u0161\u00ed atrakce v jednotliv\u00fdch \u010d\u00e1stech Ibizy<\/h2>\n\n\n\n<p>Ji\u017e zm\u00edn\u011bn\u00e1 rozmanitost Ibizy zaru\u010duje, \u017ee si odnesete spoustu z\u00e1\u017eitk\u016f bez ohledu na to, kterou \u010d\u00e1st ostrova si zvol\u00edte za sv\u016fj c\u00edl. Na z\u00e1padn\u00edm pob\u0159e\u017e\u00ed z\u016fst\u00e1v\u00e1 Sant Antoni de Portmany t\u00edm nejobl\u00edben\u011bj\u0161\u00edm m\u00edstem. Na jedn\u00e9 stran\u011b je to jedno z nejd\u016fle\u017eit\u011bj\u0161\u00edch center no\u010dn\u00edho \u017eivota, na stran\u011b druh\u00e9 l\u00e1k\u00e1 n\u00e1v\u0161t\u011bvn\u00edky velkolep\u00fdmi pl\u00e1\u017eemi, jako jsou Cala Salada a Cala Graci\u00f3. D\u00edky tomu je ide\u00e1ln\u00ed destinac\u00ed pro ty, kte\u0159\u00ed cht\u011bj\u00ed spojit ve\u010dern\u00ed z\u00e1bavu s dovolenou u mo\u0159e.<\/p>\n\n\n\n<p>M\u011bsto Ibiza, kter\u00e9 se nach\u00e1z\u00ed v jihov\u00fdchodn\u00ed \u010d\u00e1sti ostrova a je jeho hlavn\u00edm m\u011bstem, m\u00e1 pon\u011bkud odli\u0161n\u00fd charakter. Jeho hlavn\u00edmi atrakcemi jsou architektura a historick\u00e9 centrum Ibizy, kter\u00e9 je z velk\u00e9 \u010d\u00e1sti rozlo\u017een\u00e9 na \u00fapat\u00ed renesan\u010dn\u00edch hradeb. Najdete tu i labyrint b\u00edl\u00fdch uli\u010dek, kter\u00e9 l\u00e1kaj\u00ed n\u00e1v\u0161t\u011bvn\u00edky sv\u00fdmi butiky, okouzluj\u00edc\u00edmi restauracemi a um\u011bleck\u00fdmi galeriemi.<\/p>\n\n\n\n<p>Severn\u00ed \u010d\u00e1st Ibizy je naopak o n\u011bco m\u00e9n\u011b komer\u010dn\u00ed, co\u017e umo\u017e\u0148uje bli\u017e\u0161\u00ed kontakt s p\u0159\u00edrodou. Mezi nejzaj\u00edmav\u011bj\u0161\u00ed atrakce v t\u00e9to oblasti pat\u0159\u00ed Portinatx, jedna z nejmalebn\u011bj\u0161\u00edch vesnic v regionu, okouzluj\u00edc\u00ed m\u011bste\u010dko Sant Joan de Labritja a z\u00e1toky Es Portitxol a Cala Xarraca.<\/p>\n\n\n\n<figure class=\"wp-block-image size-full\"><img loading=\"lazy\" decoding=\"async\" width=\"1000\" height=\"750\" src=\"https:\/\/www.tui.cz\/blog\/wp-content\/uploads\/2026\/04\/Skalni-utvar-nad-morem-pobliz-Cala-Xarraca-na-Ibize.jpg\" alt=\"Skaln\u00ed \u00fatvar nad mo\u0159em pobl\u00ed\u017e Cala Xarraca na Ibize\" class=\"wp-image-11414\" title=\"\" srcset=\"https:\/\/www.tui.cz\/blog\/wp-content\/uploads\/2026\/04\/Skalni-utvar-nad-morem-pobliz-Cala-Xarraca-na-Ibize.jpg 1000w, https:\/\/www.tui.cz\/blog\/wp-content\/uploads\/2026\/04\/Skalni-utvar-nad-morem-pobliz-Cala-Xarraca-na-Ibize-600x450.jpg 600w, https:\/\/www.tui.cz\/blog\/wp-content\/uploads\/2026\/04\/Skalni-utvar-nad-morem-pobliz-Cala-Xarraca-na-Ibize-768x576.jpg 768w, https:\/\/www.tui.cz\/blog\/wp-content\/uploads\/2026\/04\/Skalni-utvar-nad-morem-pobliz-Cala-Xarraca-na-Ibize-585x439.jpg 585w\" sizes=\"auto, (max-width: 1000px) 100vw, 1000px\" \/><\/figure>\n\n\n\n<h2 class=\"wp-block-heading\">Ibiza \u2013 pro\u010d ji nav\u0161t\u00edvit?<\/h2>\n\n\n\n<p>Jednou z hlavn\u00edch v\u00fdhod Ibizy je bezpochyby jej\u00ed rozmanitost. Kdysi byla naz\u00fdv\u00e1na \u201emekkou hippies\u201c, zat\u00edmco dnes si zde n\u011bco najde t\u00e9m\u011b\u0159 ka\u017ed\u00fd \u2013 od milovn\u00edk\u016f pa\u0159by a z\u00e1bavy a\u017e do \u00fasvitu, p\u0159es ty, kte\u0159\u00ed preferuj\u00ed leno\u0161en\u00ed na pl\u00e1\u017ei, a\u017e po ty, kte\u0159\u00ed si b\u011bhem dovolen\u00e9 nejv\u00edce cen\u00ed architektury a p\u0159\u00edrodn\u00edch kr\u00e1s.<\/p>\n\n\n\n<p>Kr\u00e1sn\u00e9 po\u010das\u00ed, k\u0159i\u0161\u0165\u00e1lov\u011b \u010dist\u00e1 voda a dlouh\u00fd seznam nejkr\u00e1sn\u011bj\u0161\u00edch pl\u00e1\u017e\u00ed na stran\u011b jedn\u00e9, a na stran\u011b druh\u00e9 \u00fa\u017easn\u00e9 jeskyn\u011b, impozantn\u00ed stavby, uk\u00e1zky starobyl\u00e9 architektury a historick\u00e1 m\u00edsta. Pr\u00e1v\u011b tato pestrost a mno\u017estv\u00ed zaj\u00edmav\u00fdch m\u00edst po cel\u00e9m ostrov\u011b zp\u016fsobuj\u00ed, \u017ee Ibiza zaslou\u017een\u011b pat\u0159\u00ed k nejobl\u00edben\u011bj\u0161\u00edm pr\u00e1zdninov\u00fdm destinac\u00edm.<\/p>\n\n\n\n<div class=\"wp-block-buttons is-content-justification-center is-layout-flex wp-container-core-buttons-is-layout-16018d1d wp-block-buttons-is-layout-flex\">\n<div class=\"wp-block-button\"><a class=\"wp-block-button__link has-vivid-red-background-color has-background has-normal-font-size has-custom-font-size wp-element-button\" href=\"https:\/\/www.tui.cz\/dovolena\/spanelsko\/ibiza\/nabidky-hotely\" target=\"_blank\" rel=\"noreferrer noopener\">Chci na Ibizu<\/a><\/div>\n<\/div>\n","protected":false},"excerpt":{"rendered":"<p>Ibiza nen\u00ed jen o kr\u00e1sn\u00fdch pl\u00e1\u017e\u00edch, k\u0159i\u0161\u0165\u00e1lov\u011b \u010dist\u00e9 vod\u011b a ve\u010dern\u00ed z\u00e1bav\u011b. Tento \u0161pan\u011blsk\u00fd ostrov nab\u00edz\u00ed mnohem v\u00edce, a to zejm\u00e9na neuv\u011b\u0159itelnou architekturu a v\u00fdjime\u010dnou p\u0159\u00edrodu. Co stoj\u00ed za to&hellip;<\/p>\n","protected":false},"author":59,"featured_media":11415,"comment_status":"open","ping_status":"closed","sticky":false,"template":"","format":"standard","meta":{"_lmt_disableupdate":"","_lmt_disable":"","footnotes":""},"categories":[182],"tags":[],"class_list":["post-11406","post","type-post","status-publish","format-standard","has-post-thumbnail","hentry","category-cestovani"],"home_img_url":"https:\/\/www.tui.cz\/blog\/wp-content\/uploads\/2026\/04\/Pohled-na-pristav-a-hlavni-mesto-Ibizy-se-zarive-modrym-morem-a-lodemi-585x390.jpg","home_img_alt":"Pohled na p\u0159\u00edstav a hlavn\u00ed m\u011bsto Ibizy se z\u00e1\u0159iv\u011b modr\u00fdm mo\u0159em a lod\u011bmi","_links":{"self":[{"href":"https:\/\/www.tui.cz\/blog\/wp-json\/wp\/v2\/posts\/11406","targetHints":{"allow":["GET"]}}],"collection":[{"href":"https:\/\/www.tui.cz\/blog\/wp-json\/wp\/v2\/posts"}],"about":[{"href":"https:\/\/www.tui.cz\/blog\/wp-json\/wp\/v2\/types\/post"}],"author":[{"embeddable":true,"href":"https:\/\/www.tui.cz\/blog\/wp-json\/wp\/v2\/users\/59"}],"replies":[{"embeddable":true,"href":"https:\/\/www.tui.cz\/blog\/wp-json\/wp\/v2\/comments?post=11406"}],"version-history":[{"count":1,"href":"https:\/\/www.tui.cz\/blog\/wp-json\/wp\/v2\/posts\/11406\/revisions"}],"predecessor-version":[{"id":11416,"href":"https:\/\/www.tui.cz\/blog\/wp-json\/wp\/v2\/posts\/11406\/revisions\/11416"}],"wp:featuredmedia":[{"embeddable":true,"href":"https:\/\/www.tui.cz\/blog\/wp-json\/wp\/v2\/media\/11415"}],"wp:attachment":[{"href":"https:\/\/www.tui.cz\/blog\/wp-json\/wp\/v2\/media?parent=11406"}],"wp:term":[{"taxonomy":"category","embeddable":true,"href":"https:\/\/www.tui.cz\/blog\/wp-json\/wp\/v2\/categories?post=11406"},{"taxonomy":"post_tag","embeddable":true,"href":"https:\/\/www.tui.cz\/blog\/wp-json\/wp\/v2\/tags?post=11406"}],"curies":[{"name":"wp","href":"https:\/\/api.w.org\/{rel}","templated":true}]}}