{"id":11736,"date":"2026-09-01T12:12:00","date_gmt":"2026-09-01T10:12:00","guid":{"rendered":"https:\/\/www.tui.cz\/blog\/?p=11736"},"modified":"2026-09-01T12:14:05","modified_gmt":"2026-09-01T10:14:05","slug":"kde-je-v-zime-nejtepleji-v-evrope","status":"publish","type":"post","link":"https:\/\/www.tui.cz\/blog\/kde-je-v-zime-nejtepleji-v-evrope\/","title":{"rendered":"Kde je v zim\u011b nejtepleji v Evrop\u011b? 5 destinac\u00ed pro slune\u010dnou dovolenou"},"content":{"rendered":"\n<p class=\"wp-block-paragraph\">Kde je v zim\u011b nejtepleji v Evrop\u011b? Tato ot\u00e1zka pad\u00e1 obzvl\u00e1\u0161t\u011b \u010dasto v mraziv\u00fdch dnech, kdy slunce sv\u00edt\u00ed jen z\u0159\u00eddka a teploty klesaj\u00ed pod bod mrazu. Zimn\u00ed m\u011bs\u00edce nemus\u00ed znamenat, \u017ee se mus\u00edte vzd\u00e1t pl\u00e1\u017ee a opalov\u00e1n\u00ed. Objevte 5 destinac\u00ed pro slune\u010dnou dovolenou a napl\u00e1nujte si ide\u00e1ln\u00ed volno v lednu a \u00fanoru!<\/p>\n\n\n\n<h2 class=\"wp-block-heading\">Malta \u2013 o\u00e1za tepla v srdci St\u0159edozemn\u00edho mo\u0159e<\/h2>\n\n\n\n<p class=\"wp-block-paragraph\">D\u00edky sv\u00e9 poloze na map\u011b je <a href=\"https:\/\/www.tui.cz\/dovolena\/malta\" target=\"_blank\" rel=\"noreferrer noopener\">Malta<\/a> jednou z nejatraktivn\u011bj\u0161\u00edch zimn\u00edch destinac\u00ed v Evrop\u011b. Toto souostrov\u00ed, kter\u00e9 se nach\u00e1z\u00ed mezi <a href=\"https:\/\/www.tui.cz\/dovolena\/italie\/sicilie\" target=\"_blank\" rel=\"noreferrer noopener\">Sic\u00edli\u00ed<\/a> a africk\u00fdm pob\u0159e\u017e\u00edm, se py\u0161n\u00ed m\u00edrn\u00fdm podneb\u00edm a spoustou slune\u010dn\u00fdch dn\u016f. V zim\u011b se zde pr\u016fm\u011brn\u00e9 teploty pohybuj\u00ed kolem 15\u201318 \u00b0C, co\u017e umo\u017e\u0148uje u\u017e\u00edvat si proch\u00e1zky zalit\u00e9 sluncem. Je to turistick\u00fd r\u00e1j pro ty, kte\u0159\u00ed hledaj\u00ed \u00fanik p\u0159ed chladem, ani\u017e by museli absolvovat dlouh\u00e9 lety mimo kontinent. Jako \u010dlen Evropsk\u00e9 unie nab\u00edz\u00ed Malta pohodln\u00e9 a bezprobl\u00e9mov\u00e9 cestov\u00e1n\u00ed, p\u0159i\u010dem\u017e let z \u010ceska trv\u00e1 zhruba 2 hodiny a 30 minut.<\/p>\n\n\n\n<p class=\"wp-block-paragraph\">Valletta, hlavn\u00ed m\u011bsto Malty, nadchne architekturou z dob Malt\u00e9zsk\u00e9ho \u0159\u00e1du i pozd\u011bj\u0161\u00edch epoch. Jej\u00ed historick\u00e9 centrum, zapsan\u00e9 na seznamu UNESCO, se py\u0161n\u00ed \u0159adou pam\u00e1tek, v\u010detn\u011b barokn\u00edch kostel\u016f a pal\u00e1c\u016f p\u0159ekypuj\u00edc\u00edch um\u011bleck\u00fdmi d\u00edly. V severn\u00ed \u010d\u00e1sti ostrova se nach\u00e1zej\u00ed megalitick\u00e9 chr\u00e1my, kter\u00e9 pat\u0159\u00ed k nejstar\u0161\u00edm stavb\u00e1m na sv\u011bt\u011b. Milovn\u00edky historie zaujmou tak\u00e9 obrann\u00e1 opevn\u011bn\u00ed, archeologick\u00e9 muzeum a \u0159\u00edmsk\u00e9 a arabsk\u00e9 poz\u016fstatky, kter\u00e9 sv\u011bd\u010d\u00ed o stalet\u00e9 historii nadvl\u00e1dy r\u016fzn\u00fdch civilizac\u00ed nad t\u00edmto souostrov\u00edm.<\/p>\n\n\n\n<figure class=\"wp-block-image size-full\"><img loading=\"lazy\" decoding=\"async\" width=\"1000\" height=\"667\" src=\"https:\/\/www.tui.cz\/blog\/wp-content\/uploads\/2026\/05\/Pohled-na-Vallettu-hlavni-mesto-Malty-s-morem-a-historickymi-budovami.jpg\" alt=\"Pohled na Vallettu, hlavn\u00ed m\u011bsto Malty, s mo\u0159em a historick\u00fdmi budovami\" class=\"wp-image-11741\" title=\"\" srcset=\"https:\/\/www.tui.cz\/blog\/wp-content\/uploads\/2026\/05\/Pohled-na-Vallettu-hlavni-mesto-Malty-s-morem-a-historickymi-budovami.jpg 1000w, https:\/\/www.tui.cz\/blog\/wp-content\/uploads\/2026\/05\/Pohled-na-Vallettu-hlavni-mesto-Malty-s-morem-a-historickymi-budovami-600x400.jpg 600w, https:\/\/www.tui.cz\/blog\/wp-content\/uploads\/2026\/05\/Pohled-na-Vallettu-hlavni-mesto-Malty-s-morem-a-historickymi-budovami-768x512.jpg 768w, https:\/\/www.tui.cz\/blog\/wp-content\/uploads\/2026\/05\/Pohled-na-Vallettu-hlavni-mesto-Malty-s-morem-a-historickymi-budovami-585x390.jpg 585w, https:\/\/www.tui.cz\/blog\/wp-content\/uploads\/2026\/05\/Pohled-na-Vallettu-hlavni-mesto-Malty-s-morem-a-historickymi-budovami-263x175.jpg 263w\" sizes=\"auto, (max-width: 1000px) 100vw, 1000px\" \/><\/figure>\n\n\n\n<h3 class=\"wp-block-heading\">Pl\u00e1\u017ee a dal\u0161\u00ed p\u0159\u00edrodn\u00ed atrakce Malty<\/h3>\n\n\n\n<p class=\"wp-block-paragraph\">P\u00edse\u010dn\u00e9 pl\u00e1\u017ee v r\u016fzn\u00fdch \u010d\u00e1stech souostrov\u00ed, zejm\u00e9na na severu a severov\u00fdchod\u011b, vytv\u00e1\u0159ej\u00ed vynikaj\u00edc\u00ed podm\u00ednky pro zimn\u00ed odpo\u010dinek na slunci, i kdy\u017e teplota vody zrovna nel\u00e1k\u00e1 ke koup\u00e1n\u00ed. Modr\u00e1 laguna na ostrov\u011b Comino pot\u011b\u0161\u00ed svou \u010distou vodou a intenzivn\u00ed tyrkysovou barvou, kter\u00e1 kontrastuje se sv\u011btl\u00fdmi skalami. V okol\u00ed se nach\u00e1zej\u00ed tak\u00e9 \u00fatesy a jeskyn\u011b, kter\u00e9 l\u00e1kaj\u00ed milovn\u00edky objevov\u00e1n\u00ed. Modr\u00e1 jeskyn\u011b (Blue Grotto) je skaln\u00ed \u00fatvar, kter\u00fd okouzluje hrou sv\u011btla na mo\u0159sk\u00e9 hladin\u011b. Pob\u0159e\u017e\u00ed Malty je nav\u00edc pln\u00e9 skryt\u00fdch z\u00e1tok, kde najdete klid a m\u00edr daleko od obl\u00edben\u00fdch letovisek.<\/p>\n\n\n\n<p class=\"wp-block-paragraph\">Malta nab\u00edz\u00ed mnoho mo\u017enost\u00ed pro aktivn\u00ed odpo\u010dinek, a to i v zimn\u00edch m\u011bs\u00edc\u00edch. S\u00ed\u0165 turistick\u00fdch stezek vede malebn\u00fdmi vesni\u010dkami, vyhl\u00eddkov\u00fdmi terasami a skalnat\u00fdmi \u00fatesy a nab\u00edz\u00ed \u00fachvatn\u00e1 pob\u0159e\u017en\u00ed panoramata. V zim\u011b toto souostrov\u00ed z\u00edsk\u00e1v\u00e1 klidn\u011bj\u0161\u00ed r\u00e1z, co\u017e p\u0159eje pozn\u00e1v\u00e1n\u00ed pam\u00e1tek a objevov\u00e1n\u00ed m\u00edstn\u00ed kultury bez letn\u00edho shonu. Ve\u010dery se nejl\u00e9pe tr\u00e1v\u00ed v centru Valletty, kde divadla, muzea a galerie nab\u00edzej\u00ed bohat\u00fd um\u011bleck\u00fd program po cel\u00fd rok.<\/p>\n\n\n\n<div class=\"wp-block-buttons is-content-justification-center is-layout-flex wp-container-core-buttons-is-layout-fe48e5de wp-block-buttons-is-layout-flex\">\n<div class=\"wp-block-button\"><a class=\"wp-block-button__link has-vivid-red-background-color has-background has-normal-font-size has-custom-font-size wp-element-button\" href=\"https:\/\/www.tui.cz\/dovolena\/malta\/nabidky-dovolenou-letadlem\" target=\"_blank\" rel=\"noreferrer noopener\">Let\u011bt na Maltu<\/a><\/div>\n<\/div>\n\n\n\n<p class=\"wp-block-paragraph\"><\/p>\n\n\n\n<h2 class=\"wp-block-heading\">Kypr \u2013 ostrov Afrodity s jedine\u010dn\u00fdm podneb\u00edm<\/h2>\n\n\n\n<p class=\"wp-block-paragraph\">Kypr se d\u00edky sv\u00e9mu st\u0159edomo\u0159sk\u00e9mu klimatu vyzna\u010duje mimo\u0159\u00e1dn\u011b m\u00edrn\u00fdmi zimami \u2013 v prosinci a lednu se zdej\u0161\u00ed denn\u00ed teploty \u010dasto pohybuj\u00ed kolem 16\u201318 \u00b0C. Ji\u017en\u00ed \u010d\u00e1st ostrova, zejm\u00e9na oblasti kolem Pafosu, <a href=\"https:\/\/www.tui.cz\/dovolena\/kypr\/larnaca\" target=\"_blank\" rel=\"noreferrer noopener\">Larnaky<\/a> a Limassolu, zaru\u010duje nejv\u00edce slune\u010dn\u00fdch dn\u016f v roce, d\u00edky \u010demu\u017e l\u00e1k\u00e1 turisty z cel\u00e9 Evropy.<\/p>\n\n\n\n<p class=\"wp-block-paragraph\">Zdej\u0161\u00ed pob\u0159e\u017en\u00ed promen\u00e1dy \u017eij\u00ed v pln\u00e9m proudu i v zim\u011b a m\u00edstn\u00ed kav\u00e1rny a restaurace jsou otev\u0159en\u00e9 celoro\u010dn\u011b. Afroditina sk\u00e1la, kter\u00e1 se nach\u00e1z\u00ed na cest\u011b z Pafosu do Limassolu, je jednou z nejzn\u00e1m\u011bj\u0161\u00edch dominant ostrova. Podle m\u00fdtu se pr\u00e1v\u011b zde z mo\u0159sk\u00e9 p\u011bny zrodila bohyn\u011b l\u00e1sky. Okoln\u00ed skaln\u00ed \u00fatvary a k\u0159i\u0161\u0165\u00e1lov\u011b \u010dist\u00e9 mo\u0159e vytv\u00e1\u0159ej\u00ed neuv\u011b\u0159iteln\u011b fotogenickou krajinu.<\/p>\n\n\n\n<figure class=\"wp-block-image size-full\"><img loading=\"lazy\" decoding=\"async\" width=\"1000\" height=\"667\" src=\"https:\/\/www.tui.cz\/blog\/wp-content\/uploads\/2026\/05\/Afroditina-plaz-pobliz-Pafosu-na-Kypru-s-tyrkysovym-morem-a-ruzovymi-odstiny.jpg\" alt=\"Afroditina pl\u00e1\u017e pobl\u00ed\u017e Pafosu na Kypru s tyrkysov\u00fdm mo\u0159em a r\u016f\u017eov\u00fdmi odst\u00edny\" class=\"wp-image-11740\" title=\"\" srcset=\"https:\/\/www.tui.cz\/blog\/wp-content\/uploads\/2026\/05\/Afroditina-plaz-pobliz-Pafosu-na-Kypru-s-tyrkysovym-morem-a-ruzovymi-odstiny.jpg 1000w, https:\/\/www.tui.cz\/blog\/wp-content\/uploads\/2026\/05\/Afroditina-plaz-pobliz-Pafosu-na-Kypru-s-tyrkysovym-morem-a-ruzovymi-odstiny-600x400.jpg 600w, https:\/\/www.tui.cz\/blog\/wp-content\/uploads\/2026\/05\/Afroditina-plaz-pobliz-Pafosu-na-Kypru-s-tyrkysovym-morem-a-ruzovymi-odstiny-768x512.jpg 768w, https:\/\/www.tui.cz\/blog\/wp-content\/uploads\/2026\/05\/Afroditina-plaz-pobliz-Pafosu-na-Kypru-s-tyrkysovym-morem-a-ruzovymi-odstiny-585x390.jpg 585w, https:\/\/www.tui.cz\/blog\/wp-content\/uploads\/2026\/05\/Afroditina-plaz-pobliz-Pafosu-na-Kypru-s-tyrkysovym-morem-a-ruzovymi-odstiny-263x175.jpg 263w\" sizes=\"auto, (max-width: 1000px) 100vw, 1000px\" \/><\/figure>\n\n\n\n<h3 class=\"wp-block-heading\">Nik\u00f3sie \u2013 co stoj\u00ed za to vid\u011bt v hlavn\u00edm m\u011bst\u011b ostrova?<\/h3>\n\n\n\n<p class=\"wp-block-paragraph\">Nik\u00f3sie, hlavn\u00ed m\u011bsto <a href=\"https:\/\/www.tui.cz\/dovolena\/kypr\" target=\"_blank\" rel=\"noreferrer noopener\">Kypru<\/a>, je m\u011bsto s jedine\u010dn\u00fdm charakterem, kde se setk\u00e1vaj\u00ed rozmanit\u00e9 kultury a tradice. Ji\u017en\u00ed \u010d\u00e1st pat\u0159\u00ed Kypersk\u00e9 republice, kter\u00e1 je \u010dlenem Evropsk\u00e9 unie, zat\u00edmco severn\u00ed \u010d\u00e1st je pod tureckou spr\u00e1vou a odd\u011blena zelenou lini\u00ed spravovanou OSN. Star\u00e9 m\u011bsto, obklopen\u00e9 ben\u00e1tsk\u00fdmi hradbami ze 16. stolet\u00ed, si zachovalo historick\u00e9 uspo\u0159\u00e1d\u00e1n\u00ed ulic a intimn\u00ed atmosf\u00e9ru, kter\u00e1 odr\u00e1\u017e\u00ed vlivy V\u00fdchodu i Z\u00e1padu.<\/p>\n\n\n\n<p class=\"wp-block-paragraph\">V srdci Nik\u00f3sie najdete me\u0161ity, kostely a historick\u00e1 s\u00eddla, zat\u00edmco bludi\u0161t\u011b \u00fazk\u00fdch uli\u010dek je pln\u00e9 rodinn\u00fdch taveren a mal\u00fdch \u0159emesln\u00fdch obchod\u016f. Milovn\u00edky historie l\u00e1k\u00e1 tak\u00e9 Kypersk\u00e9 muzeum, kter\u00e9 ukr\u00fdv\u00e1 p\u016fsobivou sb\u00edrku artefakt\u016f z neolitu, doby bronzov\u00e9 a z \u0159\u00edmsk\u00e9ho a byzantsk\u00e9ho obdob\u00ed. Nik\u00f3sie je zkr\u00e1tka fascinuj\u00edc\u00edm m\u00edstem, kde se stalet\u00e1 historie ostrova prol\u00edn\u00e1 se sou\u010dasn\u00fdm rytmem ka\u017edodenn\u00edho \u017eivota.<\/p>\n\n\n\n<div class=\"wp-block-buttons is-content-justification-center is-layout-flex wp-container-core-buttons-is-layout-fe48e5de wp-block-buttons-is-layout-flex\">\n<div class=\"wp-block-button\"><a class=\"wp-block-button__link has-vivid-red-background-color has-background has-normal-font-size has-custom-font-size wp-element-button\" href=\"https:\/\/www.tui.cz\/dovolena\/kypr\/larnaca\/nabidky-hotely\" target=\"_blank\" rel=\"noreferrer noopener\">Vybrat hotel na Kypru<\/a><\/div>\n<\/div>\n\n\n\n<p class=\"wp-block-paragraph\"><\/p>\n\n\n\n<h2 class=\"wp-block-heading\">Costa del Sol \u2013 ji\u017en\u00ed pob\u0159e\u017e\u00ed \u0160pan\u011blska zalit\u00e9 sluncem<\/h2>\n\n\n\n<p class=\"wp-block-paragraph\">Costa del Sol le\u017e\u00ed v ji\u017en\u00edm <a href=\"https:\/\/www.tui.cz\/dovolena\/spanelsko\" target=\"_blank\" rel=\"noreferrer noopener\">\u0160pan\u011blsku<\/a> pod\u00e9l pob\u0159e\u017e\u00ed St\u0159edozemn\u00edho mo\u0159e a t\u011b\u0161\u00ed se jednomu z nejstabiln\u011bj\u0161\u00edch po\u010das\u00ed v Evrop\u011b. Pr\u016fm\u011brn\u00e9 zimn\u00ed teploty se zde pohybuj\u00ed mezi 16\u201318 \u00b0C a slunce tu sv\u00edt\u00ed v\u00edce ne\u017e 300 dn\u00ed v roce. Tento \u00fasek pob\u0159e\u017e\u00ed je domovem pulzuj\u00edc\u00edch m\u011bst a klidn\u00fdch m\u011bste\u010dek, kde se andalusk\u00e1 tradice harmonicky prol\u00edn\u00e1 s modern\u00ed turistickou infrastrukturou. Poloha v ji\u017en\u00ed z\u00f3n\u011b st\u0159edomo\u0159sk\u00e9ho klimatu p\u0159eje celoro\u010dn\u00edmu odpo\u010dinku a bl\u00edzk\u00e1 poho\u0159\u00ed Sierra de Mijas a Sierra Nevada region \u00fa\u010dinn\u011b chr\u00e1n\u00ed p\u0159ed chladn\u00fdmi v\u011btry vanouc\u00edmi ze severu.<\/p>\n\n\n\n<p class=\"wp-block-paragraph\">Hlavn\u00edm m\u011bstem regionu <a href=\"https:\/\/www.tui.cz\/dovolena\/spanelsko\/costa-del-sol\" target=\"_blank\" rel=\"noreferrer noopener\">Costa del Sol<\/a> je M\u00e1laga. V centru najdete ruiny \u0159\u00edmsk\u00e9ho divadla a pevnost Alcazaba, jej\u00ed\u017e hradby nab\u00edzej\u00ed panoramatick\u00fd v\u00fdhled na p\u0159\u00edstav a star\u00e9 m\u011bsto. Nedaleko se nach\u00e1z\u00ed hrad Gibralfaro, kter\u00fd nab\u00edz\u00ed nejkr\u00e1sn\u011bj\u0161\u00ed v\u00fdhledy na z\u00e1liv. M\u00e1laga je tak\u00e9 proslul\u00e1 svou bohatou kulturn\u00ed nab\u00eddkou \u2013 Picassovo muzeum a Pompidouovo centrum l\u00e1kaj\u00ed milovn\u00edky um\u011bn\u00ed z cel\u00e9ho sv\u011bta. V zim\u011b zde panuj\u00ed ide\u00e1ln\u00ed podm\u00ednky pro proch\u00e1zky po palmov\u00e9 promen\u00e1d\u011b a prozkoum\u00e1v\u00e1n\u00ed atmosf\u00e9rick\u00fdch uli\u010dek pln\u00fdch kav\u00e1ren a bar\u016f, kter\u00e9 pod\u00e1vaj\u00ed lahodn\u00e9 tapas.<\/p>\n\n\n\n<figure class=\"wp-block-image size-full\"><img loading=\"lazy\" decoding=\"async\" width=\"1000\" height=\"637\" src=\"https:\/\/www.tui.cz\/blog\/wp-content\/uploads\/2026\/05\/Letecky-panoramaticky-pohled-na-pristav-Marbella-ve-Spanelsku.jpg\" alt=\"Leteck\u00fd panoramatick\u00fd pohled na p\u0159\u00edstav Marbella ve \u0160pan\u011blsku\" class=\"wp-image-11739\" title=\"\" srcset=\"https:\/\/www.tui.cz\/blog\/wp-content\/uploads\/2026\/05\/Letecky-panoramaticky-pohled-na-pristav-Marbella-ve-Spanelsku.jpg 1000w, https:\/\/www.tui.cz\/blog\/wp-content\/uploads\/2026\/05\/Letecky-panoramaticky-pohled-na-pristav-Marbella-ve-Spanelsku-600x382.jpg 600w, https:\/\/www.tui.cz\/blog\/wp-content\/uploads\/2026\/05\/Letecky-panoramaticky-pohled-na-pristav-Marbella-ve-Spanelsku-768x489.jpg 768w, https:\/\/www.tui.cz\/blog\/wp-content\/uploads\/2026\/05\/Letecky-panoramaticky-pohled-na-pristav-Marbella-ve-Spanelsku-585x373.jpg 585w\" sizes=\"auto, (max-width: 1000px) 100vw, 1000px\" \/><\/figure>\n\n\n\n<h3 class=\"wp-block-heading\">Letoviska, atrakce a zimn\u00ed dovolen\u00e1 na pob\u0159e\u017e\u00ed Costa del Sol<\/h3>\n\n\n\n<p class=\"wp-block-paragraph\">Z\u00e1padn\u011b od M\u00e1lagy se rozkl\u00e1d\u00e1 Marbella. Toto elegantn\u00ed letovisko je pova\u017eov\u00e1no za jedno z nejpresti\u017en\u011bj\u0161\u00edch m\u00edst v ji\u017en\u00ed Evrop\u011b. P\u0159\u00edstav Puerto Ban\u00fas l\u00e1k\u00e1 luxusn\u00edmi jachtami, exkluzivn\u00edmi butiky a restauracemi, zat\u00edmco zdej\u0161\u00ed \u0161irok\u00e9 p\u00edse\u010dn\u00e9 pl\u00e1\u017ee vyb\u00edzej\u00ed k proch\u00e1zk\u00e1m na slunci. Za n\u00e1v\u0161t\u011bvu stoj\u00ed tak\u00e9 v hor\u00e1ch polo\u017een\u00e1 Ronda, kde monument\u00e1ln\u00ed most Puente Nuevo a sout\u011bska El Tajo vytv\u00e1\u0159ej\u00ed jedno z nejzn\u00e1m\u011bj\u0161\u00edch panoramat Andalusie.<\/p>\n\n\n\n<p class=\"wp-block-paragraph\">Costa del Sol nab\u00edz\u00ed i v chladn\u011bj\u0161\u00edch m\u011bs\u00edc\u00edch spoustu mo\u017enost\u00ed pro aktivn\u00ed odpo\u010dinek. Oblasti kolem Torremolinos a Estepony poskytuj\u00ed vynikaj\u00edc\u00ed podm\u00ednky pro surfov\u00e1n\u00ed, kitesurfing a placht\u011bn\u00ed a st\u00e1l\u00fd v\u00edtr umo\u017e\u0148uje celoro\u010dn\u00ed z\u00e1bavu. V Benalm\u00e1den\u011b se lanovkou m\u016f\u017eete nechat vyv\u00e9zt na horu Calamorro, odkud se v\u00e1m naskytne \u00fachvatn\u00fd v\u00fdhled na St\u0159edozemn\u00ed mo\u0159e a za p\u011bkn\u00e9ho po\u010das\u00ed i na africk\u00e9 pob\u0159e\u017e\u00ed. Mimo sez\u00f3nu nab\u00fdv\u00e1 region klidn\u011bj\u0161\u00edho charakteru a m\u00edrn\u00e9 klima umo\u017e\u0148uje osv\u011b\u017een\u00ed v rytmu andalusk\u00e9ho slunce.<\/p>\n\n\n\n<div class=\"wp-block-buttons is-content-justification-center is-layout-flex wp-container-core-buttons-is-layout-fe48e5de wp-block-buttons-is-layout-flex\">\n<div class=\"wp-block-button\"><a class=\"wp-block-button__link has-vivid-red-background-color has-background has-normal-font-size has-custom-font-size wp-element-button\" href=\"https:\/\/www.tui.cz\/dovolena\/spanelsko\/costa-del-sol\/odlety-z-prahy\" target=\"_blank\" rel=\"noreferrer noopener\">Chci dovolenou na Costa del Sol<\/a><\/div>\n<\/div>\n\n\n\n<p class=\"wp-block-paragraph\"><\/p>\n\n\n\n<h2 class=\"wp-block-heading\">Costa Blanca \u2013 turistick\u00fd r\u00e1j pro ty, kte\u0159\u00ed hledaj\u00ed teplo<\/h2>\n\n\n\n<p class=\"wp-block-paragraph\">Costa Blanca se rozkl\u00e1d\u00e1 ve v\u00fdchodn\u00ed \u010d\u00e1sti \u0160pan\u011blska, v provincii Alicante, kter\u00e1 spad\u00e1 pod Valencijsk\u00e9 spole\u010denstv\u00ed. D\u00edky sv\u00e9 poloze u St\u0159edozemn\u00edho mo\u0159e sem proud\u00ed tepl\u00fd vzduch, co\u017e zaru\u010duje m\u00edrn\u00e9 zimy s pr\u016fm\u011brn\u00fdmi teplotami nad 17 \u00b0C. Je to ide\u00e1ln\u00ed m\u00edsto pro slune\u010dnou dovolenou v dob\u011b, kdy je severn\u00ed a st\u0159edn\u00ed Evropa zahalena chladem. Pob\u0159e\u017e\u00ed se py\u0161n\u00ed tyrkysov\u00fdm mo\u0159em, \u0161irok\u00fdmi pl\u00e1\u017eemi a p\u0159\u00edmo\u0159sk\u00fdmi promen\u00e1dami, kter\u00e9 \u017eij\u00ed i mimo sez\u00f3nu.<\/p>\n\n\n\n<p class=\"wp-block-paragraph\">Benidorm, nejzn\u00e1m\u011bj\u0161\u00ed m\u011bsto na pob\u0159e\u017e\u00ed <a href=\"https:\/\/www.tui.cz\/dovolena\/spanelsko\/costa-blanca\" target=\"_blank\" rel=\"noreferrer noopener\">Costa Blanca<\/a>, si i v zim\u011b zachov\u00e1v\u00e1 pr\u00e1zdninovou atmosf\u00e9ru. Je to pulzuj\u00edc\u00ed letovisko zn\u00e1m\u00e9 sv\u00fdmi \u0161irok\u00fdmi pl\u00e1\u017eemi Playa de Levante a Playa de Poniente s jemn\u00fdm zlat\u00fdm p\u00edskem a pozvoln\u00fdm vstupem do mo\u0159e. Navzdory chladn\u011bj\u0161\u00edmu obdob\u00ed zde nen\u00ed nouze o slunce \u2013 promen\u00e1dy l\u00e1kaj\u00ed k p\u0159\u00edjemn\u00fdm proch\u00e1zk\u00e1m a kav\u00e1rny i restaurace maj\u00ed otev\u0159eno po cel\u00fd rok. M\u011bsto je zn\u00e1m\u00e9 sv\u00fdm pulzuj\u00edc\u00edm no\u010dn\u00edm \u017eivotem, \u0161irok\u00fdm v\u00fdb\u011brem hotel\u016f a rozs\u00e1hlou rekrea\u010dn\u00ed infrastrukturou, kter\u00e1 l\u00e1k\u00e1 turisty z cel\u00e9ho sv\u011bta.<\/p>\n\n\n\n<figure class=\"wp-block-image size-full\"><img loading=\"lazy\" decoding=\"async\" width=\"1000\" height=\"560\" src=\"https:\/\/www.tui.cz\/blog\/wp-content\/uploads\/2026\/05\/Mestska-krajina-Villajoyosa-s-barevnymi-domy-provincie-Alicante-Costa-Blanca-ve-Spanelsku.jpg\" alt=\"M\u011bstsk\u00e1 krajina Villajoyosa s barevn\u00fdmi domy, provincie Alicante, Costa Blanca ve \u0160pan\u011blsku\" class=\"wp-image-11738\" title=\"\" srcset=\"https:\/\/www.tui.cz\/blog\/wp-content\/uploads\/2026\/05\/Mestska-krajina-Villajoyosa-s-barevnymi-domy-provincie-Alicante-Costa-Blanca-ve-Spanelsku.jpg 1000w, https:\/\/www.tui.cz\/blog\/wp-content\/uploads\/2026\/05\/Mestska-krajina-Villajoyosa-s-barevnymi-domy-provincie-Alicante-Costa-Blanca-ve-Spanelsku-600x336.jpg 600w, https:\/\/www.tui.cz\/blog\/wp-content\/uploads\/2026\/05\/Mestska-krajina-Villajoyosa-s-barevnymi-domy-provincie-Alicante-Costa-Blanca-ve-Spanelsku-768x430.jpg 768w, https:\/\/www.tui.cz\/blog\/wp-content\/uploads\/2026\/05\/Mestska-krajina-Villajoyosa-s-barevnymi-domy-provincie-Alicante-Costa-Blanca-ve-Spanelsku-585x328.jpg 585w\" sizes=\"auto, (max-width: 1000px) 100vw, 1000px\" \/><\/figure>\n\n\n\n<h3 class=\"wp-block-heading\">Kde je v zim\u011b nejteplej\u0161\u00ed m\u00edsto v Evrop\u011b? Pl\u00e1\u017ee a atrakce na Costa Blanca<\/h3>\n\n\n\n<p class=\"wp-block-paragraph\">Na severn\u00edm okraji Benidormu se ty\u010d\u00ed poho\u0159\u00ed Sierra Helada, kter\u00e9 vytv\u00e1\u0159\u00ed p\u0159\u00edrodn\u00ed park s malebn\u00fdmi vyhl\u00eddkami a stezkami pod\u00e9l strm\u00fdch \u00fates\u016f. Ji\u017en\u00ed \u010d\u00e1st pob\u0159e\u017e\u00ed m\u00e1 pak mnohem klidn\u011bj\u0161\u00ed atmosf\u00e9ru \u2013 Altea okouzl\u00ed sv\u00fdmi b\u00edl\u00fdmi domky a um\u011bleckou atmosf\u00e9rou, zat\u00edmco barevn\u00e1 Villajoyosa l\u00e1k\u00e1 malebn\u00fdm p\u0159\u00edstavem a pastelov\u00fdmi fas\u00e1dami pob\u0159e\u017en\u00edch dom\u016f.<\/p>\n\n\n\n<p class=\"wp-block-paragraph\">Costa Blanca nab\u00edz\u00ed dokonal\u00e9 podm\u00ednky pro aktivn\u00ed dovolenou. \u010cetn\u00e9 \u00fatesy, z\u00e1toky a \u010dist\u00e9 vody St\u0159edozemn\u00edho mo\u0159e p\u0159ej\u00ed vodn\u00edm sport\u016fm, v\u010detn\u011b jachtingu, kajaka\u0159en\u00ed a pot\u00e1p\u011bn\u00ed. Oblib\u011b se t\u011b\u0161\u00ed i horolezectv\u00ed \u2013 nedaleko m\u011bsta Calpe se nach\u00e1z\u00ed monument\u00e1ln\u00ed Pe\u00f1\u00f3n de Ifach, symbol cel\u00e9ho pob\u0159e\u017e\u00ed.&nbsp;<\/p>\n\n\n\n<p class=\"wp-block-paragraph\">Milovn\u00edky historie zaujmou poz\u016fstatky starov\u011bk\u00fdch ibersk\u00fdch a \u0159\u00edmsk\u00fdch osad nalezen\u00e9 v oblasti Denia. V zim\u011b zde nen\u00ed nouze ani o kulturn\u00ed akce \u2013 konaj\u00ed se tu trhy, koncerty a v\u00e1no\u010dn\u00ed festivaly. Costa Blanca je d\u016fkazem toho, \u017ee Evropa dok\u00e1\u017ee v zim\u011b nadchnout sluncem, kulturou a p\u0159\u00edrodou stejn\u011b jako exotick\u00e9 destinace.<\/p>\n\n\n\n<div class=\"wp-block-buttons is-content-justification-center is-layout-flex wp-container-core-buttons-is-layout-fe48e5de wp-block-buttons-is-layout-flex\">\n<div class=\"wp-block-button\"><a class=\"wp-block-button__link has-vivid-red-background-color has-background has-normal-font-size has-custom-font-size wp-element-button\" href=\"https:\/\/www.tui.cz\/dovolena\/spanelsko\/costa-blanca\/odlety-z-prahy\" target=\"_blank\" rel=\"noreferrer noopener\">Za\u017e\u00edt zimu na Costa Blanca<\/a><\/div>\n<\/div>\n\n\n\n<p class=\"wp-block-paragraph\"><\/p>\n\n\n\n<h2 class=\"wp-block-heading\">Mallorca mimo sez\u00f3nu \u2013 ostrov, kter\u00fd nezn\u00e1 zimu<\/h2>\n\n\n\n<p class=\"wp-block-paragraph\">Mallorca, nejv\u011bt\u0161\u00ed z Bale\u00e1rsk\u00fdch ostrov\u016f, si i v zim\u011b zachov\u00e1v\u00e1 svou slune\u010dnou tv\u00e1\u0159. Poloha ve St\u0159edozemn\u00edm mo\u0159i j\u00ed zaji\u0161\u0165uje m\u00edrn\u00e9 klima a pr\u016fm\u011brn\u00e1 teplota v lednu dosahuje zhruba 16 \u00b0C. Hlavn\u00ed m\u011bsto ostrova, Palma de Mallorca, se py\u0161n\u00ed mohutnou gotickou katedr\u00e1lou La Seu a okouzluj\u00edc\u00edm star\u00fdm m\u011bstem pln\u00fdm \u00fazk\u00fdch uli\u010dek a elegantn\u00edch pal\u00e1c\u016f.<\/p>\n\n\n\n<figure class=\"wp-block-image size-full\"><img loading=\"lazy\" decoding=\"async\" width=\"1000\" height=\"650\" src=\"https:\/\/www.tui.cz\/blog\/wp-content\/uploads\/2026\/05\/Pristav-Port-de-Soller-s-bilymi-domy-tmave-modrym-morem-a-zeleni-na-Mallorce.jpg\" alt=\"P\u0159\u00edstav Port de Soller s b\u00edl\u00fdmi domy, tmav\u011b modr\u00fdm mo\u0159em a zelen\u00ed na Mallorce\" class=\"wp-image-11737\" title=\"\" srcset=\"https:\/\/www.tui.cz\/blog\/wp-content\/uploads\/2026\/05\/Pristav-Port-de-Soller-s-bilymi-domy-tmave-modrym-morem-a-zeleni-na-Mallorce.jpg 1000w, https:\/\/www.tui.cz\/blog\/wp-content\/uploads\/2026\/05\/Pristav-Port-de-Soller-s-bilymi-domy-tmave-modrym-morem-a-zeleni-na-Mallorce-600x390.jpg 600w, https:\/\/www.tui.cz\/blog\/wp-content\/uploads\/2026\/05\/Pristav-Port-de-Soller-s-bilymi-domy-tmave-modrym-morem-a-zeleni-na-Mallorce-768x499.jpg 768w, https:\/\/www.tui.cz\/blog\/wp-content\/uploads\/2026\/05\/Pristav-Port-de-Soller-s-bilymi-domy-tmave-modrym-morem-a-zeleni-na-Mallorce-585x380.jpg 585w\" sizes=\"auto, (max-width: 1000px) 100vw, 1000px\" \/><\/figure>\n\n\n\n<p class=\"wp-block-paragraph\">Na jihu a v\u00fdchod\u011b se t\u00e1hnou dlouh\u00e9 p\u00eds\u010dit\u00e9 pl\u00e1\u017ee, zat\u00edmco severn\u00ed \u010d\u00e1st ostrova pat\u0159\u00ed poho\u0159\u00ed Serra de Tramuntana, kter\u00e9 je zapsan\u00e9 na seznamu UNESCO. V zimn\u00edm obdob\u00ed se <a href=\"https:\/\/www.tui.cz\/dovolena\/spanelsko\/mallorca\" target=\"_blank\" rel=\"noreferrer noopener\">Mallorca<\/a> st\u00e1v\u00e1 m\u00edstem pro klidn\u00fd odpo\u010dinek \u2013 bez dav\u016f a veder, zato s hromadou slunce, turistick\u00fdch tras a vyhl\u00eddek na azurov\u00e9 z\u00e1toky. Je to ide\u00e1ln\u00ed m\u00edsto pro milovn\u00edky p\u0159\u00edrody, kte\u0159\u00ed cht\u011bj\u00ed spojit relaxaci u mo\u0159e s prohl\u00eddkou pam\u00e1tek a objevov\u00e1n\u00edm autentick\u00e9ho st\u0159edomo\u0159sk\u00e9ho rytmu \u017eivota.<\/p>\n\n\n\n<div class=\"wp-block-buttons is-content-justification-center is-layout-flex wp-container-core-buttons-is-layout-fe48e5de wp-block-buttons-is-layout-flex\">\n<div class=\"wp-block-button\"><a class=\"wp-block-button__link has-vivid-red-background-color has-background has-normal-font-size has-custom-font-size wp-element-button\" href=\"https:\/\/www.tui.cz\/dovolena\/spanelsko\/mallorca\/nabidky-hotely\" target=\"_blank\" rel=\"noreferrer noopener\">Nav\u0161t\u00edvit Mallorcu<\/a><\/div>\n<\/div>\n\n\n\n<p class=\"wp-block-paragraph\"><\/p>\n\n\n\n<h2 class=\"wp-block-heading\">Ne\u010dekejte na l\u00e9to \u2013 najd\u011bte si sv\u00e9 slunce hned te\u010f!<\/h2>\n\n\n\n<p class=\"wp-block-paragraph\">Zima v Evrop\u011b nemus\u00ed nutn\u011b znamenat sn\u00edh a chlad \u2013 jih kontinentu nab\u00edz\u00ed \u00fapln\u011b jinou tv\u00e1\u0159 tohoto ro\u010dn\u00edho obdob\u00ed. Slune\u010dn\u00e9 dny, modr\u00e1 obloha a p\u0159\u00edjemn\u00e9 teploty vytv\u00e1\u0159ej\u00ed skv\u011bl\u00e9 podm\u00ednky pro relaxaci, pozn\u00e1v\u00e1n\u00ed historick\u00fdch pam\u00e1tek a setk\u00e1v\u00e1n\u00ed s p\u0159\u00edrodou. Malta, Kypr, Mallorca a \u0161pan\u011blsk\u00e9 pob\u0159e\u017e\u00ed Costa del Sol a Costa Blanca dokazuj\u00ed, \u017ee teplo, kultura a st\u0159edomo\u0159sk\u00fd klid jsou na dosah ruky \u2013 tedy bez nutnosti dlouh\u00fdch cest.<\/p>\n","protected":false},"excerpt":{"rendered":"<p>Kde je v zim\u011b nejtepleji v Evrop\u011b? Tato ot\u00e1zka pad\u00e1 obzvl\u00e1\u0161t\u011b \u010dasto v mraziv\u00fdch dnech, kdy slunce sv\u00edt\u00ed jen z\u0159\u00eddka a teploty klesaj\u00ed pod bod mrazu. Zimn\u00ed m\u011bs\u00edce nemus\u00ed znamenat, \u017ee se mus\u00edte vzd\u00e1t pl\u00e1\u017ee a opalov\u00e1n\u00ed. Objevte 5 destinac\u00ed pro slune\u010dnou dovolenou a napl\u00e1nujte si ide\u00e1ln\u00ed volno v lednu a \u00fanoru! Malta \u2013 o\u00e1za [&hellip;]<\/p>\n","protected":false},"author":59,"featured_media":11742,"comment_status":"open","ping_status":"closed","sticky":false,"template":"","format":"standard","meta":{"_acf_changed":false,"footnotes":""},"categories":[182],"tags":[],"class_list":["post-11736","post","type-post","status-publish","format-standard","has-post-thumbnail","hentry","category-cestovani"],"acf":[],"home_img_url":"https:\/\/www.tui.cz\/blog\/wp-content\/uploads\/2026\/05\/Nejkrasnejsi-plaz-na-Kypru-zasazena-do-zatoky-s-utesy-pri-zapadu-slunce-585x390.jpg","home_img_alt":"Nejkr\u00e1sn\u011bj\u0161\u00ed pl\u00e1\u017e na Kypru, zasazen\u00e1 do z\u00e1toky s \u00fatesy p\u0159i z\u00e1padu slunce","_links":{"self":[{"href":"https:\/\/www.tui.cz\/blog\/wp-json\/wp\/v2\/posts\/11736","targetHints":{"allow":["GET"]}}],"collection":[{"href":"https:\/\/www.tui.cz\/blog\/wp-json\/wp\/v2\/posts"}],"about":[{"href":"https:\/\/www.tui.cz\/blog\/wp-json\/wp\/v2\/types\/post"}],"author":[{"embeddable":true,"href":"https:\/\/www.tui.cz\/blog\/wp-json\/wp\/v2\/users\/59"}],"replies":[{"embeddable":true,"href":"https:\/\/www.tui.cz\/blog\/wp-json\/wp\/v2\/comments?post=11736"}],"version-history":[{"count":1,"href":"https:\/\/www.tui.cz\/blog\/wp-json\/wp\/v2\/posts\/11736\/revisions"}],"predecessor-version":[{"id":11743,"href":"https:\/\/www.tui.cz\/blog\/wp-json\/wp\/v2\/posts\/11736\/revisions\/11743"}],"wp:featuredmedia":[{"embeddable":true,"href":"https:\/\/www.tui.cz\/blog\/wp-json\/wp\/v2\/media\/11742"}],"wp:attachment":[{"href":"https:\/\/www.tui.cz\/blog\/wp-json\/wp\/v2\/media?parent=11736"}],"wp:term":[{"taxonomy":"category","embeddable":true,"href":"https:\/\/www.tui.cz\/blog\/wp-json\/wp\/v2\/categories?post=11736"},{"taxonomy":"post_tag","embeddable":true,"href":"https:\/\/www.tui.cz\/blog\/wp-json\/wp\/v2\/tags?post=11736"}],"curies":[{"name":"wp","href":"https:\/\/api.w.org\/{rel}","templated":true}]}}