{"id":7233,"date":"2023-12-27T14:00:00","date_gmt":"2023-12-27T13:00:00","guid":{"rendered":"https:\/\/www.tui.cz\/blog\/?p=7233"},"modified":"2023-12-20T10:38:04","modified_gmt":"2023-12-20T09:38:04","slug":"kam-na-zimni-prazdniny-v-lednu-vydejte-se-do-teplych-krajin","status":"publish","type":"post","link":"https:\/\/www.tui.cz\/blog\/kam-na-zimni-prazdniny-v-lednu-vydejte-se-do-teplych-krajin\/","title":{"rendered":"Kam na zimn\u00ed pr\u00e1zdniny v lednu? Vydejte se do tepl\u00fdch krajin!"},"content":{"rendered":"\n<p>Zimn\u00ed Pr\u00e1zdniny v lednu se bl\u00ed\u017e\u00ed a vy st\u00e1le nev\u00edte, kam vyrazit na zimn\u00ed dovolenou sami nebo s d\u00edt\u011btem? <a href=\"https:\/\/www.tui.cz\/zima-2023-2024\" target=\"_blank\" rel=\"noreferrer noopener\">Zimn\u00ed dovolen\u00e1 v zahrani\u010d\u00ed<\/a> je skv\u011bl\u00fd n\u00e1pad, kter\u00fd v\u00e1m umo\u017en\u00ed poznat sv\u011bt a z\u00e1rove\u0148 si opravdu odpo\u010dinout. Z\u00e1jezd do tepl\u00fdch krajin zn\u00ed skv\u011ble, ale kam se vydat? Co si vybrat? Jak\u00e9 jsou nejlep\u0161\u00ed destinace pro dovolenou v lednu? Pod\u00edvejte se na na\u0161e n\u00e1pady!<\/p>\n\n\n\n<h2 class=\"wp-block-heading\">Dovolen\u00e1 v lednu &#8211; pro\u010d to stoj\u00ed za to?<\/h2>\n\n\n\n<p>Leden je m\u011bs\u00edc, kter\u00fd m\u016f\u017ee b\u00fdt skv\u011bl\u00fdm obdob\u00edm pro dovolenou, i kdy\u017e se nejedn\u00e1 o tradi\u010dn\u00ed \u010das dovolen\u00fdch. Existuje mnoho d\u016fvod\u016f, pro\u010d uva\u017eovat o cestov\u00e1n\u00ed v lednu, a n\u00ed\u017ee najdete n\u011bkolik argument\u016f, kter\u00e9 tuto my\u0161lenku podporuj\u00ed.<\/p>\n\n\n\n<h2 class=\"wp-block-heading\">Men\u0161\u00ed davy lid\u00ed<\/h2>\n\n\n\n<p>Cestov\u00e1n\u00ed v lednu m\u016f\u017ee b\u00fdt v\u00fdhodn\u00e9 pro pen\u011b\u017eenku, proto\u017ee mnoho destinac\u00ed nab\u00edz\u00ed v tomto obdob\u00ed ni\u017e\u0161\u00ed ceny. Hotely, letenky a turistick\u00e9 atrakce jsou \u010dasto levn\u011bj\u0161\u00ed, co\u017e v\u00e1m umo\u017en\u00ed cestovat s men\u0161\u00edm rozpo\u010dtem. Krom\u011b toho je v lednu obvykle m\u00e9n\u011b turist\u016f, co\u017e znamen\u00e1 men\u0161\u00ed davy lid\u00ed na nejobl\u00edben\u011bj\u0161\u00edch atrakc\u00edch.<\/p>\n\n\n\n<h2 class=\"wp-block-heading\">Alternativn\u00ed formy tr\u00e1ven\u00ed voln\u00e9ho \u010dasu<\/h2>\n\n\n\n<p>Leden je ide\u00e1ln\u00edm obdob\u00edm pro objevov\u00e1n\u00ed alternativn\u00edch forem tr\u00e1ven\u00ed voln\u00e9ho \u010dasu. M\u016f\u017eete se vydat na ly\u017ee, snowboard, horskou turistiku nebo na v\u00fdlety do m\u00edst, kter\u00e1 by v l\u00e9t\u011b byla p\u0159\u00edli\u0161 hork\u00e1 nebo p\u0159epln\u011bn\u00e1. Pro ty, kte\u0159\u00ed maj\u00ed r\u00e1di zimn\u00ed sporty, m\u016f\u017ee b\u00fdt leden ide\u00e1ln\u00ed dobou pro aktivn\u00ed dovolenou.<\/p>\n\n\n\n<h2 class=\"wp-block-heading\">Jedine\u010dn\u00e9 akce a festivaly<\/h2>\n\n\n\n<p>Na mnoha m\u00edstech se v lednu konaj\u00ed jedine\u010dn\u00e9 festivaly, kulturn\u00ed ud\u00e1losti a tematick\u00e9 akce. Je to skv\u011bl\u00e1 p\u0159\u00edle\u017eitost poznat m\u00edstn\u00ed kulturu a tradice a z\u00fa\u010dastnit se pestr\u00fdch oslav. Lednov\u00e9 festivaly nav\u00edc mohou b\u00fdt pro cestovatele nezapomenuteln\u00fdm z\u00e1\u017eitkem.<\/p>\n\n\n\n<h2 class=\"wp-block-heading\">Klidn\u00e1 atmosf\u00e9ra a relaxace<\/h2>\n\n\n\n<p>Leden je tak\u00e9 \u010dasem odpo\u010dinku a relaxace. Po sv\u00e1te\u010dn\u00edm obdob\u00ed a <a href=\"https:\/\/www.tui.cz\/blog\/silvestr-v-zahranici-kde-ho-stravit\" target=\"_blank\" rel=\"noreferrer noopener\">Silvestru<\/a> mnoho lid\u00ed hled\u00e1 klid a pohodu. V\u00fdlet v lednu v\u00e1m m\u016f\u017ee umo\u017enit odpo\u010dinout si od ka\u017edodenn\u00edho \u017eivota a na\u010derpat nov\u00e9 s\u00edly p\u0159ed p\u0159\u00edchodem ru\u0161n\u00e9ho jarn\u00edho obdob\u00ed.<\/p>\n\n\n\n<figure class=\"wp-block-image size-large\"><img loading=\"lazy\" decoding=\"async\" width=\"1024\" height=\"683\" src=\"https:\/\/www.tui.cz\/blog\/wp-content\/uploads\/2023\/12\/Wakacje-w-styczniu-teneryfa1-1024x683.webp\" alt=\"Zimn\u00ed pr\u00e1zdniny v lednu, dva lid\u00e9 jdou po horsk\u00e9 stezce na Kan\u00e1rsk\u00fdch ostrovech\" class=\"wp-image-7236\" title=\"\" srcset=\"https:\/\/www.tui.cz\/blog\/wp-content\/uploads\/2023\/12\/Wakacje-w-styczniu-teneryfa1-1024x683.webp 1024w, https:\/\/www.tui.cz\/blog\/wp-content\/uploads\/2023\/12\/Wakacje-w-styczniu-teneryfa1-600x400.webp 600w, https:\/\/www.tui.cz\/blog\/wp-content\/uploads\/2023\/12\/Wakacje-w-styczniu-teneryfa1-768x512.webp 768w, https:\/\/www.tui.cz\/blog\/wp-content\/uploads\/2023\/12\/Wakacje-w-styczniu-teneryfa1-1536x1024.webp 1536w, https:\/\/www.tui.cz\/blog\/wp-content\/uploads\/2023\/12\/Wakacje-w-styczniu-teneryfa1-2048x1365.webp 2048w, https:\/\/www.tui.cz\/blog\/wp-content\/uploads\/2023\/12\/Wakacje-w-styczniu-teneryfa1-1920x1280.webp 1920w, https:\/\/www.tui.cz\/blog\/wp-content\/uploads\/2023\/12\/Wakacje-w-styczniu-teneryfa1-1170x780.webp 1170w, https:\/\/www.tui.cz\/blog\/wp-content\/uploads\/2023\/12\/Wakacje-w-styczniu-teneryfa1-585x390.webp 585w, https:\/\/www.tui.cz\/blog\/wp-content\/uploads\/2023\/12\/Wakacje-w-styczniu-teneryfa1-263x175.webp 263w\" sizes=\"auto, (max-width: 1024px) 100vw, 1024px\" \/><\/figure>\n\n\n\n<h2 class=\"wp-block-heading\">Kam na dovolenou v lednu? Doporu\u010den\u00e9 destinace pro milovn\u00edky pl\u00e1\u017e\u00ed<\/h2>\n\n\n\n<p>Mezi nejlep\u0161\u00ed destinace pro <a href=\"https:\/\/www.tui.cz\/leto-2024\" target=\"_blank\" rel=\"noreferrer noopener\">dovolenou v tepl\u00fdch krajin\u00e1ch<\/a>, kde m\u016f\u017eete praktikovat bezstarostnou pl\u00e1\u017eovou dovolenou, pat\u0159\u00ed <strong>Kan\u00e1rsk\u00e9 ostrovy<\/strong> a kouzeln\u00e9 Tenerife, stejn\u011b jako kr\u00e1sn\u00fd, fascinuj\u00edc\u00ed Egypt. Kan\u00e1ry jsou souostrov\u00edm ostrov\u016f, kter\u00e9 pat\u0159\u00ed \u0160pan\u011blsku. Nab\u00edzej\u00ed mnoho vodn\u00edch sport\u016f, stejn\u011b jako Egypt, kter\u00fd byl ve starov\u011bku velmoc\u00ed.<\/p>\n\n\n\n<p>Dnes Egypt l\u00e1k\u00e1 fantastick\u00fdmi b\u00edl\u00fdmi pl\u00e1\u017eemi v Hurghad\u011b a Marsa Alam. Zimn\u00ed dovolen\u00e1, zejm\u00e9na pod palmami, je skv\u011bl\u00fdm n\u00e1padem, jak si odpo\u010dinout od n\u00edzk\u00fdch teplot a mraziv\u00e9ho v\u011btru a sn\u011bhu!<\/p>\n\n\n\n<h2 class=\"wp-block-heading\">Nejen pl\u00e1\u017ee &#8211; v\u00fdlety pro milovn\u00edky dal\u0161\u00edch aktivit<\/h2>\n\n\n\n<p>Ka\u017ed\u00e1 z t\u011bchto destinac\u00ed nab\u00edz\u00ed mnohem v\u00edc ne\u017e jen opalov\u00e1n\u00ed. P\u0159i cest\u011b do tepl\u00fdch krajin m\u016f\u017eeme vyu\u017e\u00edt i nab\u00eddky pozn\u00e1v\u00e1n\u00ed v bli\u017e\u0161\u00edm i vzd\u00e1len\u011bj\u0161\u00edm okol\u00ed (\u010detn\u00e9 fakultativn\u00ed v\u00fdlety l\u00e1kaj\u00ed mnoho turist\u016f tou\u017e\u00edc\u00edch po kontaktu s kulturou). Krom\u011b toho m\u016f\u017eeme po\u010d\u00edtat tak\u00e9 se zaj\u00edmav\u00fdmi n\u00e1v\u0161t\u011bvami okoln\u00edch p\u0159\u00edrodn\u00edch div\u016f. Na Tenerife se nach\u00e1z\u00ed n\u00e1rodn\u00ed park Teide se sopkou, na kterou m\u016f\u017eete vystoupat, zat\u00edmco v Egypt\u011b objev\u00edte \u010detn\u00e9 chr\u00e1my, hrobky a slavnou o\u00e1zu S\u00edwa.<\/p>\n\n\n\n<h2 class=\"wp-block-heading\">Kan\u00e1rsk\u00e9 ostrovy &#8211; kr\u00e1sn\u00e9 pl\u00e1\u017ee a slunce<\/h2>\n\n\n\n<p>Zima je obdob\u00edm, kdy mnoho lid\u00ed sn\u00ed o \u00fat\u011bku p\u0159ed zimn\u00edm po\u0161mournem a chladem. <a href=\"https:\/\/www.tui.cz\/dovolena\/kanarske-ostrovy\" target=\"_blank\" rel=\"noreferrer noopener\">Kan\u00e1rsk\u00e9 ostrovy<\/a> jsou jednou z nejobl\u00edben\u011bj\u0161\u00edch turistick\u00fdch destinac\u00ed pro zimn\u00ed dovolenou s d\u011btmi nebo sami. Pat\u0159\u00ed <a href=\"https:\/\/www.tui.cz\/dovolena\/spanelsko\" target=\"_blank\" rel=\"noreferrer noopener\">\u0160pan\u011blsku<\/a> a le\u017e\u00ed v Atlantsk\u00e9m oce\u00e1nu, nab\u00edzej\u00ed nejen p\u0159\u00edjemn\u00e9 teploty, ale tak\u00e9 kr\u00e1sn\u00e9 pl\u00e1\u017ee.<\/p>\n\n\n\n<p>Ka\u017ed\u00fd ostrov nab\u00edz\u00ed n\u011bco jedine\u010dn\u00e9ho, od dlouh\u00fdch p\u00edse\u010dn\u00fdch pl\u00e1\u017e\u00ed po p\u016fvabn\u00e9 z\u00e1toky obklopen\u00e9 skalnat\u00fdmi \u00fatesy. Mezi nejzn\u00e1m\u011bj\u0161\u00ed pl\u00e1\u017ee pat\u0159\u00ed Playa de las Teresitas na <a href=\"https:\/\/www.tui.cz\/dovolena\/kanarske-ostrovy\/tenerife\" target=\"_blank\" rel=\"noreferrer noopener\">Tenerife<\/a>, Playa de Maspalomas na <a href=\"https:\/\/www.tui.cz\/dovolena\/kanarske-ostrovy\/gran-canaria\" target=\"_blank\" rel=\"noreferrer noopener\">Gran Canarii<\/a> a Playa de las Canteras na ostrov\u011b Las Palmas. A\u0165 u\u017e si cestovatel\u00e9 vyberou jak\u00fdkoli ostrov, mohou se t\u011b\u0161it na odpo\u010dinek, koup\u00e1n\u00ed v tepl\u00e9m oce\u00e1nu a v\u00fdhledy jako z pohlednice.<\/p>\n\n\n\n<p>Na Kan\u00e1rsk\u00fdch ostrovech panuje celoro\u010dn\u011b m\u00edrn\u00e9 klima. Pr\u016fm\u011brn\u00e1 teplota vzduchu v zim\u011b se pohybuje kolem 20 stup\u0148\u016f Celsia, co\u017e z nich \u010din\u00ed ide\u00e1ln\u00ed m\u00edsto pro zimn\u00ed dovolenou. Dal\u0161\u00ed v\u00fdhodou je hojnost slune\u010dn\u00edho svitu, co\u017e znamen\u00e1, \u017ee si cestovatel\u00e9 mohou u\u017e\u00edvat slunce a paprsk\u016f po v\u011bt\u0161inu dne.<\/p>\n\n\n\n<p>Kan\u00e1rsk\u00e9 ostrovy jsou tedy ide\u00e1ln\u00edm m\u00edstem pro zimn\u00ed dovolenou, kter\u00e9 nab\u00edz\u00ed nejen kr\u00e1sn\u00e9 pl\u00e1\u017ee a slune\u010dn\u00ed paprsky, ale tak\u00e9 mo\u017enost aktivn\u00edho pobytu na \u010derstv\u00e9m vzduchu. Pro ka\u017ed\u00e9ho, kdo sn\u00ed o \u00fat\u011bku p\u0159ed zimn\u00edm po\u010das\u00edm, jsou tyto ostrovy ide\u00e1ln\u00edm m\u00edstem k odpo\u010dinku a regeneraci sil.<\/p>\n\n\n\n<figure class=\"wp-block-image size-full\"><img loading=\"lazy\" decoding=\"async\" width=\"1000\" height=\"668\" src=\"https:\/\/www.tui.cz\/blog\/wp-content\/uploads\/2023\/12\/Wakacje-w-styczniu-teneryfa2.webp\" alt=\"Tenerife a sopka Teide, kr\u00e1sn\u00fd pohled na dovolenou v zim\u011b\" class=\"wp-image-7235\" title=\"\" srcset=\"https:\/\/www.tui.cz\/blog\/wp-content\/uploads\/2023\/12\/Wakacje-w-styczniu-teneryfa2.webp 1000w, https:\/\/www.tui.cz\/blog\/wp-content\/uploads\/2023\/12\/Wakacje-w-styczniu-teneryfa2-600x401.webp 600w, https:\/\/www.tui.cz\/blog\/wp-content\/uploads\/2023\/12\/Wakacje-w-styczniu-teneryfa2-768x513.webp 768w, https:\/\/www.tui.cz\/blog\/wp-content\/uploads\/2023\/12\/Wakacje-w-styczniu-teneryfa2-585x391.webp 585w, https:\/\/www.tui.cz\/blog\/wp-content\/uploads\/2023\/12\/Wakacje-w-styczniu-teneryfa2-263x175.webp 263w\" sizes=\"auto, (max-width: 1000px) 100vw, 1000px\" \/><\/figure>\n\n\n\n<h2 class=\"wp-block-heading\">Objevte kouzeln\u00e9 Tenerife &#8211; slune\u010dn\u00e1 dovolen\u00e1 v zim\u011b!<\/h2>\n\n\n\n<p>Tenerife je nejv\u011bt\u0161\u00ed z Kan\u00e1rsk\u00fdch ostrov\u016f. Je zn\u00e1m\u00fd sv\u00fdmi kr\u00e1sn\u00fdmi pl\u00e1\u017eemi, malebnou krajinou a celoro\u010dn\u011b m\u00edrn\u00fdm klimatem. Pr\u00e1v\u011b proto je ide\u00e1ln\u00edm m\u00edstem pro str\u00e1ven\u00ed dovolen\u00e9 i v lednu.<\/p>\n\n\n\n<p><strong>Dovolen\u00e1 v lednu <\/strong>na Tenerife v\u00e1m umo\u017en\u00ed u\u017e\u00edt si p\u0159\u00edjemn\u00e9 teploty, kter\u00e9 jen z\u0159\u00eddka klesaj\u00ed pod 20 stup\u0148\u016f Celsia. To v\u00e1m umo\u017en\u00ed odpo\u010d\u00edvat na p\u00edse\u010dn\u00fdch pl\u00e1\u017e\u00edch a z\u00e1rove\u0148 si u\u017e\u00edvat modr\u00e9 vody Atlantsk\u00e9ho oce\u00e1nu. Lednov\u00e9 obdob\u00ed nav\u00edc znamen\u00e1, \u017ee ostrov nen\u00ed p\u0159epln\u011bn\u00fd, co\u017e cestovatel\u016fm umo\u017e\u0148uje u\u017e\u00edvat si klidu a pohody.<\/p>\n\n\n\n<p>Krom\u011b opalov\u00e1n\u00ed na pl\u00e1\u017ei nab\u00edz\u00ed Tenerife mnoho turistick\u00fdch atrakc\u00ed. Pat\u0159\u00ed mezi n\u011b v\u00fdlety do n\u00e1rodn\u00edho parku Teide, kde m\u016f\u017eete obdivovat sopku Teide, nejvy\u0161\u0161\u00ed vrchol \u0160pan\u011blska. Krom\u011b toho Tenerife pot\u011b\u0161\u00ed p\u016fvabn\u00fdmi vesni\u010dkami, bohatou kuchyn\u00ed a kulturn\u00edmi akcemi, kter\u00e9 zp\u0159\u00edjemn\u00ed pobyt ka\u017ed\u00e9mu cestovateli. Na Kan\u00e1rsk\u00fdch ostrovech si odpo\u010dinete jako nikdy p\u0159edt\u00edm!<\/p>\n\n\n\n<h2 class=\"wp-block-heading\">Luxus v Dubaji &#8211; tepl\u00e9 zem\u011b doporu\u010den\u00e9 pro dovolenou v lednu<\/h2>\n\n\n\n<p>Dubaj je m\u00edsto, kter\u00e9 je spojov\u00e1no s luxusem a bohatstv\u00edm. Pro mnoh\u00e9 je dovolen\u00e1 v Dubaji snem a leden je ide\u00e1ln\u00ed dobou k jej\u00ed n\u00e1v\u0161t\u011bv\u011b. N\u00ed\u017ee uv\u00e1d\u00edme d\u016fvody, pro\u010d je leden ide\u00e1ln\u00ed dobou pro luxusn\u00ed dovolenou ve Spojen\u00fdch arabsk\u00fdch emir\u00e1tech.<\/p>\n\n\n\n<p><a href=\"https:\/\/www.tui.cz\/dovolena\/spojene-arabske-emiraty\/dubai\" target=\"_blank\" rel=\"noreferrer noopener\">Dubaj <\/a>je r\u00e1jem pro milovn\u00edky nakupov\u00e1n\u00ed a leden je ide\u00e1ln\u00ed dobou pro vyu\u017eit\u00ed pov\u00e1no\u010dn\u00edch v\u00fdprodej\u016f a akc\u00ed. Turist\u00e9 mohou nav\u0161t\u00edvit luxusn\u00ed n\u00e1kupn\u00ed centra, jako je Dubai Mall, kde najdou exkluzivn\u00ed v\u00fdrobky a zna\u010dky. Najdete zde tak\u00e9 obrovsk\u00e9 akv\u00e1rium a mo\u017enost sjet si krytou ly\u017ea\u0159skou sjezdovku&#8230; Uvnit\u0159 budovy!<\/p>\n\n\n\n<figure class=\"wp-block-image size-large\"><img loading=\"lazy\" decoding=\"async\" width=\"1024\" height=\"683\" src=\"https:\/\/www.tui.cz\/blog\/wp-content\/uploads\/2023\/12\/Wakacje-w-styczniu-dubai-burj-al-arab-1-1024x683.webp\" alt=\"Dubaj Burd\u017e al-Arab, zimn\u00ed pr\u00e1zdniny\" class=\"wp-image-7237\" title=\"\" srcset=\"https:\/\/www.tui.cz\/blog\/wp-content\/uploads\/2023\/12\/Wakacje-w-styczniu-dubai-burj-al-arab-1-1024x683.webp 1024w, https:\/\/www.tui.cz\/blog\/wp-content\/uploads\/2023\/12\/Wakacje-w-styczniu-dubai-burj-al-arab-1-600x400.webp 600w, https:\/\/www.tui.cz\/blog\/wp-content\/uploads\/2023\/12\/Wakacje-w-styczniu-dubai-burj-al-arab-1-768x512.webp 768w, https:\/\/www.tui.cz\/blog\/wp-content\/uploads\/2023\/12\/Wakacje-w-styczniu-dubai-burj-al-arab-1-1536x1024.webp 1536w, https:\/\/www.tui.cz\/blog\/wp-content\/uploads\/2023\/12\/Wakacje-w-styczniu-dubai-burj-al-arab-1-2048x1365.webp 2048w, https:\/\/www.tui.cz\/blog\/wp-content\/uploads\/2023\/12\/Wakacje-w-styczniu-dubai-burj-al-arab-1-1920x1280.webp 1920w, https:\/\/www.tui.cz\/blog\/wp-content\/uploads\/2023\/12\/Wakacje-w-styczniu-dubai-burj-al-arab-1-1170x780.webp 1170w, https:\/\/www.tui.cz\/blog\/wp-content\/uploads\/2023\/12\/Wakacje-w-styczniu-dubai-burj-al-arab-1-585x390.webp 585w, https:\/\/www.tui.cz\/blog\/wp-content\/uploads\/2023\/12\/Wakacje-w-styczniu-dubai-burj-al-arab-1-263x175.webp 263w\" sizes=\"auto, (max-width: 1024px) 100vw, 1024px\" \/><\/figure>\n\n\n\n<h2 class=\"wp-block-heading\">Radost z prohl\u00eddky pam\u00e1tek v Dubaji &#8211; Burj Khalifa a Burj al Arab<\/h2>\n\n\n\n<p>Cestov\u00e1n\u00ed do Dubaje v lednu m\u016f\u017ee b\u00fdt nezapomenuteln\u00fdm z\u00e1\u017eitkem, zejm\u00e9na pro ty, kte\u0159\u00ed cht\u011bj\u00ed prozkoumat architektonick\u00e9 divy m\u011bsta. Dv\u011b z nejzn\u00e1m\u011bj\u0161\u00edch pam\u00e1tek, kter\u00e9 p\u0159itahuj\u00ed pozornost turist\u016f, jsou Burj Khalifa a Burj al Arab. Ob\u011b pam\u00e1tky nab\u00edzej\u00ed mimo\u0159\u00e1dn\u00e9 pohledy na m\u011bsto a bohatou historii a kulturu.<\/p>\n\n\n\n<p>Burj Khalifa, nejvy\u0161\u0161\u00ed budova sv\u011bta, je architektonickou ikonou, kter\u00e1 se majest\u00e1tn\u011b ty\u010d\u00ed nad dubajsk\u00fdm panoramatem. P\u0159i v\u00fdstupu na jej\u00ed vrchol si n\u00e1v\u0161t\u011bvn\u00edci mohou vychutnat neuv\u011b\u0159iteln\u00fd v\u00fdhled na m\u011bsto, pou\u0161\u0165 a oce\u00e1n. Burj Khalifa nen\u00ed jen budova, ale tak\u00e9 centrum kultury a z\u00e1bavy, kter\u00e9 nab\u00edz\u00ed jedine\u010dn\u00fd z\u00e1\u017eitek z historie a v\u00fdvoje Dubaje.<\/p>\n\n\n\n<p>Burj al Arab, zn\u00e1m\u00fd tak\u00e9 jako &#8222;plachetnice&#8220;, je dal\u0161\u00ed architektonickou ikonou, kter\u00e1 symbolizuje luxus a sofistikovanost. S\u00eddl\u00ed zde jeden z nejexkluzivn\u011bj\u0161\u00edch hotel\u016f na sv\u011bt\u011b, kter\u00fd nab\u00edz\u00ed jedine\u010dn\u00fd z\u00e1\u017eitek z luxusu a pohodl\u00ed. I pro ty, kte\u0159\u00ed v hotelu nebydl\u00ed, je pouh\u00fd pohled na Burj al Arab zven\u010d\u00ed nezapomenuteln\u00fdm z\u00e1\u017eitkem.<\/p>\n\n\n\n<h2 class=\"wp-block-heading\">Kam na dovolenou v zim\u011b? Samoz\u0159ejm\u011b do Egypta!<\/h2>\n\n\n\n<p>P\u00edse\u010dn\u00e9 pl\u00e1\u017ee, p\u0159\u00edjemn\u00e1 teplota vody, kor\u00e1lov\u00e9 \u00fatesy, slunce sv\u00edt\u00edc\u00ed cel\u00fd den&#8230; to zn\u00ed jako ide\u00e1ln\u00ed podm\u00ednky pro zimn\u00ed dovolenou! To v\u0161e a mnohem v\u00edc v\u00e1m zaru\u010d\u00ed spolehliv\u00fd <a href=\"https:\/\/www.tui.cz\/dovolena\/egypt\">Egypt<\/a>. Pro\u010d je z\u00e1jezd do t\u00e9to zem\u011b opravdu skv\u011bl\u00fd n\u00e1pad?<\/p>\n\n\n\n<p>Egypt se nach\u00e1z\u00ed v severov\u00fdchodn\u00ed Africe a d\u00edky subtropick\u00e9mu podneb\u00ed je zde v l\u00e9t\u011b pr\u016fm\u011brn\u00e1 teplota 30 stup\u0148\u016f Celsia, zat\u00edmco v zim\u011b se m\u016f\u017eeme t\u011b\u0161it na 20-25 stup\u0148\u016f Celsia. O turisty zde nen\u00ed nikdy nouze. Egypt je nej\u00fachvatn\u011bj\u0161\u00ed zem\u00ed na sv\u011bt\u011b. Kde jinde m\u016f\u017eete na vlastn\u00ed o\u010di vid\u011bt monument\u00e1ln\u00ed pyramidy v G\u00edze, Ab\u00fa Simbel nebo starov\u011bk\u00e9 chr\u00e1my v Karnaku a Luxoru? Pr\u00e1v\u011b tyto atrakce l\u00e1kaj\u00ed lidi z cel\u00e9ho sv\u011bta. Zde se setk\u00e1v\u00e1 pou\u0161\u0165 s azurovou vodou, zde najdete b\u00edl\u00e9 pl\u00e1\u017ee a mimo\u0159\u00e1dn\u00e9 pam\u00e1tky.<\/p>\n\n\n\n<h2 class=\"wp-block-heading\">Hurghada &#8211; zimn\u00ed pr\u00e1zdniny pod palmami<\/h2>\n\n\n\n<p>Egyptsk\u00e9 m\u011bsto <a href=\"https:\/\/www.tui.cz\/dovolena\/egypt\/hurghada\">Hurghada <\/a>je obl\u00edben\u00fdm c\u00edlem zimn\u00ed dovolen\u00e9 pro ty, kte\u0159\u00ed hledaj\u00ed teplo a slunce. Z\u00e1jezd pr\u00e1v\u011b do Hurghady je skv\u011bl\u00fdm n\u00e1padem, jak str\u00e1vit perfektn\u00ed dovolenou v tepl\u00fdch zem\u00edch. V zim\u011b se zde teploty p\u0159es den pohybuj\u00ed a\u017e kolem 23 stup\u0148\u016f, zat\u00edmco v noci klesaj\u00ed na p\u0159ibli\u017en\u011b 10 stup\u0148\u016f. To zaru\u010duje p\u0159\u00edjemn\u00e9 teplo p\u0159es den a klidn\u00fd sp\u00e1nek v noci.<\/p>\n\n\n\n<p>Krom\u011b toho, \u017ee je zde mimo\u0159\u00e1dn\u011b teplo (v l\u00e9t\u011b zde m\u016f\u017eete o\u010dek\u00e1vat vysok\u00e9 teploty, kter\u00e9 dosahuj\u00ed 30 i v\u00edce stup\u0148\u016f), nab\u00edz\u00ed Hurghada turist\u016fm mnoho atrakc\u00ed. Zima je zde ide\u00e1ln\u00edm obdob\u00edm pro pl\u00e1\u017eov\u00e1n\u00ed &#8211; po\u010das\u00ed je zde slune\u010dn\u00e9 prakticky po cel\u00fd rok. Pojmy &#8222;obdob\u00ed sucha&#8220; nebo &#8222;monzunov\u00e9 obdob\u00ed&#8220; zde neexistuj\u00ed.<\/p>\n\n\n\n<p>V Hurghad\u011b si m\u016f\u017eete prohl\u00e9dnout kr\u00e1sn\u00e9 \u00fazk\u00e9 uli\u010dky v centru, ochutnat vynikaj\u00edc\u00ed m\u00edstn\u00ed kuchyni a prohl\u00e9dnout si n\u00e1dhern\u00e9 me\u0161ity. Pro ty, kte\u0159\u00ed d\u00e1vaj\u00ed p\u0159ednost klidn\u00e9 dovolen\u00e9, nab\u00edz\u00ed Hurghada luxusn\u00ed hotely se soukrom\u00fdmi pl\u00e1\u017eemi, kde m\u016f\u017eete relaxovat a u\u017e\u00edvat si kr\u00e1sn\u00fd v\u00fdhled na Rud\u00e9 mo\u0159e. Krom\u011b toho se zde nach\u00e1z\u00ed \u0159ada l\u00e1zn\u00ed a wellness center, kter\u00e1 poskytuj\u00ed relaxaci a odpo\u010dinek od ka\u017edodenn\u00ed rutiny.<\/p>\n\n\n\n<p>M\u011bsto Hurghada je tak\u00e9 v\u00fdbornou z\u00e1kladnou pro pozn\u00e1v\u00e1n\u00ed egyptsk\u00fdch historick\u00fdch pam\u00e1tek, jako je Luxor a Asu\u00e1n. Mo\u017enost spojit odpo\u010dinek na pl\u00e1\u017ei s pozn\u00e1v\u00e1n\u00edm starov\u011bk\u00fdch pam\u00e1tek \u010din\u00ed z t\u00e9to destinace atraktivn\u00ed m\u00edsto pro milovn\u00edky historie a kultury.<\/p>\n\n\n\n<figure class=\"wp-block-image size-large\"><img loading=\"lazy\" decoding=\"async\" width=\"1024\" height=\"683\" src=\"https:\/\/www.tui.cz\/blog\/wp-content\/uploads\/2023\/12\/Wakacje-w-styczniu-marsa-alam-1-1024x683.webp\" alt=\"Zimn\u00ed dovolen\u00e1 v Egypt\u011b, Marsa Alam a kr\u00e1sn\u00e9 pl\u00e1\u017ee\" class=\"wp-image-7239\" title=\"\" srcset=\"https:\/\/www.tui.cz\/blog\/wp-content\/uploads\/2023\/12\/Wakacje-w-styczniu-marsa-alam-1-1024x683.webp 1024w, https:\/\/www.tui.cz\/blog\/wp-content\/uploads\/2023\/12\/Wakacje-w-styczniu-marsa-alam-1-600x400.webp 600w, https:\/\/www.tui.cz\/blog\/wp-content\/uploads\/2023\/12\/Wakacje-w-styczniu-marsa-alam-1-768x512.webp 768w, https:\/\/www.tui.cz\/blog\/wp-content\/uploads\/2023\/12\/Wakacje-w-styczniu-marsa-alam-1-1536x1024.webp 1536w, https:\/\/www.tui.cz\/blog\/wp-content\/uploads\/2023\/12\/Wakacje-w-styczniu-marsa-alam-1-2048x1365.webp 2048w, https:\/\/www.tui.cz\/blog\/wp-content\/uploads\/2023\/12\/Wakacje-w-styczniu-marsa-alam-1-1920x1280.webp 1920w, https:\/\/www.tui.cz\/blog\/wp-content\/uploads\/2023\/12\/Wakacje-w-styczniu-marsa-alam-1-1170x780.webp 1170w, https:\/\/www.tui.cz\/blog\/wp-content\/uploads\/2023\/12\/Wakacje-w-styczniu-marsa-alam-1-585x390.webp 585w, https:\/\/www.tui.cz\/blog\/wp-content\/uploads\/2023\/12\/Wakacje-w-styczniu-marsa-alam-1-263x175.webp 263w\" sizes=\"auto, (max-width: 1024px) 100vw, 1024px\" \/><\/figure>\n\n\n\n<h2 class=\"wp-block-heading\">Marsa Alam aneb cesta za sluncem<\/h2>\n\n\n\n<p>Pokud hled\u00e1te uprost\u0159ed zimy m\u00edsto pln\u00e9 slunce. V\u00fdlet do Marsa Alam je skv\u011bl\u00fd n\u00e1pad! <a href=\"https:\/\/www.tui.cz\/dovolena\/egypt\/marsa-alam\" target=\"_blank\" rel=\"noreferrer noopener\">Marsa Alam<\/a> nen\u00ed jen &#8222;dal\u0161\u00edm m\u00edstem k za\u0161krtnut\u00ed&#8220;. Toto m\u011bsto doporu\u010dujeme pro zimn\u00ed dovolenou! Marsa Alam se nach\u00e1z\u00ed asi 270 km ji\u017en\u011b od Hurghady a p\u0159itahuje davy turist\u016f, kte\u0159\u00ed sn\u00ed o dokonal\u00e9 lednov\u00e9 dovolen\u00e9.<\/p>\n\n\n\n<p>Sta\u010d\u00ed zm\u00ednit, \u017ee po\u010das\u00ed u Rud\u00e9ho mo\u0159e je v\u017edy p\u0159\u00edzniv\u00e9 &#8211; nev\u011b\u0159\u00edte? P\u0159esv\u011bd\u010dte se o tom na vlastn\u00ed o\u010di! Marsa Alam l\u00e1k\u00e1 n\u00e1v\u0161t\u011bvn\u00edky sv\u00fdmi n\u00e1dhern\u00fdmi pl\u00e1\u017eemi, kde m\u016f\u017eete pop\u00edjet osv\u011b\u017euj\u00edc\u00ed n\u00e1poje na leh\u00e1tk\u00e1ch a pozorovat p\u0159itom jasnou oblohu a klidn\u00e9 mo\u0159e.<\/p>\n\n\n\n<p>K vid\u011bn\u00ed je zde ale mnohem v\u00edc &#8211; pod vodou na v\u00e1s \u010dekaj\u00ed kor\u00e1lov\u00e9 \u00fatesy &#8211; tepl\u00e9 zem\u011b jsou pln\u00e9 pot\u00e1p\u011bn\u00ed, plav\u00e1n\u00ed, surfov\u00e1n\u00ed a dal\u0161\u00edch vodn\u00edch aktivit. Za vid\u011bn\u00ed stoj\u00ed tak\u00e9 nejv\u011bt\u0161\u00ed egyptsk\u00e9 pam\u00e1tky. Marsa Alam je ide\u00e1ln\u00ed z\u00e1kladnou pro v\u00fdlety do m\u00edst, jako je Ab\u00fa Simbel, Karnak, Luxor, \u00dadol\u00ed kr\u00e1l\u016f nebo pyramidy v G\u00edze.<\/p>\n\n\n\n<h2 class=\"wp-block-heading\">Co se vyplat\u00ed v\u011bd\u011bt p\u0159i pl\u00e1nov\u00e1n\u00ed zimn\u00ed dovolen\u00e9?<\/h2>\n\n\n\n<p>Prvn\u00edm krokem p\u0159i pl\u00e1nov\u00e1n\u00ed zimn\u00ed dovolen\u00e9 je v\u00fdb\u011br spr\u00e1vn\u00e9 lokality. Je t\u0159eba zv\u00e1\u017eit, zda d\u00e1v\u00e1te p\u0159ednost outdoorov\u00fdm aktivit\u00e1m, nebo zda d\u00e1v\u00e1te p\u0159ednost klidn\u00e9 dovolen\u00e9 v teple. Hory nab\u00edzej\u00ed vynikaj\u00edc\u00ed podm\u00ednky pro zimn\u00ed sporty, jako je ly\u017eov\u00e1n\u00ed a snowboarding, zat\u00edmco tepl\u00e9 zem\u011b poskytuj\u00ed mo\u017enost odpo\u010dinku na pl\u00e1\u017ei.<\/p>\n\n\n\n<p>Zimn\u00ed dovolen\u00e1<strong> <\/strong>m\u016f\u017ee b\u00fdt pestr\u00e1 d\u00edky r\u016fzn\u00fdm pov\u011btrnostn\u00edm podm\u00ednk\u00e1m. Proto je d\u016fle\u017eit\u00e9 p\u0159ed odjezdem zkontrolovat p\u0159edpov\u011b\u010f po\u010das\u00ed a p\u0159izp\u016fsobit sv\u00e9 pl\u00e1ny aktu\u00e1ln\u00edm podm\u00ednk\u00e1m. Je tak\u00e9 d\u016fle\u017eit\u00e9 se vhodn\u011b obl\u00e9knout, zejm\u00e9na pokud se chyst\u00e1te na m\u00edsto s prom\u011bnliv\u00fdm po\u010das\u00edm.<\/p>\n\n\n\n<p>A\u0165 u\u017e se chyst\u00e1te na ly\u017ee nebo na v\u00fdlet do tepl\u00fdch krajin, spr\u00e1vn\u00e9 vybaven\u00ed je kl\u00ed\u010dov\u00e9. Na sjezdovce budete pot\u0159ebovat spr\u00e1vn\u00e9 oble\u010den\u00ed a ly\u017ea\u0159skou v\u00fdbavu, zat\u00edmco p\u0159i cest\u011b do tepl\u00fdch krajin se vyplat\u00ed zajistit si vhodnou ochranu proti slunci a lehk\u00e9 a prody\u0161n\u00e9 oble\u010den\u00ed.<\/p>\n\n\n\n<p>Mnoho turistick\u00fdch destinac\u00ed nab\u00edz\u00ed v zim\u011b speci\u00e1ln\u00ed atrakce a akce. Proto se vyplat\u00ed zjistit, jak\u00e9 atrakce jsou ve v\u00e1mi zvolen\u00e9 destinaci v zimn\u00edm obdob\u00ed k dispozici. M\u016f\u017ee to b\u00fdt skv\u011bl\u00e1 p\u0159\u00edle\u017eitost k n\u00e1v\u0161t\u011bv\u011b m\u00edstn\u00edch festival\u016f, sv\u00e1tk\u016f nebo sportovn\u00edch akc\u00ed.<\/p>\n\n\n\n<figure class=\"wp-block-image size-full\"><img loading=\"lazy\" decoding=\"async\" width=\"1000\" height=\"667\" src=\"https:\/\/www.tui.cz\/blog\/wp-content\/uploads\/2023\/12\/Wakacje-w-styczniu-plaza-ostatnie-foto.webp\" alt=\"Zimn\u00ed dovolen\u00e1 v tepl\u00fdch kraj\u00edch, kr\u00e1sn\u00e1 pl\u00e1\u017e a v\u00fdhled na z\u00e1pad slunce\" class=\"wp-image-7240\" title=\"\" srcset=\"https:\/\/www.tui.cz\/blog\/wp-content\/uploads\/2023\/12\/Wakacje-w-styczniu-plaza-ostatnie-foto.webp 1000w, https:\/\/www.tui.cz\/blog\/wp-content\/uploads\/2023\/12\/Wakacje-w-styczniu-plaza-ostatnie-foto-600x400.webp 600w, https:\/\/www.tui.cz\/blog\/wp-content\/uploads\/2023\/12\/Wakacje-w-styczniu-plaza-ostatnie-foto-768x512.webp 768w, https:\/\/www.tui.cz\/blog\/wp-content\/uploads\/2023\/12\/Wakacje-w-styczniu-plaza-ostatnie-foto-585x390.webp 585w, https:\/\/www.tui.cz\/blog\/wp-content\/uploads\/2023\/12\/Wakacje-w-styczniu-plaza-ostatnie-foto-263x175.webp 263w\" sizes=\"auto, (max-width: 1000px) 100vw, 1000px\" \/><\/figure>\n\n\n\n<h2 class=\"wp-block-heading\">V\u00fdlety a dovolen\u00e1 v zim\u011b &#8211; je to dobr\u00fd n\u00e1pad?<\/h2>\n\n\n\n<p>V zim\u011b si mnoho lid\u00ed klade ot\u00e1zku, zda se vyplat\u00ed jet na dovolenou v obdob\u00ed, kter\u00e9 je spojeno p\u0159edev\u0161\u00edm s chladem a sn\u011bhem. S cestov\u00e1n\u00edm v zim\u011b je spojeno mnoho v\u00fdhod i nev\u00fdhod, proto se vyplat\u00ed p\u0159ed rozhodnut\u00edm promyslet n\u011bkolik aspekt\u016f.<\/p>\n\n\n\n<p>Obl\u00edben\u00e9 turistick\u00e9 destinace jsou v zim\u011b \u010dasto m\u00e9n\u011b p\u0159epln\u011bn\u00e9, co\u017e v\u00e1m umo\u017en\u00ed u\u017e\u00edt si klidn\u011bj\u0161\u00ed dovolenou. Mnoho ubytovac\u00edch za\u0159\u00edzen\u00ed a atrakc\u00ed nab\u00edz\u00ed mimo letn\u00ed sez\u00f3nu ni\u017e\u0161\u00ed ceny, co\u017e m\u016f\u017ee b\u00fdt v\u00fdhodn\u00e9 pro ty, kte\u0159\u00ed pl\u00e1nuj\u00ed cestu s omezen\u00fdm rozpo\u010dtem.<\/p>\n\n\n\n<h2 class=\"wp-block-heading\">Cestovn\u00ed kancel\u00e1\u0159 TUI &#8211; dovolen\u00e1 pro ka\u017ed\u00fd rozpo\u010det!<\/h2>\n\n\n\n<p>Vydejte se s cestovn\u00ed kancel\u00e1\u0159\u00ed TUI do tepl\u00fdch krajin &#8211; <a href=\"https:\/\/www.tui.cz\/last-minute\" target=\"_blank\" rel=\"noreferrer noopener\">dovolen\u00e1 Last minute v lednu<\/a> je t\u00edm nejlep\u0161\u00edm n\u00e1padem na rychlou, pohodovou a z\u00e1bavnou dovolenou. Tepl\u00e9 zem\u011b \u010dekaj\u00ed jen na v\u00e1s. Kam na dovolenou v lednu? Vydejte se na dovolenou do Egypta, na Tenerife nebo do Dubaje, za\u017eijte radost z odpo\u010dinku u oce\u00e1nu nebo mo\u0159e, oce\u0148te p\u0159\u00edjemnou teplotu vody.<\/p>\n\n\n\n<p>Pokud se nechcete starat o j\u00eddlo, vyberte si dovolenou se stravou<a href=\"https:\/\/www.tui.cz\/all-inclusive\" target=\"_blank\" rel=\"noreferrer noopener\"> All inclusive<\/a>. Za\u017eijte radost a svobodu a ulevte sv\u00e9mu cestovn\u00edmu rozpo\u010dtu v\u00fdb\u011brem hotelu s plnou penz\u00ed!<\/p>\n\n\n\n<p>Kdy\u017e se vyd\u00e1te na zimn\u00ed pr\u00e1zdniny v lednu s cestovn\u00ed kancel\u00e1\u0159\u00ed TUI, z\u00edsk\u00e1te plnou p\u00e9\u010di, kvalitn\u00ed slu\u017eby a cestovn\u00ed poji\u0161t\u011bn\u00ed. Kam se tedy vyd\u00e1te na svou nadch\u00e1zej\u00edc\u00ed dovolenou?<\/p>\n","protected":false},"excerpt":{"rendered":"<p>Zimn\u00ed Pr\u00e1zdniny v lednu se bl\u00ed\u017e\u00ed a vy st\u00e1le nev\u00edte, kam vyrazit na zimn\u00ed dovolenou sami nebo s d\u00edt\u011btem? Zimn\u00ed dovolen\u00e1 v zahrani\u010d\u00ed je skv\u011bl\u00fd n\u00e1pad, kter\u00fd v\u00e1m umo\u017en\u00ed poznat&hellip;<\/p>\n","protected":false},"author":44,"featured_media":7284,"comment_status":"open","ping_status":"closed","sticky":false,"template":"","format":"standard","meta":{"_lmt_disableupdate":"","_lmt_disable":"","footnotes":""},"categories":[182],"tags":[],"class_list":["post-7233","post","type-post","status-publish","format-standard","has-post-thumbnail","hentry","category-cestovani"],"home_img_url":"https:\/\/www.tui.cz\/blog\/wp-content\/uploads\/2023\/12\/Zimni-prazdniny-1-585x390.webp","home_img_alt":"Zimn\u00ed pr\u00e1zdniny na pl\u00e1\u017ei, v\u00fdhled na pl\u00e1\u017e a palmy","_links":{"self":[{"href":"https:\/\/www.tui.cz\/blog\/wp-json\/wp\/v2\/posts\/7233","targetHints":{"allow":["GET"]}}],"collection":[{"href":"https:\/\/www.tui.cz\/blog\/wp-json\/wp\/v2\/posts"}],"about":[{"href":"https:\/\/www.tui.cz\/blog\/wp-json\/wp\/v2\/types\/post"}],"author":[{"embeddable":true,"href":"https:\/\/www.tui.cz\/blog\/wp-json\/wp\/v2\/users\/44"}],"replies":[{"embeddable":true,"href":"https:\/\/www.tui.cz\/blog\/wp-json\/wp\/v2\/comments?post=7233"}],"version-history":[{"count":2,"href":"https:\/\/www.tui.cz\/blog\/wp-json\/wp\/v2\/posts\/7233\/revisions"}],"predecessor-version":[{"id":7285,"href":"https:\/\/www.tui.cz\/blog\/wp-json\/wp\/v2\/posts\/7233\/revisions\/7285"}],"wp:featuredmedia":[{"embeddable":true,"href":"https:\/\/www.tui.cz\/blog\/wp-json\/wp\/v2\/media\/7284"}],"wp:attachment":[{"href":"https:\/\/www.tui.cz\/blog\/wp-json\/wp\/v2\/media?parent=7233"}],"wp:term":[{"taxonomy":"category","embeddable":true,"href":"https:\/\/www.tui.cz\/blog\/wp-json\/wp\/v2\/categories?post=7233"},{"taxonomy":"post_tag","embeddable":true,"href":"https:\/\/www.tui.cz\/blog\/wp-json\/wp\/v2\/tags?post=7233"}],"curies":[{"name":"wp","href":"https:\/\/api.w.org\/{rel}","templated":true}]}}