{"id":7371,"date":"2024-02-22T12:34:35","date_gmt":"2024-02-22T11:34:35","guid":{"rendered":"https:\/\/www.tui.cz\/blog\/?p=7371"},"modified":"2024-02-22T12:56:33","modified_gmt":"2024-02-22T11:56:33","slug":"naplanujte-si-cestu-po-madeire","status":"publish","type":"post","link":"https:\/\/www.tui.cz\/blog\/naplanujte-si-cestu-po-madeire\/","title":{"rendered":"Naplanujte si cestu po Madei\u0159e"},"content":{"rendered":"\n<p><a href=\"https:\/\/www.tui.cz\/dovolena\/portugalsko\">Portugalsk\u00e1 <\/a>Madeira, kter\u00e1 se n\u00e1chaz\u00ed uprost\u0159ed\u00a0Atlantiku, je skute\u010dn\u00fd klenot mezi evropsk\u00fdmi ostrovy. Okouzl\u00ed ka\u017ed\u00fdm detailem &#8211; od \u00fa\u017easn\u00e9 fauny a fl\u00f3ry, p\u0159es kr\u00e1snou jarn\u00ed atmosf\u00e9ru, kter\u00e1 je tady po cel\u00fd rok, a\u017e po vynikaj\u00edc\u00ed kuchyni, kter\u00e1 pohlad\u00ed i ty nejvyb\u00edrav\u011bj\u0161\u00ed chu\u0165ov\u00e9 poh\u00e1rky (ryba s ban\u00e1nem chutn\u00e1 opravdu dob\u0159e). N\u00e1v\u0161t\u011bva Madeiry znamen\u00e1 nabit\u00fd program, a proto stoj\u00ed to za to se p\u0159edem sezn\u00e1mit s\u00a0 m\u00edsty, kter\u00e9 nesm\u00edte opomenout ve va\u0161\u00e9m pl\u00e1nu.<\/p>\n\n\n\n<h2 class=\"wp-block-heading\">Ponta do Pargo<\/h2>\n\n\n\n<p>Na nejz\u00e1padn\u011bj\u0161\u00edm v\u00fdb\u011b\u017eku ostrova <a href=\"https:\/\/www.tui.cz\/dovolena\/portugalsko\/madeira\">Madeira<\/a> se n\u00e1chaz\u00ed vyhl\u00eddkov\u00fd bod u m\u00e1jaku v&nbsp;Ponta do Pargo. I kdy\u017e je m\u00e1jak st\u00e1le funk\u010dn\u00ed, je \u010daste\u010dn\u011b p\u0159\u00edstupn\u00fd ve\u0159ejnost\u00ed skrz Muzeum v&nbsp;jedn\u00e9 z&nbsp;budov. Toto m\u00edsto v\u00e1m naskytne \u00fa\u017easn\u00fd pohled na Atlantsk\u00fd ocean a okoln\u00ed skaln\u00ed \u00fatvary. Stoj\u00ed na vrcholu \u00fatesu v nadmo\u0159sk\u00e9 v\u00fd\u0161ce 290 metr\u016f a umo\u017e\u0148uje v\u00fdhled na okoln\u00ed pob\u0159e\u017en\u00ed oblast vyzna\u010duj\u00edc\u00ed se impozantn\u00edmi \u00fatesy a zaj\u00edmav\u00fdm\u00ed misty, jako je Achadas da Cruz, kter\u00fd pat\u0159\u00ed do obce Porto Moniz.<\/p>\n\n\n\n<h2 class=\"wp-block-heading\">Les Fanal<\/h2>\n\n\n\n<figure class=\"wp-block-image size-full\"><img loading=\"lazy\" decoding=\"async\" width=\"760\" height=\"433\" src=\"https:\/\/www.tui.cz\/blog\/wp-content\/uploads\/2024\/02\/760x433_Fanal.webp\" alt=\"\" class=\"wp-image-7375\" title=\"\" srcset=\"https:\/\/www.tui.cz\/blog\/wp-content\/uploads\/2024\/02\/760x433_Fanal.webp 760w, https:\/\/www.tui.cz\/blog\/wp-content\/uploads\/2024\/02\/760x433_Fanal-600x342.webp 600w, https:\/\/www.tui.cz\/blog\/wp-content\/uploads\/2024\/02\/760x433_Fanal-585x333.webp 585w\" sizes=\"auto, (max-width: 760px) 100vw, 760px\" \/><\/figure>\n\n\n\n<p>Mystick\u00fd vav\u0159\u00ednov\u00fd prales Fanal je skute\u010dnou ikonou Madeiry. Nach\u00e1z\u00ed se v severoz\u00e1padn\u00ed \u010d\u00e1sti ostrova a p\u0159ibli\u017en\u011b 50 km od hlavn\u00edho m\u011bsta Funchal. Je to nejrozs\u00e1hlej\u0161\u00ed les tohoto typu, klasifikovan\u00fd jako prim\u00e1rn\u00ed (takov\u00e9 rostou pouze na Kan\u00e1rsk\u00fdch ostrovech, Azorsk\u00fdch ostrovech, Maroku a Madei\u0159e). N\u011bktere stromy zde jsou star\u00e9 a\u017e 600 let. Les p\u0159itahuje sv\u00fdm kouzlem, vytvo\u0159en\u00fdm tajemstv\u00edm, autenti\u010dnost\u00ed a divo\u010dinou. V m\u00edstn\u00ed komunit\u011b se \u0161\u00ed\u0159\u00ed mnoho legend t\u00fdkaj\u00edc\u00edch se lesa Fanal. \u0158\u00edk\u00e1 se tak\u00e9, \u017ee stromy ve Fanalu maj\u00ed moc plnit p\u0159\u00e1n\u00ed. Les Fanal je za\u0159azen\u00fd na Seznam sv\u011btov\u00e9ho d\u011bdictv\u00ed UNESCO.<\/p>\n\n\n\n<h2 class=\"wp-block-heading\">Jardim Botanico<\/h2>\n\n\n\n<p>Madeira je ostrov, na kter\u00e9mu dominuje tropick\u00e1 p\u0159\u00edroda a proto Botanick\u00e1 zahrada na Madei\u0159e (Jardim bot\u00e2nico da Madeira) je povinou zast\u00e1vkou na trase va\u0161eho v\u00fdletu Je skute\u010dn\u00fdm r\u00e1jem pro milovn\u00edky kr\u00e1sn\u00fdch rostlin. Nach\u00e1z\u00ed se asi 3 km na sever od m\u011bsta Funchal, m\u00e1 rozlohu cca 8 ha a v jej\u00ed sb\u00edrce je asi 2 000 druh\u016f rostlin ze v\u0161ech kontinent\u016f, n\u011bkter\u00e9 z nich jsou ohro\u017een\u00fdmi druhy v oblastech, ze kter\u00fdch poch\u00e1zej\u00ed. Obdiv vzbuzuj\u00ed nejenom samotn\u00e9 rostliny, ale i zp\u016fsob jejich vystaven\u00ed. Nejv\u011bt\u0161\u00ed atrakc\u00ed zahrady je vyhl\u00eddkov\u00fd bod, kter\u00fd nab\u00edz\u00ed panoramatick\u00fd v\u00fdhled na m\u011bsto.<\/p>\n\n\n\n<h2 class=\"wp-block-heading\">Porto Moniz<\/h2>\n\n\n\n<figure class=\"wp-block-image size-full\"><img loading=\"lazy\" decoding=\"async\" width=\"760\" height=\"433\" src=\"https:\/\/www.tui.cz\/blog\/wp-content\/uploads\/2024\/02\/760x433_Porto-Moniz.webp\" alt=\"\" class=\"wp-image-7376\" title=\"\" srcset=\"https:\/\/www.tui.cz\/blog\/wp-content\/uploads\/2024\/02\/760x433_Porto-Moniz.webp 760w, https:\/\/www.tui.cz\/blog\/wp-content\/uploads\/2024\/02\/760x433_Porto-Moniz-600x342.webp 600w, https:\/\/www.tui.cz\/blog\/wp-content\/uploads\/2024\/02\/760x433_Porto-Moniz-585x333.webp 585w\" sizes=\"auto, (max-width: 760px) 100vw, 760px\" \/><\/figure>\n\n\n\n<p>V&nbsp;oblasti Porto Moniz najdete dv\u011b vulkanick\u00e1 jez\u00edrka, kter\u00e9 jsou nejzn\u00e1m\u011bj\u0161\u00edm a jedine\u010dn\u00fdm p\u0159\u00edrodn\u00edm koupali\u0161t\u011bm na ostrov\u011b. D\u011blaj\u00ed na n\u00e1v\u0161t\u011bvn\u00edky \u00fa\u017easn\u00fd dojem a jsou skv\u011bl\u00fdm mstem pro z\u00e1bavu jak d\u011bt\u00ed, tak i dops\u011bl\u00fdch Nach\u00e1zej\u00ed se zde zde p\u0159evl\u00e9karny, sprchy a tak\u00e9 i mo\u017enosti ob\u010derstven\u00ed. Baz\u00e9ny jsou odd\u011bleny promen\u00e1dou \u2013 ty z\u00e1padn\u00ed jsou vhodn\u00e9 pro bezpe\u010dn\u00e9 koup\u00e1n\u00ed, zat\u00edmco v\u00fdchodn\u00ed baz\u00e9ny pot\u011b\u0161\u00ed ty, kte\u0159\u00ed se cht\u011bj\u00ed sp\u00ed\u0161e jen opalovat.<\/p>\n\n\n\n<h2 class=\"wp-block-heading\">Santana<\/h2>\n\n\n\n<figure class=\"wp-block-image size-full\"><img loading=\"lazy\" decoding=\"async\" width=\"760\" height=\"433\" src=\"https:\/\/www.tui.cz\/blog\/wp-content\/uploads\/2024\/02\/760x433_Santana.webp\" alt=\"\" class=\"wp-image-7377\" title=\"\" srcset=\"https:\/\/www.tui.cz\/blog\/wp-content\/uploads\/2024\/02\/760x433_Santana.webp 760w, https:\/\/www.tui.cz\/blog\/wp-content\/uploads\/2024\/02\/760x433_Santana-600x342.webp 600w, https:\/\/www.tui.cz\/blog\/wp-content\/uploads\/2024\/02\/760x433_Santana-585x333.webp 585w\" sizes=\"auto, (max-width: 760px) 100vw, 760px\" \/><\/figure>\n\n\n\n<p>Tento Santana nem\u00e1 nic spole\u010dn\u00e9ho se zvuky kytary (Carlos se narodil v Mexiku). Toto m\u011bste\u010dko p\u0159ipom\u00edn\u00e1 poh\u00e1dkovou krajinu, a proto v\u00e1m jeho jm\u00e9no utkv\u00ed v pam\u011bti. Okouzluj\u00edc\u00ed, barevn\u00e9, mal\u00e9 chatky se zahr\u00e1dkami jsou charakteristick\u00fdm znakem Santany. Krom\u011b tradi\u010dn\u00edch domk\u016f, kter\u00e9 jsou n\u011bkdy skryty v \u00fazk\u00fdch uli\u010dk\u00e1ch m\u011bsta, stoj\u00ed za to zaj\u00edt do 2 km vzd\u00e1len\u00e9ho Tematick\u00e9ho parku, kde se m\u016f\u017eete podrobn\u011b sezn\u00e1mit s histori\u00ed a tradicemi cel\u00e9ho ostrova.<\/p>\n\n\n\n<h2 class=\"wp-block-heading\">Praia de Calheta<\/h2>\n\n\n\n<p>Po dlouh\u00e9 prohl\u00eddce ostrova si zaslou\u017e\u00edte odpo\u010dinek, tak\u017ee m\u016f\u017eete vyrazit na pl\u00e1\u017e. Madeira m\u00e1 velmi m\u00e1lo typick\u00fdch p\u00edse\u010dn\u00fdch pl\u00e1\u017e\u00ed, v\u011bt\u0161ina je kamenit\u00e1 s&nbsp;\u010dern\u00fdm p\u00edskem. Jednou z nejzn\u00e1m\u011bj\u0161\u00edch je ve\u0159ejn\u00e1 pl\u00e1\u017e ve m\u011bst\u011b Calheta na jihu ostrova. Byla um\u011ble vytvo\u0159ena z p\u00edsku dov\u00e1\u017een\u00e9ho ze Sahary. Nedaleko se nach\u00e1z\u00ed p\u0159\u00edstav s promen\u00e1dou <\/p>\n\n\n\n<h2 class=\"wp-block-heading\">Pico Ruivo<\/h2>\n\n\n\n<p>Pico Ruivo je nejvy\u0161\u0161\u00ed vrchol Madeiry s nadmo\u0159skou v\u00fd\u0161kou 1862 m. M\u016f\u017eete se tam dostat pouze p\u011b\u0161ky, ale v\u00fd\u0161lap na vrchol v\u00e1m p\u0159inese spoustu z\u00e1\u017eitk\u016f. Trekking se doporu\u010duje zah\u00e1jit k jin\u00e9mu vrcholu, kter\u00fd je pova\u017eov\u00e1n za nejkr\u00e1sn\u011bj\u0161\u00ed v\u00fdhlidku na ostrov\u011b, tedy na Pico do Arieiro. Vybavte se vhodnou obuv\u00ed, vezm\u011bte s sebou dostatek vody (mus\u00edte uj\u00edt 11 km) a&#8230; vyra\u017ete zdol\u00e1vat vrcholy!<\/p>\n\n\n\n<h2 class=\"wp-block-heading\">Cabo Gir\u00e3o<\/h2>\n\n\n\n<p>Pro m\u00e9n\u011b zdatn\u00e9 chodce je tady je\u0161t\u011b jedn\u00e1 vyhl\u00eddka. Cabo Gir\u00e3o, kter\u00fd je p\u0159\u00edstupn\u00fd autem a je jedn\u00edm z nejvy\u0161\u0161\u00edch \u00fates\u016f v Evrop\u011b. Je to bezpochyby n\u00e1dhern\u00e9 m\u00edsto s \u00fachvatn\u00fdm v\u00fdhledem na cel\u00fd ostrov. \u00dates se nach\u00e1z\u00ed v nadmo\u0159sk\u00e9 v\u00fd\u0161ce 589 m &#8211; tuto v\u00fd\u0161ku poc\u00edt\u00edte zejm\u00e9na, kdy\u017e stoj\u00edte na sklen\u011bn\u00e9 podlaze.<\/p>\n\n\n\n<h2 class=\"wp-block-heading\">Poloostrov sv. Vav\u0159ince<\/h2>\n\n\n\n<p>Poloostrov sv. Vav\u0159ince je v\u00fdb\u011b\u017eek, kter\u00fd se nach\u00e1\u017e\u00ed ve v\u00fdchodn\u00ed \u010d\u00e1sti Madeiry. Tato nejvzd\u00e1len\u011bj\u0161\u00ed \u010d\u00e1st ostrova se m\u011bn\u00ed v z\u00e1vislosti na ro\u010dn\u00edm obdob\u00ed. Pokud se rozhodnete p\u0159ijet na Madeiru v l\u00e9t\u011b, toto m\u00edsto se prom\u011bn\u00ed v t\u00e9m\u011b\u0159 pou\u0161tn\u00ed krajinu, zat\u00edmco v zim\u011b bude pln\u00e9 zelen\u011b. Je to kr\u00e1sn\u00e9 m\u00edsto, ide\u00e1ln\u00ed pro trekking. M\u016f\u017eete zde spojit aktivitu s n\u00e1v\u0161t\u011bvou toho, co je na Madei\u0159e nejlep\u0161\u00ed \u2013 p\u0159\u00edrody.<\/p>\n\n\n\n<h2 class=\"wp-block-heading\">Funchal<\/h2>\n\n\n\n<figure class=\"wp-block-image size-full\"><img loading=\"lazy\" decoding=\"async\" width=\"760\" height=\"433\" src=\"https:\/\/www.tui.cz\/blog\/wp-content\/uploads\/2024\/02\/760x433_Funchal.webp\" alt=\"\" class=\"wp-image-7378\" title=\"\" srcset=\"https:\/\/www.tui.cz\/blog\/wp-content\/uploads\/2024\/02\/760x433_Funchal.webp 760w, https:\/\/www.tui.cz\/blog\/wp-content\/uploads\/2024\/02\/760x433_Funchal-600x342.webp 600w, https:\/\/www.tui.cz\/blog\/wp-content\/uploads\/2024\/02\/760x433_Funchal-585x333.webp 585w\" sizes=\"auto, (max-width: 760px) 100vw, 760px\" \/><\/figure>\n\n\n\n<p>M\u011bsto Funchal le\u017e\u00ed p\u0159\u00edmo u oceanu, na jihu ostrova. Prohl\u00eddku m\u016f\u017eete za\u010d\u00edt ve star\u00e9m m\u011bst\u011b, kde v\u00e1s okouzl\u00ed origin\u00e1ln\u00ed dve\u0159e malovan\u00e9 m\u00edstn\u00edmi um\u011blci. Tady vyzkou\u0161\u00edte tak\u00e9 m\u00edstn\u00ed lah\u016fdky v barech a restaurac\u00edch a nakoup\u00edte suven\u00fdry v obchodech, jejich\u017e nejv\u011bt\u0161\u00ed koncentrace je na hlavn\u00ed ulici Rua de Santa Maria. Jednou z hlavn\u00edch atrakc\u00ed m\u011bsta je lanovka z Funchalu do Monte, odkud je kr\u00e1sn\u00fd v\u00fdhled na m\u011bsto.<\/p>\n\n\n\n<p>Nedaleko m\u011bsta Funchal se nach\u00e1z\u00ed Monte, kter\u00e9 je zn\u00e1m\u00e9 d\u00edky n\u00e1dhern\u00e9 Tropick\u00e9 zahrad\u011b Monte Palace. Jsou zde jak endemick\u00e9 rostliny, tak rostliny z \u010c\u00edny a Japonska. Zp\u00e1te\u010dn\u00ed cestu z Monte do Funchalu zvl\u00e1dnete&#8230; na san\u00edch. V hlavn\u00edm m\u011bst\u011b jsou tak\u00e9 \u010detn\u00e1 muzea a kostely, nap\u0159\u00edklad zn\u00e1m\u00e1 katedr\u00e1la s kr\u00e1sn\u00fdm stropem. B\u011bhem pobytu ve Funchalu na v\u00e1s \u010dek\u00e1 je\u0161t\u011b jedna v\u011bc \u2013 selfie s Crisitanem Ronaldem je zaru\u010deno.<\/p>\n\n\n\n<p class=\"has-text-align-center\"><strong><a href=\"https:\/\/www.tui.cz\/dovolena\/vyhledavani-vysledku-letu?q=%3Aprice%3AbyPlane%3AT%3AdF%3A6%3AdT%3A8%3ActAdult%3A2%3ActChild%3A0%3Ac%3AFNC%3Ac%3APT%3AminHotelCategory%3AdefaultHotelCategory%3AtripAdvisorRating%3AdefaultTripAdvisorRating%3Abeach_distance%3AdefaultBeachDistance%3AtripType%3AWS&amp;fullPrice=false\">Zkontrolujte aktu\u00e1ln\u00ed nab\u00eddky pro Madeira &gt;<\/a><\/strong><\/p>\n","protected":false},"excerpt":{"rendered":"<p>Portugalsk\u00e1 Madeira, kter\u00e1 se n\u00e1chaz\u00ed uprost\u0159ed\u00a0Atlantiku, je skute\u010dn\u00fd klenot mezi evropsk\u00fdmi ostrovy. Okouzl\u00ed ka\u017ed\u00fdm detailem &#8211; od \u00fa\u017easn\u00e9 fauny a fl\u00f3ry, p\u0159es kr\u00e1snou jarn\u00ed atmosf\u00e9ru, kter\u00e1 je tady po cel\u00fd&hellip;<\/p>\n","protected":false},"author":44,"featured_media":7372,"comment_status":"open","ping_status":"closed","sticky":false,"template":"","format":"standard","meta":{"_lmt_disableupdate":"","_lmt_disable":"","footnotes":""},"categories":[182],"tags":[],"class_list":["post-7371","post","type-post","status-publish","format-standard","has-post-thumbnail","hentry","category-cestovani"],"home_img_url":"https:\/\/www.tui.cz\/blog\/wp-content\/uploads\/2024\/02\/760x433_Madera-585x390.webp","home_img_alt":"","_links":{"self":[{"href":"https:\/\/www.tui.cz\/blog\/wp-json\/wp\/v2\/posts\/7371","targetHints":{"allow":["GET"]}}],"collection":[{"href":"https:\/\/www.tui.cz\/blog\/wp-json\/wp\/v2\/posts"}],"about":[{"href":"https:\/\/www.tui.cz\/blog\/wp-json\/wp\/v2\/types\/post"}],"author":[{"embeddable":true,"href":"https:\/\/www.tui.cz\/blog\/wp-json\/wp\/v2\/users\/44"}],"replies":[{"embeddable":true,"href":"https:\/\/www.tui.cz\/blog\/wp-json\/wp\/v2\/comments?post=7371"}],"version-history":[{"count":4,"href":"https:\/\/www.tui.cz\/blog\/wp-json\/wp\/v2\/posts\/7371\/revisions"}],"predecessor-version":[{"id":7383,"href":"https:\/\/www.tui.cz\/blog\/wp-json\/wp\/v2\/posts\/7371\/revisions\/7383"}],"wp:featuredmedia":[{"embeddable":true,"href":"https:\/\/www.tui.cz\/blog\/wp-json\/wp\/v2\/media\/7372"}],"wp:attachment":[{"href":"https:\/\/www.tui.cz\/blog\/wp-json\/wp\/v2\/media?parent=7371"}],"wp:term":[{"taxonomy":"category","embeddable":true,"href":"https:\/\/www.tui.cz\/blog\/wp-json\/wp\/v2\/categories?post=7371"},{"taxonomy":"post_tag","embeddable":true,"href":"https:\/\/www.tui.cz\/blog\/wp-json\/wp\/v2\/tags?post=7371"}],"curies":[{"name":"wp","href":"https:\/\/api.w.org\/{rel}","templated":true}]}}