{"id":8299,"date":"2024-11-20T16:00:00","date_gmt":"2024-11-20T15:00:00","guid":{"rendered":"https:\/\/www.tui.cz\/blog\/?p=8299"},"modified":"2024-11-20T13:27:58","modified_gmt":"2024-11-20T12:27:58","slug":"je-potreba-pas-do-recka-letecky-aktualni-informace","status":"publish","type":"post","link":"https:\/\/www.tui.cz\/blog\/je-potreba-pas-do-recka-letecky-aktualni-informace\/","title":{"rendered":"Jak\u00e9 doklady do \u0158ecka letecky? Pas, nebo ob\u010danka?"},"content":{"rendered":"\n<p>Kdo by netou\u017eil alespo\u0148 jednou spo\u010dinout zrakem na legend\u00e1rn\u00edch antick\u00fdch pam\u00e1tk\u00e1ch, jako je legend\u00e1rn\u00ed Kn\u00f3ssos nebo starobyl\u00e9 Myk\u00e9ny, mlsat p\u0159itom vynikaj\u00edc\u00ed gyros a pohupovat se v rytmech zorby? <a href=\"https:\/\/www.tui.cz\/dovolena\/recko\" target=\"_blank\" rel=\"noreferrer noopener\">\u0158ecko<\/a> je mnohalet\u00fd cestovatelsk\u00fd evergreen, pro n\u011bj\u017e se u spousty cestovatel\u016f jen t\u011b\u017eko hled\u00e1 soupe\u0159. Chyst\u00e1te se do tohoto histori\u00ed, kulturou a \u00fachvatn\u00fdmi scen\u00e9riemi protkan\u00e9ho r\u00e1je poprv\u00e9? M\u00e1me pro v\u00e1s informace o tom, co s sebou budete pot\u0159ebovat, a co naopak rad\u011bji nechte doma.<\/p>\n\n\n\n<h2 class=\"wp-block-heading\">Doklady nutn\u00e9 pro cestu do \u0158ecka<\/h2>\n\n\n\n<p>Jeliko\u017e je \u0158ecko od roku 2004 \u010dlenem Evropsk\u00e9 unie, bude pro v\u00e1s vstup do zem\u011b bezprobl\u00e9movou polo\u017ekou na va\u0161\u00ed dovolen\u00e9. Sta\u010d\u00ed, kdy\u017e sebe a celou svou rodinu vybav\u00edte pr\u016fkazem toto\u017enosti, je\u017e je platn\u00fd po dobu pobytu, kter\u00fd str\u00e1v\u00edte na \u00fazem\u00ed \u0158ecka. Cestovn\u00ed pas nebo ob\u010dansk\u00fd pr\u016fkaz v\u0161ak mus\u00ed m\u00edt cel\u00e1 va\u0161e v\u00fdprava v\u010detn\u011b d\u011bt\u00ed \u2013 nebude v\u00e1m tedy sta\u010dit, \u017ee je m\u00e1te pouze zapsan\u00e9 v ob\u010dance.<\/p>\n\n\n\n<p>Na leti\u0161t\u00edch se m\u016f\u017eete setkat s t\u00edm, \u017ee po v\u00e1s bude celn\u00ed kontrola po\u017eadovat \u201epassport\u201c, a tak se n\u011bkdo m\u016f\u017ee p\u0159eci jen vyd\u011bsit, \u017ee je pot\u0159eba pas do \u0158ecka letecky. Nemus\u00edte se v\u0161ak b\u00e1t, tento po\u017eadavek se zde vztahuje na jak\u00fdkoliv typ dokladu a opravdu v\u00e1m sta\u010d\u00ed jen ob\u010dansk\u00fd pr\u016fkaz.<\/p>\n\n\n\n<figure class=\"wp-block-gallery has-nested-images columns-default is-cropped wp-block-gallery-1 is-layout-flex wp-block-gallery-is-layout-flex\">\n<figure class=\"wp-block-image size-full\"><img loading=\"lazy\" decoding=\"async\" width=\"1000\" height=\"678\" data-id=\"8300\" src=\"https:\/\/www.tui.cz\/blog\/wp-content\/uploads\/2024\/11\/PHOTO1-2.jpg\" alt=\"cestovn\u00ed pas na leti\u0161ti\" class=\"wp-image-8300\" style=\"aspect-ratio:1\" title=\"\" srcset=\"https:\/\/www.tui.cz\/blog\/wp-content\/uploads\/2024\/11\/PHOTO1-2.jpg 1000w, https:\/\/www.tui.cz\/blog\/wp-content\/uploads\/2024\/11\/PHOTO1-2-600x407.jpg 600w, https:\/\/www.tui.cz\/blog\/wp-content\/uploads\/2024\/11\/PHOTO1-2-768x521.jpg 768w, https:\/\/www.tui.cz\/blog\/wp-content\/uploads\/2024\/11\/PHOTO1-2-585x397.jpg 585w\" sizes=\"auto, (max-width: 1000px) 100vw, 1000px\" \/><\/figure>\n<\/figure>\n\n\n\n<h3 class=\"wp-block-heading\">Propadl\u00fd cestovn\u00ed doklad \u2013 dovolen\u00e1 v ohro\u017een\u00ed<\/h3>\n\n\n\n<p>P\u0159esto\u017ee platnost cestovn\u00edch doklad\u016f je v \u0158ecku vy\u017eadov\u00e1na pouze na dobu va\u0161eho pobytu na \u00fazem\u00ed zem\u011b, co\u017e je oproti jin\u00fdm zem\u00edm (kde to je zpravidla n\u011bkolik m\u011bs\u00edc\u016f po jej\u00edm opu\u0161t\u011bn\u00ed) velmi benevolentn\u00ed, m\u016f\u017ee se v\u00e1m st\u00e1t, \u017ee va\u0161e cestovn\u00ed doklady p\u0159eci jen t\u011bsn\u011b p\u0159ed cestou propadnou.<\/p>\n\n\n\n<p>V tomto p\u0159\u00edpad\u011b je\u0161t\u011b m\u016f\u017eete svou dovolenou zachr\u00e1nit. Sta\u010d\u00ed zab\u011bhnout na jak\u00fdkoliv \u00fa\u0159ad obce s roz\u0161\u00ed\u0159enou p\u016fsobnost\u00ed, \u00fa\u0159ad jedn\u00e9 z m\u011bstsk\u00fdch \u010d\u00e1st\u00ed v Praze nebo na Ministerstvo vnitra \u010cesk\u00e9 republiky a za\u017e\u00e1dat si o nov\u00e1 cestovn\u00ed pas nebo ob\u010dansk\u00fd pr\u016fkaz expresn\u011b, a to ve lh\u016ft\u011b 5 dn\u00ed nebo 24 hodin. Za tuto slu\u017ebu si sice pon\u011bkud p\u0159iplat\u00edte, v p\u0159\u00edpad\u011b, \u017ee je v\u0161ak ohro\u017een odjezd na dovolenou, je podobn\u00e1 mo\u017enost k nezaplacen\u00ed.<\/p>\n\n\n\n<figure class=\"wp-block-image size-full\"><img loading=\"lazy\" decoding=\"async\" width=\"1000\" height=\"667\" src=\"https:\/\/www.tui.cz\/blog\/wp-content\/uploads\/2024\/11\/PHOTO2-3.jpg\" alt=\"Pes na leti\u0161ti s pasem\" class=\"wp-image-8301\" title=\"\" srcset=\"https:\/\/www.tui.cz\/blog\/wp-content\/uploads\/2024\/11\/PHOTO2-3.jpg 1000w, https:\/\/www.tui.cz\/blog\/wp-content\/uploads\/2024\/11\/PHOTO2-3-600x400.jpg 600w, https:\/\/www.tui.cz\/blog\/wp-content\/uploads\/2024\/11\/PHOTO2-3-768x512.jpg 768w, https:\/\/www.tui.cz\/blog\/wp-content\/uploads\/2024\/11\/PHOTO2-3-585x390.jpg 585w, https:\/\/www.tui.cz\/blog\/wp-content\/uploads\/2024\/11\/PHOTO2-3-263x175.jpg 263w\" sizes=\"auto, (max-width: 1000px) 100vw, 1000px\" \/><\/figure>\n\n\n\n<h3 class=\"wp-block-heading\">Kdy\u017e chete jet autem, nebo s sebou vz\u00edt chlupat\u00e9ho mil\u00e1\u010dka<\/h3>\n\n\n\n<p>Pokud m\u00e1te dom\u00e1c\u00edho mazl\u00ed\u010dka, bez n\u011bho\u017e neud\u011bl\u00e1te ani krok, a tak cestuje v\u0161ude s v\u00e1mi, bez platn\u00e9ho cestovn\u00edho pasu se tak\u00e9 neobejde, a to s vypln\u011bn\u00fdmi informacemi o proveden\u00fdch o\u010dkov\u00e1n\u00edch (bli\u017e\u0161\u00ed informace o cestov\u00e1n\u00ed se zv\u00ed\u0159aty do zahrani\u010d\u00ed si m\u016f\u017eete p\u0159e\u010d\u00edst na str\u00e1nk\u00e1ch St\u00e1tn\u00ed veterin\u00e1rn\u00ed spr\u00e1vy \u010cesk\u00e9 republiky).<\/p>\n\n\n\n<p>Jestli\u017ee byste si v zemi r\u00e1di vozidlo p\u016fj\u010dili a objevovali kr\u00e1sy \u0158ecka na vlastn\u00ed p\u011bst, nemus\u00edte si za\u0159izovat mezin\u00e1rodn\u00ed \u0159idi\u010dsk\u00fd pr\u016fkaz. Bohat\u011b v\u00e1m posta\u010d\u00ed v\u00e1\u0161 vlastn\u00ed \u0159idi\u010d\u00e1k, technick\u00fd pr\u016fkaz auta a zelen\u00e1 karta.<\/p>\n\n\n\n<h2 class=\"wp-block-heading\">Celn\u00ed p\u0159edpisy \u2013 do si m\u016f\u017eete zabalit s sebou<\/h2>\n\n\n\n<p>Ka\u017ed\u00fd st\u00e1t m\u00e1 stanoven\u00e1 pravidla o tom, co do zem\u011b m\u016f\u017eete bezceln\u011b p\u0159iv\u00e9zt nebo jak\u00e9 produkty se nesm\u00ed vyv\u00e1\u017eet. I \u0158ecko takov\u00e9 p\u0159edpisy m\u00e1, vesm\u011bs se v\u0161ak jedn\u00e1 o pom\u011brn\u011b vysok\u00e9 mno\u017estevn\u00ed limity. Pokud tedy chcete jen nakoupit p\u00e1r suven\u00fdr\u016f nebo si s sebou z \u010ceska p\u0159iv\u00e9zt l\u00e1hev alkoholu na tr\u00e1ven\u00ed, p\u0159\u00edli\u0161 omezovat se rozhodn\u011b nemus\u00edte. Obecn\u011b v\u0161ak plat\u00ed podm\u00ednka, \u017ee zbo\u017e\u00ed m\u016f\u017ee b\u00fdt ur\u010deno jen k osobn\u00ed spot\u0159eb\u011b, nikoliv pro \u00fa\u010dely obchodu.<\/p>\n\n\n\n<figure class=\"wp-block-image size-full\"><img loading=\"lazy\" decoding=\"async\" width=\"1000\" height=\"667\" src=\"https:\/\/www.tui.cz\/blog\/wp-content\/uploads\/2024\/11\/PHOTO3-3.jpg\" alt=\"\u0159eck\u00e1 vlajka, letadlo\" class=\"wp-image-8302\" title=\"\" srcset=\"https:\/\/www.tui.cz\/blog\/wp-content\/uploads\/2024\/11\/PHOTO3-3.jpg 1000w, https:\/\/www.tui.cz\/blog\/wp-content\/uploads\/2024\/11\/PHOTO3-3-600x400.jpg 600w, https:\/\/www.tui.cz\/blog\/wp-content\/uploads\/2024\/11\/PHOTO3-3-768x512.jpg 768w, https:\/\/www.tui.cz\/blog\/wp-content\/uploads\/2024\/11\/PHOTO3-3-585x390.jpg 585w, https:\/\/www.tui.cz\/blog\/wp-content\/uploads\/2024\/11\/PHOTO3-3-263x175.jpg 263w\" sizes=\"auto, (max-width: 1000px) 100vw, 1000px\" \/><\/figure>\n\n\n\n<h3 class=\"wp-block-heading\">Co si m\u016f\u017eete vz\u00edt s sebou<\/h3>\n\n\n\n<p>Pokud pl\u00e1nujete dovolenou v \u0158ecku, pak si s sebou m\u016f\u017eete dov\u00e9zt a\u017e:<\/p>\n\n\n\n<p>&#8211; 10 l alkoholick\u00fdch n\u00e1poj\u016f s obsahem alkoholu vy\u0161\u0161\u00edm ne\u017e 22 %<br \/>&#8211; 20 l meziproduktu (nap\u0159. vermut, lik\u00e9r apod.)<br \/>&#8211; 90 l v\u00edna, z toho u \u0161umiv\u00fdch v\u00edn 60 litr\u016f<br \/>&#8211; 110 l piva<br \/>&#8211; 800 ks cigaret<br \/>&#8211; 400 ks cigarillos (kr\u00e1tk\u00fdch doutn\u00edk\u016f) a doutn\u00edk\u016f o v\u00e1ze men\u0161\u00ed ne\u017e 3 g\/kus<br \/>&#8211; 200 ks ostatn\u00edch doutn\u00edk\u016f<br \/>&#8211; 1 kg tab\u00e1ku.<\/p>\n\n\n\n<p>Tak\u00e9 si s sebou m\u016f\u017eete vz\u00edt maxim\u00e1ln\u011b 10 000 EUR \u010di ekvivalent t\u00e9to \u010d\u00e1stky v jin\u00e9 m\u011bn\u011b, a pokud u\u017e\u00edv\u00e1te l\u00e9ky, je povoleno pouze mno\u017estv\u00ed dostate\u010dn\u00e9 pro vlastn\u00ed spot\u0159ebu.<\/p>\n\n\n\n<figure class=\"wp-block-image size-full\"><img loading=\"lazy\" decoding=\"async\" width=\"1000\" height=\"667\" src=\"https:\/\/www.tui.cz\/blog\/wp-content\/uploads\/2024\/11\/PHOTO4-3.jpg\" alt=\"mu\u0161le ve sklenici na pl\u00e1\u017ei\" class=\"wp-image-8303\" title=\"\" srcset=\"https:\/\/www.tui.cz\/blog\/wp-content\/uploads\/2024\/11\/PHOTO4-3.jpg 1000w, https:\/\/www.tui.cz\/blog\/wp-content\/uploads\/2024\/11\/PHOTO4-3-600x400.jpg 600w, https:\/\/www.tui.cz\/blog\/wp-content\/uploads\/2024\/11\/PHOTO4-3-768x512.jpg 768w, https:\/\/www.tui.cz\/blog\/wp-content\/uploads\/2024\/11\/PHOTO4-3-585x390.jpg 585w, https:\/\/www.tui.cz\/blog\/wp-content\/uploads\/2024\/11\/PHOTO4-3-263x175.jpg 263w\" sizes=\"auto, (max-width: 1000px) 100vw, 1000px\" \/><\/figure>\n\n\n\n<h3 class=\"wp-block-heading\">Co se nesm\u00ed a na co si d\u00e1t pozor<\/h3>\n\n\n\n<p>Jestli\u017ee si neopat\u0159\u00edte speci\u00e1ln\u00ed povolen\u00ed, vyvarujte se dovozu i v\u00fdvozu zbran\u00ed a st\u0159eliva, tak\u00e9 l\u00e9k\u016f ur\u010den\u00fdch pro jin\u00e9 \u00fa\u010dely ne\u017e pro vlastn\u00ed spot\u0159ebu, d\u00e1le staro\u017eitnost\u00ed, um\u011bleck\u00fdch p\u0159edm\u011bt\u016f, chr\u00e1n\u011bn\u00fdch rostlin, zv\u00ed\u0159at a p\u0159\u00edrodnin. Pokud byste si tedy cht\u011bli <a href=\"https:\/\/www.tui.cz\/blog\/pamatky-z-recka-co-si-privezt-ze-zeme-tisice-ostrovu\/\" target=\"_blank\" rel=\"noreferrer noopener\">p\u0159iv\u00e9zt z dovolen\u00e9<\/a> sklenici mu\u0161l\u00ed z pl\u00e1\u017ee, kupte si ji rad\u011bji v obchod\u011b, abyste neriskovali, \u017ee v\u00e1m suven\u00fdr na leti\u0161ti zabav\u00ed.<\/p>\n\n\n\n<figure class=\"wp-block-image size-full\"><img loading=\"lazy\" decoding=\"async\" width=\"1000\" height=\"668\" src=\"https:\/\/www.tui.cz\/blog\/wp-content\/uploads\/2024\/11\/PHOTO5-2.jpg\" alt=\"cestovn\u00ed poji\u0161t\u011bn\u00ed - dokumenty\" class=\"wp-image-8304\" title=\"\" srcset=\"https:\/\/www.tui.cz\/blog\/wp-content\/uploads\/2024\/11\/PHOTO5-2.jpg 1000w, https:\/\/www.tui.cz\/blog\/wp-content\/uploads\/2024\/11\/PHOTO5-2-600x401.jpg 600w, https:\/\/www.tui.cz\/blog\/wp-content\/uploads\/2024\/11\/PHOTO5-2-768x513.jpg 768w, https:\/\/www.tui.cz\/blog\/wp-content\/uploads\/2024\/11\/PHOTO5-2-585x391.jpg 585w, https:\/\/www.tui.cz\/blog\/wp-content\/uploads\/2024\/11\/PHOTO5-2-263x175.jpg 263w\" sizes=\"auto, (max-width: 1000px) 100vw, 1000px\" \/><\/figure>\n\n\n\n<h2 class=\"wp-block-heading\">Jak je to s poji\u0161t\u011bn\u00edm a o\u010dkov\u00e1n\u00edm?<\/h2>\n\n\n\n<p>\u0158ecko je zem\u011b Evropsk\u00e9 unie, tak\u017ee \u017e\u00e1dn\u00e1 povinn\u00e1 ani doporu\u010den\u00e1 o\u010dkov\u00e1n\u00ed p\u0159i jeho n\u00e1v\u0161t\u011bv\u011b \u0159e\u0161it nemus\u00edte. Jeliko\u017e maj\u00ed nav\u00edc ob\u010dan\u00e9 EU disponuj\u00edc\u00ed pr\u016fkazem zdravotn\u00ed poji\u0161\u0165ovny v ostatn\u00edch \u010dlensk\u00fdch zem\u00edch n\u00e1rok na nutnou a neodkladnou zdravotn\u00ed p\u00e9\u010di, nemus\u00edte m\u00edt v \u0158ecku p\u0159\u00edli\u0161n\u00e9 obavy ani z mo\u017en\u00fdch zran\u011bn\u00ed.<\/p>\n\n\n\n<p>I p\u0159esto v\u0161ak doporu\u010dujeme vy\u0159\u00eddit si <a href=\"https:\/\/www.tui.cz\/cestovni-pojisteni\" target=\"_blank\" rel=\"noreferrer noopener\">cestovn\u00ed poji\u0161t\u011bn\u00ed<\/a>, a to p\u0159edev\u0161\u00edm proto, \u017ee z\u00e1kladn\u00ed o\u0161et\u0159en\u00ed nemus\u00ed pokr\u00fdvat ve\u0161ker\u00e9 n\u00e1klady. Pokud by na va\u0161\u00ed dovolen\u00e9 tedy nedej bo\u017ee do\u0161lo ke zran\u011bn\u00ed, fin\u00e1ln\u00ed cena va\u0161eho o\u0161et\u0159en\u00ed bez cestovn\u00edho poji\u0161t\u011bn\u00ed m\u016f\u017ee b\u00fdt po\u0159\u00e1dn\u011b vysok\u00e1. Na str\u00e1nk\u00e1ch TUI si proto m\u016f\u017eete cestovn\u00ed poji\u0161t\u011bn\u00ed z\u0159\u00eddit na p\u00e1r kliknut\u00ed.<\/p>\n\n\n\n<figure class=\"wp-block-image size-full\"><img loading=\"lazy\" decoding=\"async\" width=\"1000\" height=\"667\" src=\"https:\/\/www.tui.cz\/blog\/wp-content\/uploads\/2024\/11\/PHOTO6-3.jpg\" alt=\"lukice v Kefalonii, \u0158ecko\" class=\"wp-image-8305\" title=\"\" srcset=\"https:\/\/www.tui.cz\/blog\/wp-content\/uploads\/2024\/11\/PHOTO6-3.jpg 1000w, https:\/\/www.tui.cz\/blog\/wp-content\/uploads\/2024\/11\/PHOTO6-3-600x400.jpg 600w, https:\/\/www.tui.cz\/blog\/wp-content\/uploads\/2024\/11\/PHOTO6-3-768x512.jpg 768w, https:\/\/www.tui.cz\/blog\/wp-content\/uploads\/2024\/11\/PHOTO6-3-585x390.jpg 585w, https:\/\/www.tui.cz\/blog\/wp-content\/uploads\/2024\/11\/PHOTO6-3-263x175.jpg 263w\" sizes=\"auto, (max-width: 1000px) 100vw, 1000px\" \/><\/figure>\n\n\n\n<h2 class=\"wp-block-heading\">Praktick\u00e9 rady pro cestu do \u0158ecka<\/h2>\n\n\n\n<p><a href=\"https:\/\/www.tui.cz\/blog\/tyden-v-recku-co-si-vzit-s-sebou\/\" target=\"_blank\" rel=\"noreferrer noopener\">\u0158ecko<\/a> je pro n\u00e1s opravdu dostupnou zem\u00ed, a tak toho nen\u00ed mnoho, na co by si \u010dlov\u011bk m\u011bl d\u00e1vat speci\u00e1ln\u00ed pozor. Typy z\u00e1suvek jsou zde stejn\u00e9 jako u n\u00e1s, platby prob\u00edhaj\u00ed v eurech, a \u0158ekov\u00e9 dokonce preferuj\u00ed platby kartou (hotov\u011b m\u016f\u017eete v \u0158ecku platit pouze \u010d\u00e1stky pod 500 EUR) a anglicky se domluv\u00edte prakticky na v\u0161ech alespo\u0148 trochu turisticky dostupn\u00fdch m\u00edstech.<\/p>\n\n\n\n<p>Zem\u011b je velmi bezpe\u010dn\u00e1 a krom\u011b dorbn\u00fdch kr\u00e1de\u017e\u00ed, je\u017e jsou rizikem ve v\u0161ech turistick\u00fdch atrakc\u00ed na sv\u011bt\u011b, kde se kumuluje v\u00edce lid\u00ed, se nem\u00e1te \u010deho ob\u00e1vat. Pokud byste se zde cht\u011bli nap\u00edt sv\u011b\u017e\u00ed kohoutkov\u00e9 vody, nemus\u00edte m\u00edt strach, \u017ee si pohraje s va\u0161imi vnit\u0159nostmi. Nechutn\u00e1 ov\u0161em nejl\u00e9pe (p\u0159ede\u0161v\u00edm na \u0159eck\u00fdch ostrovech m\u00e1 slanou p\u0159\u00edchu\u0165), tak\u017ee je p\u0159esto doporu\u010dov\u00e1no konzumovat zde vodu balenou. Zaj\u00edmav\u00fd z\u00e1\u017eitek na v\u00e1s pak m\u016f\u017ee \u010dekat, pokud pou\u017eijete \u0159eckou toaletu. V zemi je toti\u017e zvykem vyhazovat toaletn\u00ed pap\u00edr do p\u0159ipraven\u00fdch n\u00e1dob vedle toalety, a to z d\u016fvodu ne p\u0159\u00edli\u0161 byteln\u00e9ho kanaliza\u010dn\u00edho syst\u00e9mu.<\/p>\n\n\n\n<figure class=\"wp-block-image size-full\"><img loading=\"lazy\" decoding=\"async\" width=\"1000\" height=\"416\" src=\"https:\/\/www.tui.cz\/blog\/wp-content\/uploads\/2024\/11\/PHOTO7-2.jpg\" alt=\"Ruiny Pantheonu, \u0158ecko\" class=\"wp-image-8306\" title=\"\" srcset=\"https:\/\/www.tui.cz\/blog\/wp-content\/uploads\/2024\/11\/PHOTO7-2.jpg 1000w, https:\/\/www.tui.cz\/blog\/wp-content\/uploads\/2024\/11\/PHOTO7-2-600x250.jpg 600w, https:\/\/www.tui.cz\/blog\/wp-content\/uploads\/2024\/11\/PHOTO7-2-768x319.jpg 768w, https:\/\/www.tui.cz\/blog\/wp-content\/uploads\/2024\/11\/PHOTO7-2-585x243.jpg 585w\" sizes=\"auto, (max-width: 1000px) 100vw, 1000px\" \/><\/figure>\n\n\n\n<h2 class=\"wp-block-heading\">Vydejte se s TUI do \u0158ecka<\/h2>\n\n\n\n<p>U\u017e se nem\u016f\u017eete do\u010dkat, a\u017e na vlastn\u00ed o\u010di uvid\u00edte p\u016fsobiv\u00fd m\u00ednojsk\u00fd pal\u00e1c Kn\u00f3ssos, projdete se po b\u00edlo-modr\u00e9m <a href=\"https:\/\/www.tui.cz\/dovolena\/recko\/korfu\" target=\"_blank\" rel=\"noreferrer noopener\">Korfu<\/a> nebo si ud\u011bl\u00e1te fotku se z\u00e1tokou sv. Pavla ve tvaru srdce na <a href=\"https:\/\/www.tui.cz\/dovolena\/recko\/rhodos\" target=\"_blank\" rel=\"noreferrer noopener\">Rhodosu<\/a>? Zkontrolujte sv\u00e9 cestovn\u00ed doklady, p\u0159\u00edpadn\u011b do pen\u011b\u017eenky p\u0159iho\u010fte i \u0159idi\u010dsk\u00fd pr\u016fkaz a vydejte se na zaslou\u017eenou dovolenou. Z pobytu v \u0158ecku, kter\u00fd d\u00edky \u0161irok\u00e9 <a href=\"http:\/\/tui.cz\" target=\"_blank\" rel=\"noreferrer noopener\">nab\u00eddce TUI<\/a> m\u016f\u017eete pln\u011b p\u0159izp\u016fsobit sv\u00fdm pot\u0159eb\u00e1m, si odvezete dokonal\u00e9 z\u00e1\u017eitky, perfektn\u00ed op\u00e1len\u00ed i spoustu energie!<\/p>\n","protected":false},"excerpt":{"rendered":"<p>Kdo by netou\u017eil alespo\u0148 jednou spo\u010dinout zrakem na legend\u00e1rn\u00edch antick\u00fdch pam\u00e1tk\u00e1ch, jako je legend\u00e1rn\u00ed Kn\u00f3ssos nebo starobyl\u00e9 Myk\u00e9ny, mlsat p\u0159itom vynikaj\u00edc\u00ed gyros a pohupovat se v rytmech zorby? \u0158ecko je&hellip;<\/p>\n","protected":false},"author":49,"featured_media":8307,"comment_status":"open","ping_status":"closed","sticky":false,"template":"","format":"standard","meta":{"_lmt_disableupdate":"","_lmt_disable":"","footnotes":""},"categories":[182],"tags":[],"class_list":["post-8299","post","type-post","status-publish","format-standard","has-post-thumbnail","hentry","category-cestovani"],"home_img_url":"https:\/\/www.tui.cz\/blog\/wp-content\/uploads\/2024\/11\/PHOTOMAIN-3-585x390.jpg","home_img_alt":"Ruiny Poseidonova chr\u00e1mu, \u0158ecko","_links":{"self":[{"href":"https:\/\/www.tui.cz\/blog\/wp-json\/wp\/v2\/posts\/8299","targetHints":{"allow":["GET"]}}],"collection":[{"href":"https:\/\/www.tui.cz\/blog\/wp-json\/wp\/v2\/posts"}],"about":[{"href":"https:\/\/www.tui.cz\/blog\/wp-json\/wp\/v2\/types\/post"}],"author":[{"embeddable":true,"href":"https:\/\/www.tui.cz\/blog\/wp-json\/wp\/v2\/users\/49"}],"replies":[{"embeddable":true,"href":"https:\/\/www.tui.cz\/blog\/wp-json\/wp\/v2\/comments?post=8299"}],"version-history":[{"count":1,"href":"https:\/\/www.tui.cz\/blog\/wp-json\/wp\/v2\/posts\/8299\/revisions"}],"predecessor-version":[{"id":8308,"href":"https:\/\/www.tui.cz\/blog\/wp-json\/wp\/v2\/posts\/8299\/revisions\/8308"}],"wp:featuredmedia":[{"embeddable":true,"href":"https:\/\/www.tui.cz\/blog\/wp-json\/wp\/v2\/media\/8307"}],"wp:attachment":[{"href":"https:\/\/www.tui.cz\/blog\/wp-json\/wp\/v2\/media?parent=8299"}],"wp:term":[{"taxonomy":"category","embeddable":true,"href":"https:\/\/www.tui.cz\/blog\/wp-json\/wp\/v2\/categories?post=8299"},{"taxonomy":"post_tag","embeddable":true,"href":"https:\/\/www.tui.cz\/blog\/wp-json\/wp\/v2\/tags?post=8299"}],"curies":[{"name":"wp","href":"https:\/\/api.w.org\/{rel}","templated":true}]}}