{"id":8531,"date":"2025-02-05T16:08:00","date_gmt":"2025-02-05T15:08:00","guid":{"rendered":"https:\/\/www.tui.cz\/blog\/?p=8531"},"modified":"2025-02-05T11:24:08","modified_gmt":"2025-02-05T10:24:08","slug":"meteora-recko-jak-navstivit-tento-skvost","status":"publish","type":"post","link":"https:\/\/www.tui.cz\/blog\/meteora-recko-jak-navstivit-tento-skvost\/","title":{"rendered":"Meteora \u0158ecko: Jak nav\u0161t\u00edvit tento unik\u00e1tn\u00ed skvost?"},"content":{"rendered":"\n<p>Cel\u00e9 <a href=\"https:\/\/www.tui.cz\/dovolena\/recko\" target=\"_blank\" rel=\"noreferrer noopener\">\u0158ecko<\/a> je zn\u00e1m\u00e9 neuv\u011b\u0159iteln\u00fdm mo\u017estv\u00edm \u00fa\u017easn\u00fdch starobyl\u00fdch pam\u00e1tek, spojen\u00fdm se starod\u00e1vn\u00fdmi bohy, a p\u0159\u00edrodn\u00edch unik\u00e1t\u016f, kter\u00e9 sem ka\u017edoro\u010dn\u011b l\u00e1kaj\u00ed turisty z cel\u00e9ho sv\u011bta. Mezi jedny z nejkr\u00e1sn\u011bj\u0161\u00edch m\u00edst se \u0159ad\u00ed i m\u00edsto zvan\u00e9 Meteora. Tyto neoby\u010dejn\u00e9 sk\u00e1ly, na nich\u017e se ty\u010d\u00ed p\u016fsobiv\u00e9 kl\u00e1\u0161tery v \u010dele s kl\u00e1\u0161terem Nejsv\u011bt\u011bj\u0161\u00ed Trojice, maj\u00ed jedine\u010dnou historii a v\u00fdznam a v\u00fdlet sem by m\u011bl podniknout ka\u017ed\u00fd spr\u00e1vn\u00fd turista. Co jsou vlastn\u011b za\u010d a na co byste m\u011bli p\u0159i sv\u00e9 n\u00e1v\u0161t\u011bv\u011b pamatovat?<\/p>\n\n\n\n<figure class=\"wp-block-image size-full\"><img loading=\"lazy\" decoding=\"async\" width=\"1000\" height=\"667\" src=\"https:\/\/www.tui.cz\/blog\/wp-content\/uploads\/2025\/02\/PHOTO1-2.jpg\" alt=\"Kl\u00e1\u0161ter Meteora v mrac\u00edch, \u0158ecko\" class=\"wp-image-8532\" title=\"\" srcset=\"https:\/\/www.tui.cz\/blog\/wp-content\/uploads\/2025\/02\/PHOTO1-2.jpg 1000w, https:\/\/www.tui.cz\/blog\/wp-content\/uploads\/2025\/02\/PHOTO1-2-600x400.jpg 600w, https:\/\/www.tui.cz\/blog\/wp-content\/uploads\/2025\/02\/PHOTO1-2-768x512.jpg 768w, https:\/\/www.tui.cz\/blog\/wp-content\/uploads\/2025\/02\/PHOTO1-2-585x390.jpg 585w, https:\/\/www.tui.cz\/blog\/wp-content\/uploads\/2025\/02\/PHOTO1-2-263x175.jpg 263w\" sizes=\"auto, (max-width: 1000px) 100vw, 1000px\" \/><\/figure>\n\n\n\n<h2 class=\"wp-block-heading\">Kl\u00e1\u0161tery Meteora aneb skaln\u00ed stavby mezi pluj\u00edc\u00edmi mraky<\/h2>\n\n\n\n<p>Kl\u00e1\u0161tery Meteora pat\u0159\u00ed k nejpozoruhodn\u011bj\u0161\u00edm m\u00edst\u016fm v cel\u00e9 Evrop\u011b. Nach\u00e1zej\u00ed se ve st\u0159edn\u00edm <a href=\"https:\/\/www.tui.cz\/blog\/je-potreba-pas-do-recka-letecky-aktualni-informace\/\" target=\"_blank\" rel=\"noreferrer noopener\">\u0158ecku<\/a> v oblasti Thes\u00e1lie, a jsou jedn\u00edm z nejv\u00fdznamn\u011bj\u0161\u00edch mni\u0161sk\u00fdch center v cel\u00e9 zemi. Skaln\u00ed p\u00edskovcov\u00e9 \u00fatvary, kter\u00e9 se ty\u010d\u00ed a\u017e 400 metr\u016f nad okoln\u00ed krajinu, vznikly p\u0159ibli\u017en\u011b p\u0159ed 60 miliony let a jsou v\u00fdsledkem erozn\u00edho procesu. Jsou jedine\u010dn\u00e9 nejen d\u00edky sv\u00e9 geologii, ale tak\u00e9 kl\u00e1\u0161ter\u016fm, kter\u00e9 na nich byly vysvatv\u011bny a je\u017e jako by visely mezi nebem a zem\u00ed.<\/p>\n\n\n\n<p>Prvn\u00ed mni\u0161i p\u0159i\u0161li do skaln\u00edch jeskyn\u00ed ji\u017e v 9. stolet\u00ed, hledaj\u00edce zde samotu pro sv\u00e9 duchovn\u00ed rozj\u00edm\u00e1n\u00ed, op\u0159ed nimi zde v\u0161ak je\u0161t\u011b \u017eili byzan\u0165an\u00e9. Ve 14. stolet\u00ed tu pak zalo\u017eil mnich Atan\u00e1\u0161 Meteorita prvn\u00ed kl\u00e1\u0161ter, Velk\u00fd Meteor, co\u017e podn\u00edtilo na t\u011b\u017eko p\u0159\u00edstupn\u00fdch vrcholech v\u00fdstavbu kl\u00e1\u0161ter\u016f dal\u0161\u00edch. V dob\u011b nejv\u011bt\u0161\u00edho rozkv\u011btu zde fungovalo a\u017e 24 z nich, p\u0159i\u010dem\u017e 6 kl\u00e1\u0161ter\u016f se dochovalo dodnes.<\/p>\n\n\n\n<p>Pravoslavn\u00e9 kl\u00e1\u0161tery, zapsan\u00e9 na Seznamu sv\u011btov\u00e9ho d\u011bdictv\u00ed <a href=\"https:\/\/www.tui.cz\/blog\/co-je-unesco-cinnost-v-kontextu-cestovniho-ruchu\/\" target=\"_blank\" rel=\"noreferrer noopener\">UNESCO<\/a>, jsou dnes nejen duchovn\u00edm centrem, ale tak\u00e9 jednou z nejv\u00fdznamn\u011bj\u0161\u00edch pam\u00e1tek v cel\u00e9m \u0158ecku \u2013 \u0159eck\u00e1 vl\u00e1da dokonce na ochranu kulturn\u00edho d\u011bdictv\u00ed tohoto m\u00edsta vydala samostatn\u00fd z\u00e1kon! Nen\u00ed se tak\u00e9 \u010demu divit, v\u017edy\u0165 kl\u00e1\u0161tery Meteora jsou dokonce naz\u00fdv\u00e1ny \u201eosm\u00fdm divem sv\u011bta\u201c.<\/p>\n\n\n\n<figure class=\"wp-block-image size-full\"><img loading=\"lazy\" decoding=\"async\" width=\"1000\" height=\"667\" src=\"https:\/\/www.tui.cz\/blog\/wp-content\/uploads\/2025\/02\/PHOTO2-2.jpg\" alt=\"Kl\u00e1\u0161ter Nejsv\u011bt\u011bj\u0161\u00ed Trojice v Metero\u0159e, \u0158ecko\" class=\"wp-image-8533\" title=\"\" srcset=\"https:\/\/www.tui.cz\/blog\/wp-content\/uploads\/2025\/02\/PHOTO2-2.jpg 1000w, https:\/\/www.tui.cz\/blog\/wp-content\/uploads\/2025\/02\/PHOTO2-2-600x400.jpg 600w, https:\/\/www.tui.cz\/blog\/wp-content\/uploads\/2025\/02\/PHOTO2-2-768x512.jpg 768w, https:\/\/www.tui.cz\/blog\/wp-content\/uploads\/2025\/02\/PHOTO2-2-585x390.jpg 585w, https:\/\/www.tui.cz\/blog\/wp-content\/uploads\/2025\/02\/PHOTO2-2-263x175.jpg 263w\" sizes=\"auto, (max-width: 1000px) 100vw, 1000px\" \/><\/figure>\n\n\n\n<h2 class=\"wp-block-heading\">Historie vzn\u00e1\u0161ej\u00edc\u00edch se kl\u00e1\u0161ter\u016f Meteora<\/h2>\n\n\n\n<p>Historie kl\u00e1\u0161ter\u016f Meteora je pln\u00e1 legend a mimo\u0159\u00e1dn\u00fdch ud\u00e1lost\u00ed, kter\u00e9 \u010din\u00ed toto m\u00edsto tak fascinuj\u00edc\u00edm \u2013 mni\u0161i \u00fadajn\u011b m\u00edsto vybrali nap\u0159\u00edkad proto, \u017ee bylo chr\u00e1n\u011bno and\u011bly. B\u011bhem 9. stolet\u00ed, kdy na m\u00edsto p\u0159i\u0161li mni\u0161i, byla obl\u00edben\u00e1 askeze a duchovn\u00ed izolace. Tento odlehl\u00fd a \u0161patn\u011b dostupn\u00fd prostor se tak stal ide\u00e1ln\u00edm m\u00edstem pro poustevn\u00edky, kte\u0159\u00ed se cht\u011bli v\u011bnovat modlitb\u00e1m a rozj\u00edm\u00e1n\u00ed. Prvn\u00ed mni\u0161i \u0161plhali po skal\u00e1ch jen pomoc\u00ed lan a provizorn\u00edch \u017eeb\u0159\u00edk\u016f, tak\u017ee kl\u00e1\u0161tern\u00ed prostory byly pro nezasv\u011bcen\u00e9 t\u00e9m\u011b\u0159 nep\u0159\u00edstupn\u00e9.<\/p>\n\n\n\n<p>Prvn\u00ed kl\u00e1\u0161ter, Velkou Meteoru, zalo\u017eil ve 14. stolet\u00ed mnich Atan\u00e1\u0161 Meteorit. Postupem \u010dasu vznikaly dal\u0161\u00ed kl\u00e1\u0161tery, kter\u00e9 se staly v\u00fdznamn\u00fdmi centry duchovn\u00edho a kulturn\u00edho \u017eivota. Pro jejich v\u00fdstavbu byly voleny v\u00fdhradn\u011b p\u0159\u00edrodn\u00ed materi\u00e1ly, a tak kl\u00e1\u0161tery vlastn\u011b jako by tvor\u0159ila p\u0159\u00eddorda sama. B\u011bhem tureck\u00e9 okupace pak hr\u00e1ly kl\u00e1\u0161tery d\u016fle\u017eitou roli p\u0159i zachov\u00e1n\u00ed \u0159eck\u00e9 kultury a n\u00e1rodn\u00ed identity, slou\u017eily toti\u017e jako \u00fato\u010di\u0161t\u011b a \u00falo\u017ei\u0161t\u011b cenn\u00fdch artefakt\u016f. Jejich jedine\u010dn\u00e1 poloha je chr\u00e1nila p\u0159ed mnoha hrozbami. Jejich interi\u00e9ry jsou nav\u00edc pln\u00e9 p\u0159en\u00e1dhern\u00fdch fresek a rukopis\u016f nedoz\u00edrn\u00e9 historick\u00e9 hodnoty, a tak nejsou pro oko lahodn\u00e9 jen zven\u010d\u00ed, ale i zevnit\u0159.<\/p>\n\n\n\n<figure class=\"wp-block-image size-full\"><img loading=\"lazy\" decoding=\"async\" width=\"1000\" height=\"667\" src=\"https:\/\/www.tui.cz\/blog\/wp-content\/uploads\/2025\/02\/PHOTO3-2.jpg\" alt=\"Cesta vedouc\u00ed ke kl\u00e1\u0161teru Meteora, \u0158ecko\" class=\"wp-image-8534\" title=\"\" srcset=\"https:\/\/www.tui.cz\/blog\/wp-content\/uploads\/2025\/02\/PHOTO3-2.jpg 1000w, https:\/\/www.tui.cz\/blog\/wp-content\/uploads\/2025\/02\/PHOTO3-2-600x400.jpg 600w, https:\/\/www.tui.cz\/blog\/wp-content\/uploads\/2025\/02\/PHOTO3-2-768x512.jpg 768w, https:\/\/www.tui.cz\/blog\/wp-content\/uploads\/2025\/02\/PHOTO3-2-585x390.jpg 585w, https:\/\/www.tui.cz\/blog\/wp-content\/uploads\/2025\/02\/PHOTO3-2-263x175.jpg 263w\" sizes=\"auto, (max-width: 1000px) 100vw, 1000px\" \/><\/figure>\n\n\n\n<h2 class=\"wp-block-heading\">Kl\u00e1\u0161tery Meteora \u2013 jak se sem dostanete?<\/h2>\n\n\n\n<p>V\u00fdlet do t\u00e9to kl\u00e1\u0161tern\u00ed Mekky na vrcholc\u00edch skal bude jedn\u00edm z vrchol\u016f va\u0161\u00ed n\u00e1v\u0161t\u011bvy <a href=\"https:\/\/www.tui.cz\/blog\/tyden-v-recku-co-si-vzit-s-sebou\/\" target=\"_blank\" rel=\"noreferrer noopener\">\u0158ecka<\/a>. Nejsnadn\u011bji se sem dostanete z m\u011bsta Kalambaka nebo z nedalek\u00e9 vesnice Kastraki, kde objev\u00edte pohodln\u00e9 mo\u017enosti ubytov\u00e1n\u00ed (abyste si u\u017eili kl\u00e1\u0161tery Metora, budete pot\u0159ebovat minim\u00e1ln\u011b dva dny). P\u0159itom se vyplat\u00ed po\u0159\u00eddit si aktu\u00e1ln\u00ed mapu, kter\u00e1 je k dost\u00e1n\u00ed v m\u00edstn\u00edch turistick\u00fdch informa\u010dn\u00edch centrech a je\u017e podrobn\u011b ukazuje turistick\u00e9 trasy vedouc\u00ed k jednotliv\u00fdm kl\u00e1\u0161ter\u016fm.<\/p>\n\n\n\n<p>V\u011bt\u0161ina kl\u00e1\u0161ter\u016f je dob\u0159e zna\u010den\u00e1 a p\u0159\u00edstupn\u00e1 pro p\u011b\u0161\u00ed turisty, i kdy\u017e k n\u011bkter\u00fdm je t\u0159eba zdolat strm\u00e9 schody. P\u0159i putov\u00e1n\u00ed od jednoho kl\u00e1\u0161tera ke druh\u00e9mu se m\u016f\u017eete kochat \u00fachvatn\u00fdmi v\u00fdhledy na okoln\u00ed krajinu, z n\u00ed\u017e se vyp\u00ednaj\u00ed k\u0159ivolak\u00e9 skaln\u00ed \u00fatvary. Na trase se vyplat\u00ed zastavit na vyhl\u00eddk\u00e1ch, kter\u00e9 nab\u00edzej\u00ed n\u00e1dhern\u00e1 panoramata.<\/p>\n\n\n\n<h3 class=\"wp-block-heading\">Z Ath\u00e9n, \u010di ze Solun\u011b? P\u011b\u0161ky, nebo tax\u00edkem?<\/h3>\n\n\n\n<p>Kl\u00e1\u0161tery Meterora m\u016f\u017eete nav\u0161t\u00edvit rovn\u011b\u017e po cest\u011b vlakem \u010di autobusem p\u0159\u00edmo z leti\u0161t\u011b v Soluni (258 km) \u010di cestou z Ath\u00e9n (355 km). Obl\u00edben\u00fdm v\u00fdletem je tak\u00e9 pro rekreanty, ji\u017e zvolili ubytov\u00e1n\u00ed na Olympsk\u00e9 rivi\u00e9\u0159e, odkud sem z m\u00edstn\u00edch letovisek \u010dasto vyj\u00ed\u017ed\u011bj\u00ed turistick\u00e9 autobusy.<\/p>\n\n\n\n<p>P\u0159\u00edmo ke kl\u00e1\u0161ter\u016fm pak 3x denn\u011b vyj\u00ed\u017ed\u011bj\u00ed autobusy z centra Kalambaky, kter\u00e9 postupn\u011b zastavuj\u00ed u v\u0161ech 6 kl\u00e1\u0161ter\u016f a jsou ide\u00e1ln\u00ed pro cestovatele na vlastn\u00ed p\u011bst. Ti se z Kalambaky v\u0161ak mohou vydat ke kl\u00e1\u0161ter\u016fm Meteora i po sv\u00fdch \u2013 nejvzd\u00e1len\u011bj\u0161\u00ed z kl\u00e1\u0161ter\u016f je Velk\u00e1 Meteora, kter\u00e1 je v\u0161ak z centra Kamalbaky vzd\u00e1len\u00e1 pouh\u00fdch 3,5 km, a tak se jedn\u00e1 o pohodlnou t\u00faru i pro fyzicky slab\u0161\u00ed jedince. Kdo by se pak necht\u011bl v\u016fbec nam\u00e1hat, m\u016f\u017ee si v Kalambace zalatit cca 5hodinov\u00fd v\u00fdlet minibusem s cestovkou, nebo si ke kl\u00e1\u0161ter\u016fm chytit jeden z m\u00edstn\u00edch tax\u00edk\u016f.<\/p>\n\n\n\n<h2 class=\"wp-block-heading\">Kl\u00e1\u0161tery Meteora: otev\u00edrac\u00ed doba a pravidla n\u00e1v\u0161t\u011bvy<\/h2>\n\n\n\n<p>Ka\u017ed\u00fd ze 6 funguj\u00edc\u00edch kl\u00e1\u0161ter\u016f m\u00e1 vlastn\u00ed otev\u00edrac\u00ed dobu, kter\u00e1 se m\u016f\u017ee li\u0161it v z\u00e1vislosti na dni v t\u00fddnu a ro\u010dn\u00edm obdob\u00ed. Nejlep\u0161\u00ed je napl\u00e1novat si n\u00e1v\u0161t\u011bvu brzy r\u00e1no nebo pozd\u011b odpoledne, abyste se vyhnuli nejv\u011bt\u0161\u00edm dav\u016fm. P\u0159ed cestou je dobr\u00e9 ov\u011b\u0159it si aktu\u00e1ln\u00ed otev\u00edrac\u00ed dobu na ofici\u00e1ln\u00edch internetov\u00fdch str\u00e1nk\u00e1ch nebo v m\u00edstn\u00edch turistick\u00fdch informa\u010dn\u00edch centrech.<\/p>\n\n\n\n<figure class=\"wp-block-image size-full\"><img loading=\"lazy\" decoding=\"async\" width=\"1000\" height=\"550\" src=\"https:\/\/www.tui.cz\/blog\/wp-content\/uploads\/2025\/02\/PHOTO4-2.jpg\" alt=\"Kl\u00e1\u0161ter Varlaam, kl\u00e1\u0161tery meterora, \u0158ecko\" class=\"wp-image-8535\" title=\"\" srcset=\"https:\/\/www.tui.cz\/blog\/wp-content\/uploads\/2025\/02\/PHOTO4-2.jpg 1000w, https:\/\/www.tui.cz\/blog\/wp-content\/uploads\/2025\/02\/PHOTO4-2-600x330.jpg 600w, https:\/\/www.tui.cz\/blog\/wp-content\/uploads\/2025\/02\/PHOTO4-2-768x422.jpg 768w, https:\/\/www.tui.cz\/blog\/wp-content\/uploads\/2025\/02\/PHOTO4-2-585x322.jpg 585w\" sizes=\"auto, (max-width: 1000px) 100vw, 1000px\" \/><\/figure>\n\n\n\n<h3 class=\"wp-block-heading\">Pravidla obl\u00e9k\u00e1n\u00ed<\/h3>\n\n\n\n<p>M\u011bjte na pam\u011bti, \u017ee na tomto m\u00edst\u011b plat\u00ed specifick\u00e1 pravidla obl\u00e9k\u00e1n\u00ed \u2013 \u017eeny by m\u011bly nosit pouze dlouh\u00e9 sukn\u011b a mu\u017ei dlouh\u00e9 kalhoty. N\u011bkde je nav\u00edc zak\u00e1z\u00e1no fotografovat. Tato pravidla byla zavedena kv\u016fli zaji\u0161t\u011bn\u00ed n\u00e1le\u017eit\u00e9 \u00facty k bohoslu\u017eebn\u00fdm m\u00edst\u016fm a modl\u00edc\u00edm se osob\u00e1m, a tak doporu\u010dujeme tato kl\u00e1\u0161tern\u00ed pravidla v\u017edy dodr\u017eovat. K n\u00e1v\u0161t\u011bv\u011b tohoto kouzeln\u00e9ho d\u011bdictv\u00ed star\u00e9ho <a href=\"https:\/\/www.tui.cz\/blog\/recka-kuchyne-co-ochutnat-v-zemi-pradavne-mytologie\/\" target=\"_blank\" rel=\"noreferrer noopener\">\u0158ecka<\/a> si vyhra\u010fte dostatek \u010dasu, abyste p\u0159i objevov\u00e1n\u00ed Meteory nemuseli \u010dekat a mohli si toto m\u00edsto ze seznamu UNESCO n\u00e1le\u017eit\u011b u\u017e\u00edt.<\/p>\n\n\n\n<figure class=\"wp-block-image size-full\"><img loading=\"lazy\" decoding=\"async\" width=\"1000\" height=\"667\" src=\"https:\/\/www.tui.cz\/blog\/wp-content\/uploads\/2025\/02\/PHOTO5-2.jpg\" alt=\"Kl\u00e1\u0161tery Varlaam a Roussanou, Meteora, \u0158ecko\" class=\"wp-image-8536\" title=\"\" srcset=\"https:\/\/www.tui.cz\/blog\/wp-content\/uploads\/2025\/02\/PHOTO5-2.jpg 1000w, https:\/\/www.tui.cz\/blog\/wp-content\/uploads\/2025\/02\/PHOTO5-2-600x400.jpg 600w, https:\/\/www.tui.cz\/blog\/wp-content\/uploads\/2025\/02\/PHOTO5-2-768x512.jpg 768w, https:\/\/www.tui.cz\/blog\/wp-content\/uploads\/2025\/02\/PHOTO5-2-585x390.jpg 585w, https:\/\/www.tui.cz\/blog\/wp-content\/uploads\/2025\/02\/PHOTO5-2-263x175.jpg 263w\" sizes=\"auto, (max-width: 1000px) 100vw, 1000px\" \/><\/figure>\n\n\n\n<h3 class=\"wp-block-heading\">Vstupn\u00e9 jen na m\u00edst\u011b<\/h3>\n\n\n\n<p>N\u00e1v\u0161t\u011bvn\u00edci nad 12 let v kl\u00e1\u0161terech Meteroa zaplat\u00ed vstupn\u00e9 p\u0159\u00edmo na m\u00edst\u011b (nelze rezervovat online) ve v\u00fd\u0161i 5 EUR (mlad\u0161\u00ed n\u00e1v\u0161t\u011bvn\u00edci maj\u00ed vstup zdarma), ale pozor, vstupn\u00e9 se plat\u00ed pouze v hotovosti! Po zakoupen\u00ed vstupn\u00e9ho u\u017e m\u016f\u017eete objevovat jednotliv\u00e9 pravoslavn\u00e9 kl\u00e1\u0161tery, jako je Velk\u00fd kl\u00e1\u0161ter Metamorf\u00f3sis, Kl\u00e1\u0161ter Varlaam, Kl\u00e1\u0161ter Agia Triada (Svat\u00e1 Trojice), Kl\u00e1\u0161ter Agios Nikolaos Anapafsas (Sv. Mikul\u00e1\u0161 Anapafsas), Kl\u00e1\u0161ter Agios Stefanos (Sv. \u0160t\u011bp\u00e1n) a Kl\u00e1\u0161ter Roussanou.<\/p>\n\n\n\n<p>Posledn\u00ed dva z nich jsou kl\u00e1\u0161tery \u017eensk\u00fdmi, kter\u00e9 opl\u00fdvaj\u00ed nejen n\u00e1dhern\u00fdmi v\u00fdhledy i interi\u00e9ry, ale jejich n\u00e1v\u0161t\u011bva je i vynikaj\u00edc\u00ed p\u0159\u00edle\u017eitost\u00ed sezn\u00e1mit se s ka\u017edodenn\u00edm \u017eivotem mnich\u016f a \u00fa\u010dastnit se duchovn\u00edch praktik pravoslavn\u00e9 c\u00edrkve.<\/p>\n\n\n\n<figure class=\"wp-block-image size-full\"><img loading=\"lazy\" decoding=\"async\" width=\"1000\" height=\"750\" src=\"https:\/\/www.tui.cz\/blog\/wp-content\/uploads\/2025\/02\/PHOTO6-1.jpg\" alt=\"Kl\u00e1\u0161ter Ypapantis, Meteora, \u0158ecko\" class=\"wp-image-8537\" title=\"\" srcset=\"https:\/\/www.tui.cz\/blog\/wp-content\/uploads\/2025\/02\/PHOTO6-1.jpg 1000w, https:\/\/www.tui.cz\/blog\/wp-content\/uploads\/2025\/02\/PHOTO6-1-600x450.jpg 600w, https:\/\/www.tui.cz\/blog\/wp-content\/uploads\/2025\/02\/PHOTO6-1-768x576.jpg 768w, https:\/\/www.tui.cz\/blog\/wp-content\/uploads\/2025\/02\/PHOTO6-1-585x439.jpg 585w\" sizes=\"auto, (max-width: 1000px) 100vw, 1000px\" \/><\/figure>\n\n\n\n<h2 class=\"wp-block-heading\">Co v oblasti Meteory nesm\u00edte vynechat?<\/h2>\n\n\n\n<p>Jeden z nejkr\u00e1sn\u011bj\u0161\u00edch v\u00fdhled\u016f kl\u00e1\u0161ter\u016f Meteora je od kl\u00e1\u0161tera Nejsv\u011bt\u011bj\u0161\u00ed Trojice (Agia Triada). Vyhl\u00eddku proslavil film s Jamesem Bondem \u201eJen pro tv\u00e9 o\u010di\u201c a dostanetre se sem po dob\u0159e zna\u010den\u00fdch a p\u0159\u00edstupn\u00fdch stezk\u00e1ch. Krom\u011b \u017eensk\u00fdch kl\u00e1\u0161ter\u016f Meteora, je samoz\u0159ejm\u011b nasnad\u011b nav\u0161t\u00edvit i ty mu\u017esk\u00e9, kter\u00e9 co do historie a p\u016fsobiv\u00e9ho vhledu do praktik c\u00edrkve nez\u016fst\u00e1vaj\u00ed pozadu.<\/p>\n\n\n\n<p>Za n\u00e1v\u0161tevu stoj\u00ed pak i mal\u00fd kl\u00e1\u0161ter Ypapantis, je\u017e je doslova vt\u011bsnan\u00fd do skalni st\u011bny. P\u0159esto\u017ee ji\u017e nen\u00ed pou\u017e\u00edvan\u00fd a dostanete se k n\u011bmu jen p\u011b\u0161ky z vesnice Kastraki nebo od parkovi\u0161t\u011b u kl\u00e1\u0161tera Velk\u00e1 Meteora, v\u00fdlet k n\u011bmu bude jist\u011b jedn\u00edm z vrchol\u016f va\u0161\u00ed n\u00e1v\u0161t\u011bvy.<\/p>\n\n\n\n<figure class=\"wp-block-image size-full\"><img loading=\"lazy\" decoding=\"async\" width=\"1000\" height=\"611\" src=\"https:\/\/www.tui.cz\/blog\/wp-content\/uploads\/2025\/02\/PHOTOMAIN-2.jpg\" alt=\"Kl\u00e1\u0161tery Meteora, \u0158ecko\" class=\"wp-image-8539\" title=\"\" srcset=\"https:\/\/www.tui.cz\/blog\/wp-content\/uploads\/2025\/02\/PHOTOMAIN-2.jpg 1000w, https:\/\/www.tui.cz\/blog\/wp-content\/uploads\/2025\/02\/PHOTOMAIN-2-600x367.jpg 600w, https:\/\/www.tui.cz\/blog\/wp-content\/uploads\/2025\/02\/PHOTOMAIN-2-768x469.jpg 768w, https:\/\/www.tui.cz\/blog\/wp-content\/uploads\/2025\/02\/PHOTOMAIN-2-585x357.jpg 585w\" sizes=\"auto, (max-width: 1000px) 100vw, 1000px\" \/><\/figure>\n\n\n\n<h2 class=\"wp-block-heading\">Vydejte se s TUI objevovat kl\u00e1\u0161tery do Meteory<\/h2>\n\n\n\n<p><a href=\"https:\/\/www.tui.cz\/\" target=\"_blank\" rel=\"noreferrer noopener\">Nav\u0161tivte s TUI<\/a> jednu z nejp\u016fsobiv\u011bj\u0161\u00edch pam\u00e1tek sv\u011bta figuruj\u00edc\u00ed na Seznamu sv\u011btov\u00e9ho d\u011bdictv\u00ed UNESCO a pod\u00edvejte se na m\u00edsto, kde se mezi nebem a zem\u00ed zastavil \u010das. A\u0165 u\u017e si pro svou n\u00e1v\u0161t\u011bvu zvol\u00edte k ubytov\u00e1n\u00ed a jako v\u00fdchoz\u00ed bod Ath\u00e9ny, m\u011bsto Kalambaka nebo Olympskou rivi\u00e9ru, v\u00fdlet do oblasti kl\u00e1\u0161ter\u016f Meteora bude jist\u011b nad va\u0161e o\u010dek\u00e1v\u00e1n\u00ed a zap\u00ed\u0161e se v\u00e1m do pam\u011bti jako jeden z t\u011bch z\u00e1\u017eitk\u016f, kter\u00fd chyt\u00ed za srdce i nejv\u011bt\u0161\u00edho cynika. N\u00e1v\u0161tevu zdej\u0161\u00edch kon\u010din by ka\u017ed\u00fd n\u00e1v\u0161t\u011bvn\u00edk <a href=\"https:\/\/www.tui.cz\/blog\/pamatky-z-recka-co-si-privezt-ze-zeme-tisice-ostrovu\/\" target=\"_blank\" rel=\"noreferrer noopener\">\u0158ecka<\/a> m\u011bl pova\u017eovat za hlavn\u00ed c\u00edl sv\u00e9 cesty, a tak nev\u00e1hejte a vydejte se s TUI na cestu co nejd\u0159\u00edve!<\/p>\n","protected":false},"excerpt":{"rendered":"<p>Cel\u00e9 \u0158ecko je zn\u00e1m\u00e9 neuv\u011b\u0159iteln\u00fdm mo\u017estv\u00edm \u00fa\u017easn\u00fdch starobyl\u00fdch pam\u00e1tek, spojen\u00fdm se starod\u00e1vn\u00fdmi bohy, a p\u0159\u00edrodn\u00edch unik\u00e1t\u016f, kter\u00e9 sem ka\u017edoro\u010dn\u011b l\u00e1kaj\u00ed turisty z cel\u00e9ho sv\u011bta. Mezi jedny z nejkr\u00e1sn\u011bj\u0161\u00edch m\u00edst se&hellip;<\/p>\n","protected":false},"author":49,"featured_media":8538,"comment_status":"open","ping_status":"closed","sticky":false,"template":"","format":"standard","meta":{"_lmt_disableupdate":"","_lmt_disable":"","footnotes":""},"categories":[182],"tags":[],"class_list":["post-8531","post","type-post","status-publish","format-standard","has-post-thumbnail","hentry","category-cestovani"],"home_img_url":"https:\/\/www.tui.cz\/blog\/wp-content\/uploads\/2025\/02\/PHOTO7-585x390.jpg","home_img_alt":"V\u00fdhled na kl\u00e1\u0161tery Meteora, \u0158ecko","_links":{"self":[{"href":"https:\/\/www.tui.cz\/blog\/wp-json\/wp\/v2\/posts\/8531","targetHints":{"allow":["GET"]}}],"collection":[{"href":"https:\/\/www.tui.cz\/blog\/wp-json\/wp\/v2\/posts"}],"about":[{"href":"https:\/\/www.tui.cz\/blog\/wp-json\/wp\/v2\/types\/post"}],"author":[{"embeddable":true,"href":"https:\/\/www.tui.cz\/blog\/wp-json\/wp\/v2\/users\/49"}],"replies":[{"embeddable":true,"href":"https:\/\/www.tui.cz\/blog\/wp-json\/wp\/v2\/comments?post=8531"}],"version-history":[{"count":2,"href":"https:\/\/www.tui.cz\/blog\/wp-json\/wp\/v2\/posts\/8531\/revisions"}],"predecessor-version":[{"id":8542,"href":"https:\/\/www.tui.cz\/blog\/wp-json\/wp\/v2\/posts\/8531\/revisions\/8542"}],"wp:featuredmedia":[{"embeddable":true,"href":"https:\/\/www.tui.cz\/blog\/wp-json\/wp\/v2\/media\/8538"}],"wp:attachment":[{"href":"https:\/\/www.tui.cz\/blog\/wp-json\/wp\/v2\/media?parent=8531"}],"wp:term":[{"taxonomy":"category","embeddable":true,"href":"https:\/\/www.tui.cz\/blog\/wp-json\/wp\/v2\/categories?post=8531"},{"taxonomy":"post_tag","embeddable":true,"href":"https:\/\/www.tui.cz\/blog\/wp-json\/wp\/v2\/tags?post=8531"}],"curies":[{"name":"wp","href":"https:\/\/api.w.org\/{rel}","templated":true}]}}