{"id":8620,"date":"2025-02-12T10:45:07","date_gmt":"2025-02-12T09:45:07","guid":{"rendered":"https:\/\/www.tui.cz\/blog\/?p=8620"},"modified":"2025-02-12T10:45:09","modified_gmt":"2025-02-12T09:45:09","slug":"madeira-plaze-top-7-mist-ktera-nadchnou-kazdeho","status":"publish","type":"post","link":"https:\/\/www.tui.cz\/blog\/madeira-plaze-top-7-mist-ktera-nadchnou-kazdeho\/","title":{"rendered":"Madeira pl\u00e1\u017ee &#8211; Top 7 m\u00edst, kter\u00e1 nadchnou ka\u017ed\u00e9ho!"},"content":{"rendered":"\n<p>Malebn\u00e9 scen\u00e9rie a divok\u00e1 p\u0159\u00edroda nejsou jedin\u00fdmi p\u0159ednostmi, kter\u00fdmi se <a target=\"_blank\" rel=\"noreferrer noopener\" href=\"https:\/\/www.tui.cz\/dovolena\/portugalsko\/madeira\">Madeira<\/a> m\u016f\u017ee pochlubit. Pl\u00e1\u017ee na tomto jedine\u010dn\u00e9m ostrov\u011b pat\u0159\u00ed tak\u00e9 k t\u011bm velkolep\u00fdm, a to p\u0159edev\u0161\u00edm d\u00edky sv\u00e9 poloze, vzhledu a dechberouc\u00edm v\u00fdhled\u016fm. Na Madei\u0159e najdete r\u016fzn\u00e9 typy pl\u00e1\u017e\u00ed, nap\u0159\u00edklad pl\u00e1\u017ee s \u010dern\u00fdm sope\u010dn\u00fdm p\u00edskem a um\u011bl\u00e9 pl\u00e1\u017ee se zlat\u00fdm p\u00edskem. Kter\u00e9 z nich rozhodn\u011b stoj\u00ed za n\u00e1v\u0161t\u011bvu? Zde jsou n\u011bkter\u00e9 tipy!<\/p>\n\n\n\n<h2 class=\"wp-block-heading\">Praia de Machico<\/h2>\n\n\n\n<figure class=\"wp-block-image size-full\"><img loading=\"lazy\" decoding=\"async\" width=\"1000\" height=\"635\" src=\"https:\/\/www.tui.cz\/blog\/wp-content\/uploads\/2025\/02\/Praia-de-Machico.jpg\" alt=\"pl\u00e1\u017e Praia de Machico se zlat\u00fdm p\u00edskem\" class=\"wp-image-8622\" title=\"\" srcset=\"https:\/\/www.tui.cz\/blog\/wp-content\/uploads\/2025\/02\/Praia-de-Machico.jpg 1000w, https:\/\/www.tui.cz\/blog\/wp-content\/uploads\/2025\/02\/Praia-de-Machico-600x381.jpg 600w, https:\/\/www.tui.cz\/blog\/wp-content\/uploads\/2025\/02\/Praia-de-Machico-768x488.jpg 768w, https:\/\/www.tui.cz\/blog\/wp-content\/uploads\/2025\/02\/Praia-de-Machico-585x371.jpg 585w\" sizes=\"auto, (max-width: 1000px) 100vw, 1000px\" \/><\/figure>\n\n\n\n<p>Pl\u00e1\u017e se nach\u00e1z\u00ed na v\u00fdchodn\u00edm pob\u0159e\u017e\u00ed Madeiry a je pova\u017eov\u00e1na za jednu z nejkr\u00e1sn\u011bj\u0161\u00edch pl\u00e1\u017e\u00ed ostrova, kter\u00e1 zaujme p\u0159edev\u0161\u00edm sv\u00fdm zlatav\u00fdm p\u00edskem. A\u010dkoli v\u0161echny v\u00fdjime\u010dn\u00e9 pl\u00e1\u017ee na Madei\u0159e se obvykle vyzna\u010duj\u00ed tmav\u00fdm vulkanick\u00fdm p\u00edskem, Machico vynik\u00e1 t\u00edm, \u017ee jeho pl\u00e1\u017e byla um\u011ble dopln\u011bna p\u00edskem dovezen\u00fdm ze Sahary. D\u00edky tomu je ide\u00e1ln\u00ed pro ty, kte\u0159\u00ed hledaj\u00ed p\u00edse\u010dn\u00e9 pl\u00e1\u017ee, kde si mohou rozlo\u017eit ru\u010dn\u00edk a u\u017e\u00edvat si slune\u010dn\u00edho tepla. Klidn\u00e9 azurov\u00e9 vody Atlantiku vyb\u00edzej\u00ed ke koup\u00e1n\u00ed a pozvoln\u00fd vstup do vody z n\u00ed \u010din\u00ed obl\u00edbenou <a href=\"https:\/\/www.tui.cz\/blog\/dovolena-pro-jednoho-5-nejzajimavejsich-destinaci\/\" target=\"_blank\" rel=\"noreferrer noopener\">destinaci<\/a> pro rodiny s d\u011btmi.<\/p>\n\n\n\n<p>Na t\u00e9to jedn\u00e9 z nejunik\u00e1tn\u011bj\u0161\u00edch pl\u00e1\u017e\u00ed Madeiry jsou sprchy, restaurace a bary, tak\u017ee je ide\u00e1ln\u00ed pro celodenn\u00ed odpo\u010dinek. Z pl\u00e1\u017ee se nask\u00fdt\u00e1 kr\u00e1sn\u00fd v\u00fdhled na leti\u0161t\u011b &#8211; m\u016f\u017eete tak z n\u00ed pozorovat p\u0159ist\u00e1vaj\u00edc\u00ed letadla. V bl\u00edzkosti pl\u00e1\u017ee Praia de Machico se nach\u00e1z\u00ed promen\u00e1da ide\u00e1ln\u00ed pro romantick\u00e9 proch\u00e1zky, co\u017e je dal\u0161\u00ed v\u00fdhodou.<\/p>\n\n\n\n<h2 class=\"wp-block-heading\">Praia da Calheta<\/h2>\n\n\n\n<p>Jedno z m\u00e1la m\u00edst na ostrov\u011b, kter\u00e9 se vyzna\u010duje \u017elut\u00fdm p\u00edskem. Nach\u00e1z\u00ed se na ji\u017en\u00edm pob\u0159e\u017e\u00ed Madeiry a stejn\u011b jako na Machico byl p\u00edsek na tuto pl\u00e1\u017e dovezen z Afriky. Tato p\u00edse\u010dn\u00e1 pl\u00e1\u017e je chr\u00e1n\u011bna vlnolamy, kter\u00e9 br\u00e1n\u00ed odplavov\u00e1n\u00ed p\u00edsku vlnami oce\u00e1nu. Je to ide\u00e1ln\u00ed m\u00edsto pro rodiny s d\u011btmi a pro ty, kte\u0159\u00ed hledaj\u00ed bezpe\u010dn\u00e1 m\u00edsta ke koup\u00e1n\u00ed, proto\u017ee zdej\u0161\u00ed klidn\u00e9 azurov\u00e9 vody oce\u00e1nu vytv\u00e1\u0159ej\u00ed skute\u010dn\u00fd r\u00e1j pro milovn\u00edky odpo\u010dinku u vody.<\/p>\n\n\n\n<p>Pl\u00e1\u017eov\u00fd komplex v Calhet\u011b nab\u00edz\u00ed kompletn\u00ed infrastrukturu &#8211; jsou zde k dispozici bary, restaurace a p\u016fj\u010dovny vodn\u00edho vybaven\u00ed. Praia da Calheta s jemn\u00fdm p\u00edskem pod nohama a v\u00fdjime\u010dn\u00fdm v\u00fdhledem na oce\u00e1n je jedn\u00edm z nejlep\u0161\u00edch m\u00edst k odpo\u010dinku na Madei\u0159e. V okol\u00ed se nach\u00e1z\u00ed tak\u00e9 promen\u00e1da, po kter\u00e9 se m\u016f\u017eete proch\u00e1zet, obdivovat z\u00e1pady slunce a vychutn\u00e1vat si m\u00edstn\u00ed kuchyni.<\/p>\n\n\n\n<h2 class=\"wp-block-heading\"><strong>Praia do Porto do Seixal<\/strong><\/h2>\n\n\n\n<figure class=\"wp-block-image size-full\"><img loading=\"lazy\" decoding=\"async\" width=\"1000\" height=\"666\" src=\"https:\/\/www.tui.cz\/blog\/wp-content\/uploads\/2025\/02\/Praia-do-Porto-do-Seixal-1.jpg\" alt=\"pl\u00e1\u017e Seixal s \u010dern\u00fdm sope\u010dn\u00fdm p\u00edskem a malebn\u00fdm \u00fatesem\" class=\"wp-image-8625\" title=\"\" srcset=\"https:\/\/www.tui.cz\/blog\/wp-content\/uploads\/2025\/02\/Praia-do-Porto-do-Seixal-1.jpg 1000w, https:\/\/www.tui.cz\/blog\/wp-content\/uploads\/2025\/02\/Praia-do-Porto-do-Seixal-1-600x400.jpg 600w, https:\/\/www.tui.cz\/blog\/wp-content\/uploads\/2025\/02\/Praia-do-Porto-do-Seixal-1-768x511.jpg 768w, https:\/\/www.tui.cz\/blog\/wp-content\/uploads\/2025\/02\/Praia-do-Porto-do-Seixal-1-585x390.jpg 585w, https:\/\/www.tui.cz\/blog\/wp-content\/uploads\/2025\/02\/Praia-do-Porto-do-Seixal-1-263x175.jpg 263w\" sizes=\"auto, (max-width: 1000px) 100vw, 1000px\" \/><\/figure>\n\n\n\n<p>Skute\u010dn\u00fd klenot, kter\u00fd pot\u011b\u0161\u00ed \u010dern\u00fdm sope\u010dn\u00fdm p\u00edskem a malebn\u00fdm \u00fatesem. Tato mal\u00e1 pl\u00e1\u017e se nach\u00e1z\u00ed na severn\u00edm pob\u0159e\u017e\u00ed Madeiry a poskytuje nezapomenuteln\u00fd v\u00fdhled na azurov\u00e9 vody oce\u00e1nu, kter\u00e9 v kontrastu s tmav\u00fdm pob\u0159e\u017e\u00edm vytv\u00e1\u0159ej\u00ed mimo\u0159\u00e1dn\u00e9 prost\u0159ed\u00ed. Voda je k\u0159i\u0161\u0165\u00e1lov\u011b \u010dist\u00e1, ide\u00e1ln\u00ed ke koup\u00e1n\u00ed a obdivov\u00e1n\u00ed p\u0159\u00edrodn\u00edch kr\u00e1s ostrova. P\u0159esto\u017ee se pl\u00e1\u017e nach\u00e1z\u00ed na severn\u00edm pob\u0159e\u017e\u00ed, kde m\u016f\u017ee b\u00fdt po\u010das\u00ed prom\u011bnliv\u011bj\u0161\u00ed, jej\u00ed kouzlo a klid l\u00e1kaj\u00ed turisty, kte\u0159\u00ed na Madei\u0159e hledaj\u00ed neobvykl\u00e9 z\u00e1\u017eitky.<\/p>\n\n\n\n<p>V okol\u00ed pl\u00e1\u017ee Seixal se nach\u00e1zej\u00ed tak\u00e9 p\u0159\u00edrodn\u00ed vulkanick\u00e9 baz\u00e9ny, kter\u00e9 zaru\u010duj\u00ed jedine\u010dn\u00fd z\u00e1\u017eitek z koup\u00e1n\u00ed v oce\u00e1nu bez obav ze siln\u00fdch mo\u0159sk\u00fdch proud\u016f. Samotn\u00e1 pl\u00e1\u017e je ide\u00e1ln\u00edm m\u00edstem pro milovn\u00edky p\u0159\u00edrody, kte\u0159\u00ed cht\u011bj\u00ed uniknout z p\u0159epln\u011bn\u00fdch turistick\u00fdch m\u00edst a u\u017e\u00edt si klid, kter\u00fd severn\u00ed \u010d\u00e1st ostrova nab\u00edz\u00ed.<\/p>\n\n\n\n<h2 class=\"wp-block-heading\">P\u0159\u00edrodn\u00ed baz\u00e9ny Porto Moniz<\/h2>\n\n\n\n<figure class=\"wp-block-image size-full\"><img loading=\"lazy\" decoding=\"async\" width=\"768\" height=\"511\" src=\"https:\/\/www.tui.cz\/blog\/wp-content\/uploads\/2025\/02\/Porto-Moniz.jpg\" alt=\"P\u0159\u00edrodn\u00ed baz\u00e9ny Porto Moniz\" class=\"wp-image-8626\" title=\"\" srcset=\"https:\/\/www.tui.cz\/blog\/wp-content\/uploads\/2025\/02\/Porto-Moniz.jpg 768w, https:\/\/www.tui.cz\/blog\/wp-content\/uploads\/2025\/02\/Porto-Moniz-600x399.jpg 600w, https:\/\/www.tui.cz\/blog\/wp-content\/uploads\/2025\/02\/Porto-Moniz-585x389.jpg 585w, https:\/\/www.tui.cz\/blog\/wp-content\/uploads\/2025\/02\/Porto-Moniz-263x175.jpg 263w\" sizes=\"auto, (max-width: 768px) 100vw, 768px\" \/><\/figure>\n\n\n\n<p>V Porto Moniz najdete jedny z nejpozoruhodn\u011bj\u0161\u00edch p\u0159\u00edrodn\u00edch vulkanick\u00fdch baz\u00e9n\u016f na Madei\u0159e, ale i v cel\u00e9m <a target=\"_blank\" rel=\"noreferrer noopener\" href=\"https:\/\/www.tui.cz\/dovolena\/portugalsko\">Portugalsku<\/a>. Vznikly ztuhlou l\u00e1vou a jsou napln\u011bny pr\u016fzra\u010dnou vodou v Atlantsk\u00e9m oce\u00e1nu. Jejich jedine\u010dn\u00e1 poloha mezi rozeklan\u00fdmi \u00fatesy a k\u0159i\u0161\u0165\u00e1lov\u011b \u010dist\u00e1 voda \u010din\u00ed toto m\u00edsto naprosto unik\u00e1tn\u00edm.<\/p>\n\n\n\n<p>Je to tak\u00e9 m\u00edsto, kter\u00e9 p\u0159itahuje milovn\u00edky fotografov\u00e1n\u00ed d\u00edky n\u00e1dhern\u00fdm v\u00fdhled\u016fm a jedine\u010dn\u00e9 sope\u010dn\u00e9 krajin\u011b. Vzhledem k ostatn\u00edm skalnat\u00fdm a obl\u00e1zkov\u00fdm pl\u00e1\u017e\u00edm na ostrov\u011b jsou p\u0159\u00edrodn\u00ed baz\u00e9ny Porto Moniz jejich skv\u011blou alternativou, zejm\u00e9na pro ty, kte\u0159\u00ed cht\u011bj\u00ed za\u017e\u00edt n\u011bco \u00fapln\u011b jin\u00e9ho. S ka\u017edou vlnou se do baz\u00e9n\u016f vl\u00e9v\u00e1 oce\u00e1n, kter\u00fd osv\u011b\u017euje vodu a dod\u00e1v\u00e1 tomuto m\u00edstu jedine\u010dn\u00fd charakter.<\/p>\n\n\n\n<h2 class=\"wp-block-heading\">Praia Formosa<\/h2>\n\n\n\n<figure class=\"wp-block-image size-full\"><img loading=\"lazy\" decoding=\"async\" width=\"1000\" height=\"667\" src=\"https:\/\/www.tui.cz\/blog\/wp-content\/uploads\/2025\/02\/Formosa.jpg\" alt=\"pl\u00e1\u017e Praia Formosa\n\" class=\"wp-image-8627\" title=\"\" srcset=\"https:\/\/www.tui.cz\/blog\/wp-content\/uploads\/2025\/02\/Formosa.jpg 1000w, https:\/\/www.tui.cz\/blog\/wp-content\/uploads\/2025\/02\/Formosa-600x400.jpg 600w, https:\/\/www.tui.cz\/blog\/wp-content\/uploads\/2025\/02\/Formosa-768x512.jpg 768w, https:\/\/www.tui.cz\/blog\/wp-content\/uploads\/2025\/02\/Formosa-585x390.jpg 585w, https:\/\/www.tui.cz\/blog\/wp-content\/uploads\/2025\/02\/Formosa-263x175.jpg 263w\" sizes=\"auto, (max-width: 1000px) 100vw, 1000px\" \/><\/figure>\n\n\n\n<p>Nejv\u011bt\u0161\u00ed pl\u00e1\u017e ve Funchalu, hlavn\u00edm m\u011bst\u011b Madeiry, a jedno z nejobl\u00edben\u011bj\u0161\u00edch m\u00edst m\u00edstn\u00edch obyvatel i turist\u016f. Vyzna\u010duje se sm\u011bs\u00ed p\u00edse\u010dn\u00fdch a skalnat\u00fdch \u00fasek\u016f a \u00fa\u017easn\u00fdm v\u00fdhledem na oce\u00e1n. Je ide\u00e1ln\u00edm m\u00edstem pro ty, kte\u0159\u00ed cht\u011bj\u00ed str\u00e1vit den aktivn\u011b &#8211; lze se zde v\u011bnovat r\u016fzn\u00fdm vodn\u00edm sport\u016fm, proch\u00e1zet se po promen\u00e1d\u011b a vyu\u017e\u00edvat m\u00edstn\u00ed bary a restaurace.<\/p>\n\n\n\n<p>Pl\u00e1\u017e Formosa je tak\u00e9 ide\u00e1ln\u00edm m\u00edstem pro pozorov\u00e1n\u00ed z\u00e1pad\u016f slunce. Jej\u00ed \u010dern\u00fd sope\u010dn\u00fd p\u00edsek, kter\u00fd zde dominuje, kontrastuje s tyrkysov\u00fdmi vodami oce\u00e1nu a vytv\u00e1\u0159\u00ed tak dokonal\u00e9 m\u00edsto k odpo\u010dinku. V letn\u00ed sez\u00f3n\u011b ji hl\u00eddaj\u00ed plav\u010d\u00edci a d\u00edky bl\u00edzkosti restaurac\u00ed a kav\u00e1ren zde m\u016f\u017eete str\u00e1vit cel\u00fd den a kochat se kr\u00e1sn\u00fdm v\u00fdhledem a bohatou kulin\u00e1\u0159skou nab\u00eddkou.<\/p>\n\n\n\n<h2 class=\"wp-block-heading\">Prainha, Cani\u00e7al<\/h2>\n\n\n\n<p>Jedna z nejp\u016fvabn\u011bj\u0161\u00edch pl\u00e1\u017e\u00ed na Madei\u0159e. Je to skute\u010dn\u00e1 o\u00e1za klidu, ide\u00e1ln\u00ed pro ty, kte\u0159\u00ed hledaj\u00ed soukrom\u00ed a kontakt s p\u0159\u00edrodou. Prainha se vyzna\u010duje divokou, drsnou krajinou, obklopenou vysok\u00fdmi \u00fatesy, kter\u00e9 \u010din\u00ed toto m\u00edsto nesm\u00edrn\u011b malebn\u00fdm. K\u0159i\u0161\u0165\u00e1lov\u011b \u010dist\u00e1 voda a klidn\u00e1 atmosf\u00e9ra umo\u017e\u0148uj\u00ed zapomenout na shon ka\u017edodenn\u00edho \u017eivota a zcela se oddat relaxaci.<\/p>\n\n\n\n<p>\u00datesy obklopuj\u00edc\u00ed pl\u00e1\u017e poskytuj\u00ed dokonalou kulisu pro proch\u00e1zky a objevov\u00e1n\u00ed okoln\u00edch cest. Nedaleko Prainhi se nach\u00e1z\u00ed tak\u00e9 poloostrov Ponta de S\u00e3o Louren\u00e7o, kter\u00fd zaujme p\u016fsobiv\u00fdmi skaln\u00edmi \u00fatvary a \u00fachvatn\u00fdm v\u00fdhledem na oce\u00e1n. Je to ide\u00e1ln\u00ed m\u00edsto pro kombinaci odpo\u010dinku na pl\u00e1\u017ei s aktivn\u00ed dovolenou, nap\u0159\u00edklad p\u011b\u0161\u00edmi t\u00farami pod\u00e9l pob\u0159e\u017e\u00ed.<\/p>\n\n\n\n<h2 class=\"wp-block-heading\">Jardim do Mar<\/h2>\n\n\n\n<p>Obl\u00e1zkov\u00e1 pl\u00e1\u017e na z\u00e1padn\u00edm pob\u0159e\u017e\u00ed Madeiry, obklopen\u00e1 vysok\u00fdmi \u00fatesy, kterou si obl\u00edbili zejm\u00e9na milovn\u00edci divok\u00e9 p\u0159\u00edrody a klidn\u00e9 krajiny. P\u0159esto\u017ee se jedn\u00e1 o malou pl\u00e1\u017e pokrytou \u010dern\u00fdmi kameny, zaru\u010duje n\u00e1dhern\u00fd v\u00fdhled na oce\u00e1n a p\u016fsobiv\u00e9 vlny t\u0159\u00ed\u0161t\u00edc\u00ed se o skalnat\u00e9 pob\u0159e\u017e\u00ed. Je tak\u00e9 ide\u00e1ln\u00ed pro ty, kte\u0159\u00ed cht\u011bj\u00ed uniknout dav\u016fm lid\u00ed, a pro fotografick\u00e9 nad\u0161ence, kte\u0159\u00ed cht\u011bj\u00ed zachytit n\u00e1dhern\u00e9 z\u00e1pady slunce a \u00fachvatn\u00e9 v\u00fdhledy na Atlantik.<\/p>\n\n\n\n<p>P\u0159esto\u017ee siln\u00e9 proudy a vysok\u00e9 vlny znamenaj\u00ed, \u017ee koup\u00e1n\u00ed zde m\u016f\u017ee b\u00fdt riskantn\u00ed, pat\u0159\u00ed pl\u00e1\u017e k obl\u00edben\u00fdm c\u00edl\u016fm surfa\u0159\u016f, kte\u0159\u00ed sem p\u0159ij\u00ed\u017ed\u011bj\u00ed z cel\u00e9ho sv\u011bta, aby se p\u0159esv\u011bd\u010dili o s\u00edle Atlantick\u00e9ho oce\u00e1nu. Jardim do Mar je tak\u00e9 skv\u011bl\u00fdm m\u00edstem pro odpo\u010dinkov\u00e9 odpoledne uprost\u0159ed p\u0159\u00edrody a kr\u00e1sn\u00e9 krajiny. Toto m\u00edsto m\u00e1 sv\u00e9 jedine\u010dn\u00e9 kouzlo a rozhodn\u011b stoj\u00ed za n\u00e1v\u0161t\u011bvu t\u011bm, kte\u0159\u00ed cht\u011bj\u00ed objevit divo\u010dej\u0161\u00ed \u010d\u00e1st ostrova.<\/p>\n\n\n\n<h2 class=\"wp-block-heading\">Doprava na pl\u00e1\u017ee Madeiry<\/h2>\n\n\n\n<p>Doprava na madeirsk\u00e9 pl\u00e1\u017ee je pom\u011brn\u011b snadn\u00e1, tak\u017ee n\u00e1v\u0161t\u011bvn\u00edci mohou snadno objevovat kr\u00e1sy ostrova. V\u011bt\u0161ina pl\u00e1\u017e\u00ed je dostupn\u00e1 autem, co\u017e z Madeiry \u010din\u00ed ide\u00e1ln\u00ed volbu pro ty, kte\u0159\u00ed si cht\u011bj\u00ed u\u017e\u00edt svobodu a flexibilitu. Auto si m\u016f\u017eete pronajmout p\u0159\u00edmo na leti\u0161ti nebo v n\u011bkter\u00e9 z mnoha p\u016fj\u010doven na ostrov\u011b. Pro ty, kte\u0159\u00ed d\u00e1vaj\u00ed p\u0159ednost ve\u0159ejn\u00e9 doprav\u011b, je k dispozici s\u00ed\u0165 autobus\u016f, kter\u00e9 spojuj\u00ed m\u011bsta a jednotliv\u00e9 pl\u00e1\u017ee. A\u0165 u\u017e zvol\u00edte jak\u00fdkoli zp\u016fsob dopravy, pl\u00e1\u017ee na Madei\u0159e jsou v\u017edy na dosah a \u010dekaj\u00ed na objeven\u00ed.<\/p>\n\n\n\n<p><\/p>\n","protected":false},"excerpt":{"rendered":"<p>Malebn\u00e9 scen\u00e9rie a divok\u00e1 p\u0159\u00edroda nejsou jedin\u00fdmi p\u0159ednostmi, kter\u00fdmi se Madeira m\u016f\u017ee pochlubit. Pl\u00e1\u017ee na tomto jedine\u010dn\u00e9m ostrov\u011b pat\u0159\u00ed tak\u00e9 k t\u011bm velkolep\u00fdm, a to p\u0159edev\u0161\u00edm d\u00edky sv\u00e9 poloze, vzhledu&hellip;<\/p>\n","protected":false},"author":44,"featured_media":8621,"comment_status":"open","ping_status":"closed","sticky":false,"template":"","format":"standard","meta":{"_lmt_disableupdate":"","_lmt_disable":"","footnotes":""},"categories":[182],"tags":[],"class_list":["post-8620","post","type-post","status-publish","format-standard","has-post-thumbnail","hentry","category-cestovani"],"home_img_url":"https:\/\/www.tui.cz\/blog\/wp-content\/uploads\/2025\/02\/Madeira-plaze-Top-7-mist-585x390.jpg","home_img_alt":"na obr\u00e1zku je pl\u00e1\u017e Painha na Madei\u0159e","_links":{"self":[{"href":"https:\/\/www.tui.cz\/blog\/wp-json\/wp\/v2\/posts\/8620","targetHints":{"allow":["GET"]}}],"collection":[{"href":"https:\/\/www.tui.cz\/blog\/wp-json\/wp\/v2\/posts"}],"about":[{"href":"https:\/\/www.tui.cz\/blog\/wp-json\/wp\/v2\/types\/post"}],"author":[{"embeddable":true,"href":"https:\/\/www.tui.cz\/blog\/wp-json\/wp\/v2\/users\/44"}],"replies":[{"embeddable":true,"href":"https:\/\/www.tui.cz\/blog\/wp-json\/wp\/v2\/comments?post=8620"}],"version-history":[{"count":1,"href":"https:\/\/www.tui.cz\/blog\/wp-json\/wp\/v2\/posts\/8620\/revisions"}],"predecessor-version":[{"id":8628,"href":"https:\/\/www.tui.cz\/blog\/wp-json\/wp\/v2\/posts\/8620\/revisions\/8628"}],"wp:featuredmedia":[{"embeddable":true,"href":"https:\/\/www.tui.cz\/blog\/wp-json\/wp\/v2\/media\/8621"}],"wp:attachment":[{"href":"https:\/\/www.tui.cz\/blog\/wp-json\/wp\/v2\/media?parent=8620"}],"wp:term":[{"taxonomy":"category","embeddable":true,"href":"https:\/\/www.tui.cz\/blog\/wp-json\/wp\/v2\/categories?post=8620"},{"taxonomy":"post_tag","embeddable":true,"href":"https:\/\/www.tui.cz\/blog\/wp-json\/wp\/v2\/tags?post=8620"}],"curies":[{"name":"wp","href":"https:\/\/api.w.org\/{rel}","templated":true}]}}