{"id":8643,"date":"2025-02-14T09:04:32","date_gmt":"2025-02-14T08:04:32","guid":{"rendered":"https:\/\/www.tui.cz\/blog\/?p=8643"},"modified":"2025-02-14T09:04:33","modified_gmt":"2025-02-14T08:04:33","slug":"co-delat-ve-verone-italie-pruvodce-plny-tipu","status":"publish","type":"post","link":"https:\/\/www.tui.cz\/blog\/co-delat-ve-verone-italie-pruvodce-plny-tipu\/","title":{"rendered":"Co d\u011blat ve Veron\u011b, It\u00e1lie? Pr\u016fvodce pln\u00fd tip\u016f"},"content":{"rendered":"\n<p>M\u011bsto l\u00e1sky, jedine\u010dn\u00e9 architektury, bohat\u00e9 historie a vynikaj\u00edc\u00edho j\u00eddla, kde si budete p\u0159ipadat jako v Shakespearov\u011b dramatu? To je Verona, m\u011bsto v severn\u00ed <a href=\"https:\/\/www.tui.cz\/dovolena\/italie\" target=\"_blank\" rel=\"noreferrer noopener\">It\u00e1lii<\/a>, kde se nach\u00e1z\u00ed tolik atrakc\u00ed a kouzeln\u00fdch m\u00edst, \u017ee je za svou dovolenou ani nestihnete obej\u00edt v\u0161echny. Co v\u0161echno ve Veron\u011b, m\u011bst\u011b Romea a Julie za\u017eijete? P\u0159e\u010dt\u011bte si na\u0161e tipy na skv\u011blou dovolenou ve Veron\u011b.<\/p>\n\n\n\n<figure class=\"wp-block-image size-full\"><img loading=\"lazy\" decoding=\"async\" width=\"1000\" height=\"667\" src=\"https:\/\/www.tui.cz\/blog\/wp-content\/uploads\/2025\/02\/PHOTO1-8.jpg\" alt=\"V\u00fdhled na Veronu\" class=\"wp-image-8644\" title=\"\" srcset=\"https:\/\/www.tui.cz\/blog\/wp-content\/uploads\/2025\/02\/PHOTO1-8.jpg 1000w, https:\/\/www.tui.cz\/blog\/wp-content\/uploads\/2025\/02\/PHOTO1-8-600x400.jpg 600w, https:\/\/www.tui.cz\/blog\/wp-content\/uploads\/2025\/02\/PHOTO1-8-768x512.jpg 768w, https:\/\/www.tui.cz\/blog\/wp-content\/uploads\/2025\/02\/PHOTO1-8-585x390.jpg 585w, https:\/\/www.tui.cz\/blog\/wp-content\/uploads\/2025\/02\/PHOTO1-8-263x175.jpg 263w\" sizes=\"auto, (max-width: 1000px) 100vw, 1000px\" \/><\/figure>\n\n\n\n<h2 class=\"wp-block-heading\">Co v\u011bd\u011bt o Veron\u011b?<\/h2>\n\n\n\n<p>Verona je jedn\u00edm z m\u011bst le\u017e\u00edc\u00edch v oblasti Ben\u00e1tska, p\u0159i\u010dem\u017e od samotn\u00fdch legend\u00e1rn\u00edch <a href=\"https:\/\/www.tui.cz\/dovolena\/italie\/benatky\" target=\"_blank\" rel=\"noreferrer noopener\">Ben\u00e1tek<\/a> le\u017e\u00ed pouh\u00fdch 100 km a co by kamenem dohodil od slavn\u00e9ho <a href=\"https:\/\/www.tui.cz\/dovolena\/italie\/gardske-jezero\" target=\"_blank\" rel=\"noreferrer noopener\">Lago di Garda<\/a>. Pokud p\u0159em\u00fd\u0161l\u00edte, kdy do Verony nejl\u00e9pe vyrazit, pak z\u00e1le\u017e\u00ed, co v historick\u00e9m m\u011bst\u011b chcete za\u017e\u00edt. Pokud se t\u011b\u0161\u00edte na kr\u00e1sn\u00e9 po\u010das\u00ed, vynikaj\u00edc\u00ed gelato s v\u00fdhledem na historick\u00e9 centrum Verony a posed\u00e1v\u00e1n\u00ed na zahr\u00e1dk\u00e1ch kav\u00e1ren u italsk\u00e9 k\u00e1vy, vyrazte do Verony mezi kv\u011btnem a \u0159\u00edjnem.<\/p>\n\n\n\n<p>Jestli\u017ee Veronu zn\u00e1te jako m\u00edsto pro poslech n\u00e1dhern\u00e9 opery, m\u011bli byste sem vyrazit v letn\u00edch m\u011bs\u00edc\u00edch, kdy m\u016f\u017eete nav\u0161t\u00edvit Arena di Verona a u\u017e\u00edt si letn\u00ed opern\u00ed p\u0159edstaven\u00ed. Verona je ov\u0161em kr\u00e1sn\u00e1 po cel\u00fd rok, tak\u017ee jestli\u017ee chcete unikntout dav\u016fm turist\u016f, zvolte k n\u00e1v\u0161t\u011bv\u011b t\u0159eba jarn\u00ed m\u011bs\u00edce, kdy ve m\u011bst\u011b v\u0161echno kr\u00e1sn\u011b von\u00ed a kvete, \u010di podzim, kdy si v u\u017eijete n\u00e1dhern\u00e9 z\u00e1pady slunce jak nad star\u00fdmi st\u0159echami budov v historick\u00e9m centru, tak nad Gardsk\u00fdm jezerem.<\/p>\n\n\n\n<p>TIP: Jestli\u017ee v\u00e1s zaj\u00edmaj\u00ed muzea a historick\u00e9 pam\u00e1tky, vydejte se do Verony prvn\u00ed ned\u011bli v m\u011bs\u00edci, kdy je vstup do spousty pam\u00e1tek za pouh\u00e9 1 euro. V\u00fdhodn\u00e1 je pro vstupy tak\u00e9 \u201eVerona Card\u201c, s n\u00ed\u017e m\u016f\u017eete v\u0161echny pam\u00e1tky ve m\u011bst\u011b za ak\u010dn\u00ed cenu.<\/p>\n\n\n\n<h2 class=\"wp-block-heading\">Pam\u00e1tky a zaj\u00edmavosti ve Veron\u011b<\/h2>\n\n\n\n<p>Ve Veron\u011b se v historick\u00e9m centru na pom\u011brn\u011b mal\u00e9m prostoru skr\u00fdv\u00e1 neskute\u010dn\u00e9 mno\u017estv\u00ed okouzluj\u00edc\u00edch pam\u00e1tek. Mo\u017en\u00e1 ani nebudete m\u00edt \u010das se na v\u0161echny pod\u00edvat, rozhodn\u011b si v\u0161ak jejich objevov\u00e1n\u00ed u\u017eijete.<\/p>\n\n\n\n<figure class=\"wp-block-image size-full\"><img loading=\"lazy\" decoding=\"async\" width=\"1000\" height=\"666\" src=\"https:\/\/www.tui.cz\/blog\/wp-content\/uploads\/2025\/02\/PHOTO2-8.jpg\" alt=\"Arena di Verona, It\u00e1lie\" class=\"wp-image-8645\" title=\"\" srcset=\"https:\/\/www.tui.cz\/blog\/wp-content\/uploads\/2025\/02\/PHOTO2-8.jpg 1000w, https:\/\/www.tui.cz\/blog\/wp-content\/uploads\/2025\/02\/PHOTO2-8-600x400.jpg 600w, https:\/\/www.tui.cz\/blog\/wp-content\/uploads\/2025\/02\/PHOTO2-8-768x511.jpg 768w, https:\/\/www.tui.cz\/blog\/wp-content\/uploads\/2025\/02\/PHOTO2-8-585x390.jpg 585w, https:\/\/www.tui.cz\/blog\/wp-content\/uploads\/2025\/02\/PHOTO2-8-263x175.jpg 263w\" sizes=\"auto, (max-width: 1000px) 100vw, 1000px\" \/><\/figure>\n\n\n\n<h3 class=\"wp-block-heading\">Arena di Verona a n\u00e1m\u011bst\u00ed Piazza Bra<\/h3>\n\n\n\n<p>Antick\u00fd amfiter\u00e1tr Arena di Verona je jednou z nejstar\u0161\u00edch pam\u00e1tek ve Veron\u011b \u2013\u2060\u2060\u2060\u2060\u2060\u2060 byl postaven v 1. stolet\u00ed n. l., a je jedn\u00edm z nejzachovalej\u0161\u00edch a nejv\u011bt\u0161\u00edch sv\u011btov\u00fdch amfite\u00e1tr\u016f. P\u0159i jeho n\u00e1v\u0161t\u011bv\u011b si budete p\u0159ipadat jako p\u0159i z\u00e1pase gladi\u00e1tor\u016f, kte\u0159\u00ed zde bojovali na \u017eivot a na smrt, nebo p\u0159i honu na divok\u00e1 a exotick\u00e1 zv\u00ed\u0159ata. Dnes je vyu\u017e\u00edv\u00e1n pro opern\u00ed p\u0159edstaven\u00ed, hlavn\u011b u p\u0159\u00edle\u017eitosti Veronsk\u00e9ho opern\u00edho festivalu, je\u017e se zde za\u010dal po\u0159\u00e1dat v roce 1913 a je jedn\u00edm z nejpresti\u017en\u011bj\u0161\u00edch opern\u00edch festival\u016f na sv\u011bt\u011b.<\/p>\n\n\n\n<p>Arena di Verona se nach\u00e1z\u00ed na Piazza Bra \u2013\u2060\u2060\u2060\u2060\u2060\u2060 kr\u00e1sn\u00e9m n\u00e1m\u011bst\u00ed v centru Verony, kde si krom\u011b prohl\u00eddky amfite\u00e1tru m\u016f\u017eete nakoupit suven\u00fdry \u010di oble\u010den\u00ed v butic\u00edch, k dispozici jsou tu i \u00fatuln\u00e9 kav\u00e1rny k odpo\u010dinku. Najdete zde nav\u00edc i dal\u0161\u00ed pam\u00e1tky jako m\u011bstsk\u00e9 pal\u00e1ce, radnici \u010di malebnou font\u00e1nu.<\/p>\n\n\n\n<figure class=\"wp-block-image size-full\"><img loading=\"lazy\" decoding=\"async\" width=\"1000\" height=\"667\" src=\"https:\/\/www.tui.cz\/blog\/wp-content\/uploads\/2025\/02\/PHOTO3-8.jpg\" alt=\"Castel San Pietro, verona\" class=\"wp-image-8646\" title=\"\" srcset=\"https:\/\/www.tui.cz\/blog\/wp-content\/uploads\/2025\/02\/PHOTO3-8.jpg 1000w, https:\/\/www.tui.cz\/blog\/wp-content\/uploads\/2025\/02\/PHOTO3-8-600x400.jpg 600w, https:\/\/www.tui.cz\/blog\/wp-content\/uploads\/2025\/02\/PHOTO3-8-768x512.jpg 768w, https:\/\/www.tui.cz\/blog\/wp-content\/uploads\/2025\/02\/PHOTO3-8-585x390.jpg 585w, https:\/\/www.tui.cz\/blog\/wp-content\/uploads\/2025\/02\/PHOTO3-8-263x175.jpg 263w\" sizes=\"auto, (max-width: 1000px) 100vw, 1000px\" \/><\/figure>\n\n\n\n<h3 class=\"wp-block-heading\">Castel San Pietro<\/h3>\n\n\n\n<p>Co d\u00e1le stoj\u00ed za vid\u011bn\u00ed? Rozhodn\u011b Castel San Pietro, tedy historick\u00e1 pevnost postaven\u00e1 ve 14. stolet\u00ed, kter\u00e1 se nach\u00e1z\u00ed na na kopci nad \u0159ekou Adige. D\u00edky tomu je zde skv\u011bl\u00fd v\u00fdhled na m\u011bsto, a tak slou\u017e\u00ed jako m\u00edsto pro fotografy i milovn\u00edky romantick\u00fdch sen\u00e9ri\u00ed. M\u016f\u017eete si sem vy\u0161l\u00e1pnout po sv\u00fdch, koho by v\u0161ak bolely nohy, m\u00e1 mo\u017enost se sv\u00e9zt pozemn\u00ed lanovkou.<\/p>\n\n\n\n<figure class=\"wp-block-image size-full\"><img loading=\"lazy\" decoding=\"async\" width=\"1000\" height=\"667\" src=\"https:\/\/www.tui.cz\/blog\/wp-content\/uploads\/2025\/02\/PHOTO4-8.jpg\" alt=\"Torre dei Lamberti, Verona\" class=\"wp-image-8647\" title=\"\" srcset=\"https:\/\/www.tui.cz\/blog\/wp-content\/uploads\/2025\/02\/PHOTO4-8.jpg 1000w, https:\/\/www.tui.cz\/blog\/wp-content\/uploads\/2025\/02\/PHOTO4-8-600x400.jpg 600w, https:\/\/www.tui.cz\/blog\/wp-content\/uploads\/2025\/02\/PHOTO4-8-768x512.jpg 768w, https:\/\/www.tui.cz\/blog\/wp-content\/uploads\/2025\/02\/PHOTO4-8-585x390.jpg 585w, https:\/\/www.tui.cz\/blog\/wp-content\/uploads\/2025\/02\/PHOTO4-8-263x175.jpg 263w\" sizes=\"auto, (max-width: 1000px) 100vw, 1000px\" \/><\/figure>\n\n\n\n<h3 class=\"wp-block-heading\">Torre dei Lamberti<\/h3>\n\n\n\n<p>Torre dei Lamberti je ide\u00e1ln\u00edm m\u00edstem, pokud se chcete pokochat v\u00fdhledem na m\u011bsto. P\u0159es 80 metr\u016f vysok\u00e1 v\u011b\u017e stoj\u00ed za n\u00e1v\u0161t\u011bvu u\u017e jen proto, \u017ee je nejvy\u0161\u0161\u00ed ve Veron\u011b. Torre dei Lamberti, vystav\u011bn\u00e1 v roce 1172, pat\u0159\u00ed k renesan\u010dn\u00ed radnici Palazzo della Raggione, stala se ikonick\u00fdm symbolem Verony a u\u017eijete si zde n\u00e1dhern\u00fd pohled na m\u011bsto. Nahoru m\u016f\u017eete vystoupat po sv\u00fdch, nebo se sv\u00e9zt prosklen\u00fdm v\u00fdtahem, kter\u00fd sk\u00fdt\u00e1 dal\u0161\u00ed kr\u00e1sn\u00e9 v\u00fdhledy.<\/p>\n\n\n\n<figure class=\"wp-block-image size-full\"><img loading=\"lazy\" decoding=\"async\" width=\"1000\" height=\"667\" src=\"https:\/\/www.tui.cz\/blog\/wp-content\/uploads\/2025\/02\/PHOTO5-8.jpg\" alt=\"Juliin d\u016fm, Verona - socha Julia a balkon\" class=\"wp-image-8648\" title=\"\" srcset=\"https:\/\/www.tui.cz\/blog\/wp-content\/uploads\/2025\/02\/PHOTO5-8.jpg 1000w, https:\/\/www.tui.cz\/blog\/wp-content\/uploads\/2025\/02\/PHOTO5-8-600x400.jpg 600w, https:\/\/www.tui.cz\/blog\/wp-content\/uploads\/2025\/02\/PHOTO5-8-768x512.jpg 768w, https:\/\/www.tui.cz\/blog\/wp-content\/uploads\/2025\/02\/PHOTO5-8-585x390.jpg 585w, https:\/\/www.tui.cz\/blog\/wp-content\/uploads\/2025\/02\/PHOTO5-8-263x175.jpg 263w\" sizes=\"auto, (max-width: 1000px) 100vw, 1000px\" \/><\/figure>\n\n\n\n<h3 class=\"wp-block-heading\">Objevujte m\u00edsta spojen\u00e1 s p\u0159\u00edb\u011bhem Romea a Julie<\/h3>\n\n\n\n<p>Casa di Giulietta neboli Juliin d\u016fm ze Shakespearovy trag\u00e9die Romeo a Julie je jednou z nejnav\u0161t\u011bvovan\u011bj\u0161\u00edch pam\u00e1tek ve m\u011bst\u011b. D\u016fm se nach\u00e1z\u00ed v centru Verony a byl postaven ve 13. stolet\u00ed. P\u0159esto\u017ee v n\u011bm Julie nikdy nebydlela, budete v jeho zahrad\u011b moci obdivovat jej\u00ed sochu, zanechat tu milostn\u00fd dopis nebo si prohl\u00e9dnout balk\u00f3n, jen\u017e je sou\u010d\u00e1st\u00ed Casa di Giulietta a pod n\u00edm\u017e Julii \u00fadajn\u011b Romeo vyzn\u00e1val l\u00e1sku.<\/p>\n\n\n\n<p>S trag\u00e9di\u00ed Romeo a Julie je spojen tak\u00e9 \u00fadajn\u00fd Rome\u016fv d\u016fm neboli Casa di Romeo. Ten je sice star\u0161\u00ed ne\u017e Casa di Giulietta, ov\u0161em ani zde Romeo ve skute\u010dnosti nebydlel. Dnes je v soukrom\u00e9m vlastnictv\u00ed, a tak jej m\u016f\u017eeme obdivovat pouze zven\u010d\u00ed.<\/p>\n\n\n\n<figure class=\"wp-block-image size-full\"><img loading=\"lazy\" decoding=\"async\" width=\"1000\" height=\"658\" src=\"https:\/\/www.tui.cz\/blog\/wp-content\/uploads\/2025\/02\/PHOTO6-7.jpg\" alt=\"Most Ponte Pietra, Verona\" class=\"wp-image-8649\" title=\"\" srcset=\"https:\/\/www.tui.cz\/blog\/wp-content\/uploads\/2025\/02\/PHOTO6-7.jpg 1000w, https:\/\/www.tui.cz\/blog\/wp-content\/uploads\/2025\/02\/PHOTO6-7-600x395.jpg 600w, https:\/\/www.tui.cz\/blog\/wp-content\/uploads\/2025\/02\/PHOTO6-7-768x505.jpg 768w, https:\/\/www.tui.cz\/blog\/wp-content\/uploads\/2025\/02\/PHOTO6-7-585x385.jpg 585w\" sizes=\"auto, (max-width: 1000px) 100vw, 1000px\" \/><\/figure>\n\n\n\n<h3 class=\"wp-block-heading\">Jak\u00e9 dal\u0161\u00ed pam\u00e1tky ve Veron\u011b najdete?<\/h3>\n\n\n\n<p>Historick\u00e9 centrum ve Veron\u011b je pln\u00e9 mnoha dal\u0161\u00edch pam\u00e1tek. Jednou z nich jsou tzv. Arche Scaligere neboli hrobky rodu Scaliger\u016f, kte\u0159\u00ed ve m\u011bst\u011b vl\u00e1dli a jejich vliv byl ukon\u010den ve 14. stolet\u00ed. Hrobky se nach\u00e1z\u00ed jen kous\u00ed\u010dek od Casa di Romeo. Scaingery byl v roce 1353 vystav\u011bn i hrad Castelvecchio a p\u0159ekr\u00e1sn\u00fd most Ponte Scaligero, kter\u00fd je i s mostem Ponte Pietra vyhl\u00e1\u0161enou turistickou zast\u00e1vkou. Nedaleko Ponte Scaligero potom najdete i proslaven\u00fd oblouk oblouk Arco dei Gavi, kter\u00fd byl v minulosti sou\u010d\u00e1st\u00ed \u0159\u00edmsk\u00e9 br\u00e1ny.<\/p>\n\n\n\n<p>Nenechte si uj\u00edt ani pohled na mnoh\u00e1 ikonic\u00e1 n\u00e1m\u011bst\u00ed, o n\u011b\u017e nen\u00ed ve Veron\u011b nouze. Na Piazza dei Signori najdete p\u016fsobivou sochu Dante Alighieriho \u010di jeden z mnoha historick\u00fdch kostel\u016f ve Veron\u011b \u2013\u2060\u2060\u2060\u2060\u2060\u2060 Santa Maria Antica. Piazza delle Erbe, kter\u00e9 le\u017e\u00ed nedaleko Torre dei Lamberti, se pak nach\u00e1z\u00ed p\u0159\u00edmo ve st\u0159edu m\u011bsta a py\u0161n\u00ed se sochou Madonna Verona.<\/p>\n\n\n\n<p>Za zm\u00ednku stoj\u00ed i bazilika San Zeno Maggiore z\u00e1padn\u011b od m\u011bsta. Chr\u00e1m byl postaven nad hrobem prvn\u00edho veronsk\u00e9ho biskupa sv. Zena ji\u017e v 6. stolet\u00ed a je jedn\u00edm z nejv\u00fdznamn\u011bj\u0161\u00edch pam\u00e1tek rom\u00e1nsk\u00e9ho um\u011bn\u00ed v severn\u00ed It\u00e1lii. Nenechte si uj\u00edt ani staro\u0159\u00edmskou br\u00e1nu Porta Borsari, kde se m\u016f\u017eete ztratit ve star\u00fdch italsk\u00fdch uli\u010dk\u00e1ch mimo davy turist\u016f, nebo n\u00e1dhern\u00e9 zahrady Giardino Giusti Tento, kter\u00e9 se vrylo do srdce samotn\u00e9mu Mozartovi.<\/p>\n\n\n\n<h2 class=\"wp-block-heading\">Co dal\u0161\u00edho d\u011blat ve Veron\u011b a okol\u00ed<\/h2>\n\n\n\n<p>Ji\u017e v\u00edme, \u017ee ve Veron\u011b najdete pam\u00e1tky jako Castel San Pietro, bazilika San Zeno Maggiore, kr\u00e1sn\u00e1 n\u00e1m\u011bst\u00ed Piazza dei Signori \u010di Piazza delle Erbe, odkazy zamilovan\u00e9ho Romea a Julie \u010di p\u016fsobiv\u00e1 Porta Borsari. S v\u00fdhledem na m\u011bsto si jist\u011b vysta\u010d\u00edte, ve Veron\u011b je v\u0161ak spoustu mo\u017enost\u00ed, jak se zabavit i mimo pam\u00e1tky nat\u011bsnan\u00e9 v centru m\u011bsta. Co Verona nab\u00edz\u00ed?<\/p>\n\n\n\n<figure class=\"wp-block-image size-full\"><img loading=\"lazy\" decoding=\"async\" width=\"1000\" height=\"667\" src=\"https:\/\/www.tui.cz\/blog\/wp-content\/uploads\/2025\/02\/PHOTO7-6.jpg\" alt=\"Hrad Rocca Scaligera, Lago di Garda\" class=\"wp-image-8650\" title=\"\" srcset=\"https:\/\/www.tui.cz\/blog\/wp-content\/uploads\/2025\/02\/PHOTO7-6.jpg 1000w, https:\/\/www.tui.cz\/blog\/wp-content\/uploads\/2025\/02\/PHOTO7-6-600x400.jpg 600w, https:\/\/www.tui.cz\/blog\/wp-content\/uploads\/2025\/02\/PHOTO7-6-768x512.jpg 768w, https:\/\/www.tui.cz\/blog\/wp-content\/uploads\/2025\/02\/PHOTO7-6-585x390.jpg 585w, https:\/\/www.tui.cz\/blog\/wp-content\/uploads\/2025\/02\/PHOTO7-6-263x175.jpg 263w\" sizes=\"auto, (max-width: 1000px) 100vw, 1000px\" \/><\/figure>\n\n\n\n<h3 class=\"wp-block-heading\">V\u00fdlety v okol\u00ed Verony<\/h3>\n\n\n\n<p>Pokud v\u00e1s unav\u00ed historie Verony a zatou\u017e\u00edte po tro\u0161e p\u0159\u00edrody, vydejte se na v\u00fdlet k nedalek\u00e9mu jezeru Lago di Garda. M\u016f\u017eete se v n\u011bm v l\u00e9t\u011b vykoupat, obdivovat dechberouc\u00ed v\u00fdhled na z\u00e1\u0159ivou vodn\u00ed hladinu a vychutn\u00e1vat si vynikaj\u00edc\u00ed italskou kuchyni na ter\u00e1sk\u00e1ch m\u00edstn\u00edch restaurac\u00ed. Z Verony je to k n\u011bmu jen p\u00e1r kilometr\u016f. Obl\u00edben\u00e9 je pro n\u00e1v\u0161t\u011bvu t\u0159eba m\u011bste\u010dko Sirmione nebo poutn\u00ed m\u00edsto Madonna della Corona.<\/p>\n\n\n\n<p>Z Verony je to tak\u00e9 kousek do z\u00e1bavn\u00edho parku Gardalandia. Garantujeme, \u017ee se zde vy\u0159\u00e1d\u00ed d\u011bti i dosp\u011bl\u00ed, a tak si s celou rodinou u\u017eijete perfektn\u00ed den. P\u0159\u00edjemn\u00e1 zast\u00e1vka a dal\u0161\u00ed z m\u00edstn\u00edch l\u00e1kadel je m\u00edstn\u00ed v\u00edno. Z Verony si tak ud\u011blejte v\u00fdlet na okoln\u00ed vinice, ochutn\u00e1vejte lok\u00e1ln\u00ed v\u00edna a u\u017e\u00edvejte si zdej\u0161\u00ed \u00farodn\u00e9 krajiny.<\/p>\n\n\n\n<figure class=\"wp-block-image size-full\"><img loading=\"lazy\" decoding=\"async\" width=\"1000\" height=\"665\" src=\"https:\/\/www.tui.cz\/blog\/wp-content\/uploads\/2025\/02\/PHOTO8-3.jpg\" alt=\"Skleni\u010dky v\u00edna a s\u00fdry s v\u00fdhledem na Veronu\" class=\"wp-image-8651\" title=\"\" srcset=\"https:\/\/www.tui.cz\/blog\/wp-content\/uploads\/2025\/02\/PHOTO8-3.jpg 1000w, https:\/\/www.tui.cz\/blog\/wp-content\/uploads\/2025\/02\/PHOTO8-3-600x399.jpg 600w, https:\/\/www.tui.cz\/blog\/wp-content\/uploads\/2025\/02\/PHOTO8-3-768x511.jpg 768w, https:\/\/www.tui.cz\/blog\/wp-content\/uploads\/2025\/02\/PHOTO8-3-585x389.jpg 585w, https:\/\/www.tui.cz\/blog\/wp-content\/uploads\/2025\/02\/PHOTO8-3-263x175.jpg 263w\" sizes=\"auto, (max-width: 1000px) 100vw, 1000px\" \/><\/figure>\n\n\n\n<h3 class=\"wp-block-heading\">Verona na tal\u00ed\u0159i<\/h3>\n\n\n\n<p>Verona je n\u00e1dhern\u00fdm m\u011bstem. Pokud v\u0161ak projdete v\u0161echny pam\u00e1tky od Piazza Bra p\u0159es Palazzo della Raggione a\u017e po kostel Santa Maria Antica a neochutn\u00e1te m\u00edstn\u00ed dobroty, jako byste ve m\u011bst\u011b, kter\u00e9 se na map\u011b objevilo u\u017e v 1. stolet\u00ed p\u0159. n. l., ani nebyli. Skoro povinnost\u00ed tak je se zde zastavit na typick\u00e9m risottu, t\u0159eba Risotto al Tastasal, nebo t\u011bstovin\u00e1ch bigoli. Najd\u011bte tak\u00e9 restauraci, kde se pod\u00e1v\u00e1 vyhl\u00e1\u0161en\u00fd ko\u0148sk\u00fd steak \u201ebistecca di cavallo\u201c \u010di popul\u00e1rn\u00ed dezert pandoro. J\u00eddla skv\u011ble dopl\u0148uj\u00ed ovocn\u00e1 v\u00edna, kter\u00e1 pat\u0159\u00ed mezi nejlep\u0161\u00ed v It\u00e1lii, a tak tak\u00e9 ochutnejte t\u0159eba luxusn\u00ed v\u00edno z rozinek Amarone.<\/p>\n\n\n\n<figure class=\"wp-block-image size-full\"><img loading=\"lazy\" decoding=\"async\" width=\"1000\" height=\"666\" src=\"https:\/\/www.tui.cz\/blog\/wp-content\/uploads\/2025\/02\/PHOTO9-3.jpg\" alt=\"Ve\u010dern\u00ed v\u00fdhled na Veronu\" class=\"wp-image-8652\" title=\"\" srcset=\"https:\/\/www.tui.cz\/blog\/wp-content\/uploads\/2025\/02\/PHOTO9-3.jpg 1000w, https:\/\/www.tui.cz\/blog\/wp-content\/uploads\/2025\/02\/PHOTO9-3-600x400.jpg 600w, https:\/\/www.tui.cz\/blog\/wp-content\/uploads\/2025\/02\/PHOTO9-3-768x511.jpg 768w, https:\/\/www.tui.cz\/blog\/wp-content\/uploads\/2025\/02\/PHOTO9-3-585x390.jpg 585w, https:\/\/www.tui.cz\/blog\/wp-content\/uploads\/2025\/02\/PHOTO9-3-263x175.jpg 263w\" sizes=\"auto, (max-width: 1000px) 100vw, 1000px\" \/><\/figure>\n\n\n\n<h2 class=\"wp-block-heading\">Nav\u0161tivte Veronu s TUI<\/h2>\n\n\n\n<p>Zd\u00e1lo by se, \u017ee ve Veron\u011b se nach\u00e1z\u00ed v\u011bt\u0161ina pam\u00e1tek v It\u00e1lii. Nav\u0161tivte je v\u0161echny od Arena di Verona, Castel San Pietro, Torre dei Lamberti, Casa di Giulietta, bazilika San Zeno Maggiore a\u017e po Piazza dei Signori \u010di Arche Scaligere a vychutnejte si v\u00fdlet do historie. Nach\u00e1z\u00ed se tu tolik vzpom\u00ednek, \u017ee je snadn\u00e9 se v nich ztratit a pro\u017e\u00edt svou dovolenou v opojn\u00e9m sn\u011bn\u00ed. Vyberte si z <a href=\"https:\/\/www.tui.cz\/\" target=\"_blank\" rel=\"noreferrer noopener\">nab\u00eddky TUI<\/a> z\u00e1jezd do Verony a dal\u0161\u00ed perfektn\u00ed pr\u00e1zdniny jsou na sv\u011bt\u011b!<\/p>\n","protected":false},"excerpt":{"rendered":"<p>M\u011bsto l\u00e1sky, jedine\u010dn\u00e9 architektury, bohat\u00e9 historie a vynikaj\u00edc\u00edho j\u00eddla, kde si budete p\u0159ipadat jako v Shakespearov\u011b dramatu? To je Verona, m\u011bsto v severn\u00ed It\u00e1lii, kde se nach\u00e1z\u00ed tolik atrakc\u00ed a&hellip;<\/p>\n","protected":false},"author":49,"featured_media":8653,"comment_status":"open","ping_status":"closed","sticky":false,"template":"","format":"standard","meta":{"_lmt_disableupdate":"","_lmt_disable":"","footnotes":""},"categories":[182],"tags":[],"class_list":["post-8643","post","type-post","status-publish","format-standard","has-post-thumbnail","hentry","category-cestovani"],"home_img_url":"https:\/\/www.tui.cz\/blog\/wp-content\/uploads\/2025\/02\/PHOTOMAIN-9-585x390.jpg","home_img_alt":"V\u00fdhled na Veronu","_links":{"self":[{"href":"https:\/\/www.tui.cz\/blog\/wp-json\/wp\/v2\/posts\/8643","targetHints":{"allow":["GET"]}}],"collection":[{"href":"https:\/\/www.tui.cz\/blog\/wp-json\/wp\/v2\/posts"}],"about":[{"href":"https:\/\/www.tui.cz\/blog\/wp-json\/wp\/v2\/types\/post"}],"author":[{"embeddable":true,"href":"https:\/\/www.tui.cz\/blog\/wp-json\/wp\/v2\/users\/49"}],"replies":[{"embeddable":true,"href":"https:\/\/www.tui.cz\/blog\/wp-json\/wp\/v2\/comments?post=8643"}],"version-history":[{"count":1,"href":"https:\/\/www.tui.cz\/blog\/wp-json\/wp\/v2\/posts\/8643\/revisions"}],"predecessor-version":[{"id":8654,"href":"https:\/\/www.tui.cz\/blog\/wp-json\/wp\/v2\/posts\/8643\/revisions\/8654"}],"wp:featuredmedia":[{"embeddable":true,"href":"https:\/\/www.tui.cz\/blog\/wp-json\/wp\/v2\/media\/8653"}],"wp:attachment":[{"href":"https:\/\/www.tui.cz\/blog\/wp-json\/wp\/v2\/media?parent=8643"}],"wp:term":[{"taxonomy":"category","embeddable":true,"href":"https:\/\/www.tui.cz\/blog\/wp-json\/wp\/v2\/categories?post=8643"},{"taxonomy":"post_tag","embeddable":true,"href":"https:\/\/www.tui.cz\/blog\/wp-json\/wp\/v2\/tags?post=8643"}],"curies":[{"name":"wp","href":"https:\/\/api.w.org\/{rel}","templated":true}]}}