{"id":8656,"date":"2025-02-14T11:12:41","date_gmt":"2025-02-14T10:12:41","guid":{"rendered":"https:\/\/www.tui.cz\/blog\/?p=8656"},"modified":"2025-02-14T11:12:42","modified_gmt":"2025-02-14T10:12:42","slug":"madeira-levady-pruvodce-po-nejkrasnejsich-trasach","status":"publish","type":"post","link":"https:\/\/www.tui.cz\/blog\/madeira-levady-pruvodce-po-nejkrasnejsich-trasach\/","title":{"rendered":"Madeira lev\u00e1dy: pr\u016fvodce po nejkr\u00e1sn\u011bj\u0161\u00edch tras\u00e1ch"},"content":{"rendered":"\n<p><a href=\"https:\/\/www.tui.cz\/dovolena\/portugalsko\/madeira\" target=\"_blank\" rel=\"noreferrer noopener\">Madeira<\/a> je r\u00e1jem pro milovn\u00edky nejr\u016fzn\u011bj\u0161\u00edch aktivit &#8211; pozn\u00e1v\u00e1n\u00ed p\u0159\u00edrody, fotografov\u00e1n\u00ed, ale i trekingu. Pr\u00e1v\u011b posledn\u00ed z nich umo\u017e\u0148uj\u00ed m\u00edstn\u00ed lev\u00e1dy. Madeira je proslul\u00e1 sv\u00fdmi lev\u00e1dami &#8211; unik\u00e1tn\u00edmi zavla\u017eovac\u00edmi kan\u00e1ly \u201elevadas\u201c, kter\u00e9 nab\u00edzej\u00ed nadpozemsk\u00e9 v\u00fdhledy. Ka\u017ed\u00e1 z t\u011bchto tras vede \u00fachvatnou krajinou.<\/p>\n\n\n\n<h2 class=\"wp-block-heading\">Co jsou lev\u00e1dy na Madei\u0159e?<\/h2>\n\n\n\n<figure class=\"wp-block-image size-full\"><img loading=\"lazy\" decoding=\"async\" width=\"1000\" height=\"665\" src=\"https:\/\/www.tui.cz\/blog\/wp-content\/uploads\/2025\/02\/Co-jsou-levady-na-Madeire.jpg\" alt=\"Na obr\u00e1zku je \u010d\u00e1st trasy caldeir\u00e3o verde, kter\u00e1 vede p\u0159es kr\u00e1sn\u00e9 v\u00fdhledy na hory.\" class=\"wp-image-8659\" title=\"\" srcset=\"https:\/\/www.tui.cz\/blog\/wp-content\/uploads\/2025\/02\/Co-jsou-levady-na-Madeire.jpg 1000w, https:\/\/www.tui.cz\/blog\/wp-content\/uploads\/2025\/02\/Co-jsou-levady-na-Madeire-600x399.jpg 600w, https:\/\/www.tui.cz\/blog\/wp-content\/uploads\/2025\/02\/Co-jsou-levady-na-Madeire-768x511.jpg 768w, https:\/\/www.tui.cz\/blog\/wp-content\/uploads\/2025\/02\/Co-jsou-levady-na-Madeire-585x389.jpg 585w, https:\/\/www.tui.cz\/blog\/wp-content\/uploads\/2025\/02\/Co-jsou-levady-na-Madeire-263x175.jpg 263w\" sizes=\"auto, (max-width: 1000px) 100vw, 1000px\" \/><\/figure>\n\n\n\n<p>Lev\u00e1dy jsou tradi\u010dn\u00ed zavla\u017eovac\u00ed kan\u00e1ly, kter\u00e9 byly vytvo\u0159eny v 16. stolet\u00ed, kdy se portugal\u0161t\u00ed osadn\u00edci rozhodli vytvo\u0159it s\u00ed\u0165 kan\u00e1l\u016f pro dopravu vody z vlhk\u00fdch horsk\u00fdch oblast\u00ed na severu ostrova na su\u0161\u0161\u00ed jih. P\u016fvadn\u011b slou\u017eily pouze jako zavla\u017eovac\u00ed kan\u00e1ly a d\u00edky nim se na Madei\u0159e mohlo rozvinout zem\u011bd\u011blstv\u00ed, zejm\u00e9na p\u011bstov\u00e1n\u00ed vinn\u00e9 r\u00e9vy a ban\u00e1n\u016f, kter\u00e9 jsou dodnes d\u016fle\u017eitou sou\u010d\u00e1st\u00ed m\u00edstn\u00ed ekonomiky. Postupem \u010dasu se lev\u00e1dy prom\u011bnily v malebn\u00e9 p\u011b\u0161\u00ed stezky, kter\u00e9 l\u00e1kaj\u00ed turisty z cel\u00e9ho sv\u011bta.<\/p>\n\n\n\n<h2 class=\"wp-block-heading\">Turistick\u00e9 trasy pod\u00e9l lev\u00e1d na Madei\u0159e<\/h2>\n\n\n\n<p>P\u0159i proch\u00e1zce pod\u00e9l t\u011bchto \u00fazk\u00fdch kan\u00e1l\u016f maj\u00ed turist\u00e9 mo\u017enost obdivovat rozmanitou krajinu &#8211; od hust\u00fdch zelen\u00fdch vav\u0159\u00ednov\u00fdch les\u016f, kter\u00e9 jsou zaps\u00e1ny na seznamu sv\u011btov\u00e9ho d\u011bdictv\u00ed UNESCO, a\u017e po \u00fachvatn\u00e9 \u00fatesy a vodop\u00e1dy. D\u00edky tomu se zavla\u017eovac\u00ed kan\u00e1ly staly symbolem <a href=\"https:\/\/www.tui.cz\/dovolena\/portugalsko\" target=\"_blank\" rel=\"noreferrer noopener\">portugalsk\u00e9ho<\/a> ostrova a spojuj\u00ed p\u0159\u00edrodn\u00ed kr\u00e1sy s bohatou histori\u00ed Madeiry. Kter\u00e9 z nich tedy stoj\u00ed za to vybrat, abyste se mohli pokochat p\u0159\u00edrodn\u00edmi kr\u00e1sami? Zde jsou n\u011bkter\u00e9 tipy!<\/p>\n\n\n\n<h2 class=\"wp-block-heading\">Levada das 25 Fontes<\/h2>\n\n\n\n<figure class=\"wp-block-image size-full\"><img loading=\"lazy\" decoding=\"async\" width=\"1000\" height=\"667\" src=\"https:\/\/www.tui.cz\/blog\/wp-content\/uploads\/2025\/02\/Levada-das-25-Fontes.jpg\" alt=\"Obr\u00e1zek ukazuje \u010d\u00e1st trasy levady das 25 fontes vedouc\u00ed lesem mezi k\u0159ivolak\u00fdmi stromy, kter\u00e9 se skl\u00e1n\u011bj\u00ed nad lev\u00e1dou. \" class=\"wp-image-8660\" title=\"\" srcset=\"https:\/\/www.tui.cz\/blog\/wp-content\/uploads\/2025\/02\/Levada-das-25-Fontes.jpg 1000w, https:\/\/www.tui.cz\/blog\/wp-content\/uploads\/2025\/02\/Levada-das-25-Fontes-600x400.jpg 600w, https:\/\/www.tui.cz\/blog\/wp-content\/uploads\/2025\/02\/Levada-das-25-Fontes-768x512.jpg 768w, https:\/\/www.tui.cz\/blog\/wp-content\/uploads\/2025\/02\/Levada-das-25-Fontes-585x390.jpg 585w, https:\/\/www.tui.cz\/blog\/wp-content\/uploads\/2025\/02\/Levada-das-25-Fontes-263x175.jpg 263w\" sizes=\"auto, (max-width: 1000px) 100vw, 1000px\" \/><\/figure>\n\n\n\n<p>Levada das 25 Fontes se nach\u00e1z\u00ed v centr\u00e1ln\u00ed \u010d\u00e1sti Madeiry a je jednou z nejzn\u00e1m\u011bj\u0161\u00edch tras na ostrov\u011b. Tato stezka vede hust\u00fdm vav\u0159\u00ednov\u00fdm lesem v oblasti Raba\u00e7al a kon\u010d\u00ed u impozantn\u00edho vodop\u00e1du tvo\u0159en\u00e9ho 25 prameny, kter\u00e9 se spojuj\u00ed v jedno jezero. Tato vyhl\u00eddkov\u00e1 trasa je dlouh\u00e1 p\u0159ibli\u017en\u011b 9 km a je pova\u017eov\u00e1na za pom\u011brn\u011b snadnou, i kdy\u017e d\u00edky sv\u00e9 popularit\u011b b\u00fdv\u00e1 \u010dasto p\u0159epln\u011bn\u00e1. Na cestu se vyplat\u00ed vyrazit brzy r\u00e1no, abyste se vyhnuli nejv\u011bt\u0161\u00edm dav\u016fm a pln\u011b si vychutnali klid tohoto kouzeln\u00e9ho m\u00edsta.<\/p>\n\n\n\n<p>B\u011bhem cesty pod\u00e9l lev\u00e1dy turisty doprov\u00e1z\u00ed nejen zvuk vody st\u00e9kaj\u00edc\u00ed po skal\u00e1ch, ale tak\u00e9 bujn\u00e1 vegetace v\u010detn\u011b endemick\u00fdch druh\u016f rostlin a kv\u011btin, kter\u00e9 dokresluj\u00ed kr\u00e1su cel\u00e9ho prost\u0159ed\u00ed. Stezka je dob\u0159e udr\u017eovan\u00e1 a zna\u010den\u00e1, tak\u017ee je ide\u00e1ln\u00ed pro rodiny s d\u011btmi a pro ty, kte\u0159\u00ed s trekov\u00e1n\u00edm na Madei\u0159e za\u010d\u00ednaj\u00ed.<\/p>\n\n\n\n<h2 class=\"wp-block-heading\">Levada do Caldeir\u00e3o Verde<\/h2>\n\n\n\n<figure class=\"wp-block-image size-full\"><img loading=\"lazy\" decoding=\"async\" width=\"1000\" height=\"667\" src=\"https:\/\/www.tui.cz\/blog\/wp-content\/uploads\/2025\/02\/Caldeirao-Verde.jpg\" alt=\"Na obr\u00e1zku je vodop\u00e1d v Levada do Caldeir\u00e3o Verde.\" class=\"wp-image-8661\" title=\"\" srcset=\"https:\/\/www.tui.cz\/blog\/wp-content\/uploads\/2025\/02\/Caldeirao-Verde.jpg 1000w, https:\/\/www.tui.cz\/blog\/wp-content\/uploads\/2025\/02\/Caldeirao-Verde-600x400.jpg 600w, https:\/\/www.tui.cz\/blog\/wp-content\/uploads\/2025\/02\/Caldeirao-Verde-768x512.jpg 768w, https:\/\/www.tui.cz\/blog\/wp-content\/uploads\/2025\/02\/Caldeirao-Verde-585x390.jpg 585w, https:\/\/www.tui.cz\/blog\/wp-content\/uploads\/2025\/02\/Caldeirao-Verde-263x175.jpg 263w\" sizes=\"auto, (max-width: 1000px) 100vw, 1000px\" \/><\/figure>\n\n\n\n<p>Levada do Caldeir\u00e3o Verde je jednou z nejkr\u00e1sn\u011bj\u0161\u00edch stezek na severu ostrova, kter\u00e1 za\u010d\u00edn\u00e1 v Queimadas Forestry Park. Trasa vede hust\u00fdm vav\u0159\u00ednov\u00fdm lesem, kter\u00fd turisty obklopuje ze v\u0161ech stran a vytv\u00e1\u0159\u00ed atmosf\u00e9ru jako z poh\u00e1dky. Prakticky po cel\u00e9 jej\u00ed d\u00e9lce mohou n\u00e1v\u0161t\u011bvn\u00edci obdivovat p\u016fsobiv\u00e9 vodop\u00e1dy a k\u0159i\u0161\u0165\u00e1lov\u011b \u010dist\u00e9 potoky, kter\u00e9 pod\u00e9l stezky prot\u00e9kaj\u00ed a vytv\u00e1\u0159ej\u00ed nadpozemsk\u00e9 scen\u00e9rie. D\u00e9lka stezky je p\u0159ibli\u017en\u011b 13 km (tam a zp\u011bt) a jej\u00ed zdol\u00e1n\u00ed zabere asi 5-6 hodin &#8211; jej\u00ed n\u00e1ro\u010dnost je ozna\u010dov\u00e1na jako st\u0159edn\u011b vysok\u00e1, ale ani m\u00e9n\u011b zku\u0161en\u00ed turist\u00e9 by s n\u00ed nem\u011bli m\u00edt probl\u00e9m.<\/p>\n\n\n\n<p>Hlavn\u00ed atrakc\u00ed t\u00e9to trasy je Caldeir\u00e3o Verde, co\u017e v portugal\u0161tin\u011b znamen\u00e1 \u201ezelen\u00fd kotel\u201c. Jedn\u00e1 se o obrovskou p\u0159\u00edrodn\u00ed kotlinu obklopenou strm\u00fdmi skalami, z n\u00ed\u017e vyt\u00e9k\u00e1 vodop\u00e1d. M\u00edsto je mimo\u0159\u00e1dn\u011b fotogenick\u00e9 a l\u00e1k\u00e1 mnoho milovn\u00edk\u016f p\u0159\u00edrody, ale tak\u00e9 fotografov\u00e1n\u00ed. Levada do Caldeir\u00e3o Verde je tak\u00e9 ide\u00e1ln\u00ed trasou pro hork\u00e9 dny, proto\u017ee v\u011bt\u0161ina trasy vede ve st\u00ednu hust\u00fdch strom\u016f.<\/p>\n\n\n\n<h2 class=\"wp-block-heading\">Levada do Risco<\/h2>\n\n\n\n<figure class=\"wp-block-image size-full\"><img loading=\"lazy\" decoding=\"async\" width=\"1000\" height=\"666\" src=\"https:\/\/www.tui.cz\/blog\/wp-content\/uploads\/2025\/02\/Levada-do-Risco.jpg\" alt=\"Je to mal\u00e9 jezero, do kter\u00e9ho se vl\u00e9v\u00e1 vodop\u00e1d Cascata das Vinte e Cinco Fontes.\" class=\"wp-image-8662\" title=\"\" srcset=\"https:\/\/www.tui.cz\/blog\/wp-content\/uploads\/2025\/02\/Levada-do-Risco.jpg 1000w, https:\/\/www.tui.cz\/blog\/wp-content\/uploads\/2025\/02\/Levada-do-Risco-600x400.jpg 600w, https:\/\/www.tui.cz\/blog\/wp-content\/uploads\/2025\/02\/Levada-do-Risco-768x511.jpg 768w, https:\/\/www.tui.cz\/blog\/wp-content\/uploads\/2025\/02\/Levada-do-Risco-585x390.jpg 585w, https:\/\/www.tui.cz\/blog\/wp-content\/uploads\/2025\/02\/Levada-do-Risco-263x175.jpg 263w\" sizes=\"auto, (max-width: 1000px) 100vw, 1000px\" \/><\/figure>\n\n\n\n<p>P\u0159esto\u017ee je o n\u011bco krat\u0161\u00ed ne\u017e ostatn\u00ed trasy, poskytuje po cel\u00e9 sv\u00e9 d\u00e9lce v\u00fdhledy, na kter\u00e9 se dlouho nezapom\u00edn\u00e1. Levada do Risco v\u00e1s zavede k jednomu z nejpozoruhodn\u011bj\u0161\u00edch vodop\u00e1d\u016f na ostrov\u011b \u2013 Risco, kter\u00fd pad\u00e1 z impozantn\u00ed v\u00fd\u0161ky do hlubok\u00e9ho \u00fadol\u00ed pod n\u00edm. Stezka je dob\u0159e udr\u017eovan\u00e1 a nen\u00e1ro\u010dn\u00e1, d\u00edky \u010demu\u017e je obl\u00edben\u00e1 u turist\u016f v\u0161ech \u00farovn\u00ed. Risco je sou\u010d\u00e1st\u00ed v\u011bt\u0161\u00edho syst\u00e9mu lev\u00e1d v oblasti Raba\u00e7al, tak\u017ee je mo\u017en\u00e9 tuto trasu kombinovat s dal\u0161\u00edmi del\u0161\u00edmi v\u00fdlety, jako je nap\u0159\u00edklad lev\u00e1da das 25 Fontes.<\/p>\n\n\n\n<p>P\u0159i proch\u00e1zce pod\u00e9l Levada do Risco se m\u016f\u017eete kochat nejen samotn\u00fdm vodop\u00e1dem, ale tak\u00e9 panoramatick\u00fdmi v\u00fdhledy na okoln\u00ed zelen\u00e1 \u00fadol\u00ed a hory. Je to v\u00fdborn\u00e1 volba pro ty, kte\u0159\u00ed hledaj\u00ed krat\u0161\u00ed, ale st\u00e1le nezapomenutelnou t\u00faru. Tato stezka vynik\u00e1 kr\u00e1sn\u00fdmi v\u00fdhledy a snadnou dostupnost\u00ed, co\u017e z n\u00ed \u010din\u00ed jednu z povinn\u00fdch t\u00far na Madei\u0159e.<\/p>\n\n\n\n<h2 class=\"wp-block-heading\">Levada do Paul da Serra<\/h2>\n\n\n\n<p>Dal\u0161\u00ed n\u00e1dhern\u00e1 trasa se nach\u00e1z\u00ed na nejvy\u0161\u0161\u00ed n\u00e1horn\u00ed plo\u0161in\u011b Madeiry, co\u017e ji samo o sob\u011b \u010din\u00ed jedine\u010dnou z hlediska krajiny. Na rozd\u00edl od ostatn\u00edch lev\u00e1d, kter\u00e9 vedou hust\u00fdmi lesy, v\u00e1s tato trasa provede \u0161irok\u00fdmi otev\u0159en\u00fdmi prostory s v\u00fdhledy na horsk\u00e9 vrcholy a \u00fadol\u00ed. Ve v\u00fd\u0161ce 1 400 m n. m. na Paul da Serra poc\u00edt\u00edte drsnost p\u0159\u00edrody a z\u00e1rove\u0148 si u\u017eijete klid a pohodu, daleko od turisticky exponovan\u011bj\u0161\u00edch oblast\u00ed ostrova.<\/p>\n\n\n\n<p>Trasa sice nen\u00ed p\u0159\u00edli\u0161 n\u00e1ro\u010dn\u00e1, ale vzhledem k d\u00e9lce a slune\u010dn\u00edmu z\u00e1\u0159en\u00ed m\u016f\u017ee b\u00fdt \u00fanavn\u00e1, proto je vhodn\u00e9 vz\u00edt si s sebou vhodn\u00e9 oble\u010den\u00ed a dostatek vody. V\u00fdhledy z t\u00e9to lev\u00e1dy v\u0161ak stoj\u00ed za ka\u017edou n\u00e1mahu &#8211; zejm\u00e9na p\u0159i z\u00e1padu slunce, kdy zlat\u00e9 paprsky oz\u00e1\u0159\u00ed krajinu a vytvo\u0159\u00ed nezapomenuteln\u00e9 scen\u00e9rie. Levada do Paul da Serra je ide\u00e1ln\u00ed pro ty, kte\u0159\u00ed cht\u011bj\u00ed poznat jinou, divo\u010dej\u0161\u00ed a drsn\u011bj\u0161\u00ed str\u00e1nku Madeiry.<\/p>\n\n\n\n<h2 class=\"wp-block-heading\">Levada do Alecrim<\/h2>\n\n\n\n<figure class=\"wp-block-image size-full\"><img loading=\"lazy\" decoding=\"async\" width=\"1000\" height=\"625\" src=\"https:\/\/www.tui.cz\/blog\/wp-content\/uploads\/2025\/02\/Levada-do-Alecrim.jpg\" alt=\"Cesta vedouc\u00ed po schodech kolem prudk\u00e9 levady.\" class=\"wp-image-8664\" title=\"\" srcset=\"https:\/\/www.tui.cz\/blog\/wp-content\/uploads\/2025\/02\/Levada-do-Alecrim.jpg 1000w, https:\/\/www.tui.cz\/blog\/wp-content\/uploads\/2025\/02\/Levada-do-Alecrim-600x375.jpg 600w, https:\/\/www.tui.cz\/blog\/wp-content\/uploads\/2025\/02\/Levada-do-Alecrim-768x480.jpg 768w, https:\/\/www.tui.cz\/blog\/wp-content\/uploads\/2025\/02\/Levada-do-Alecrim-585x366.jpg 585w\" sizes=\"auto, (max-width: 1000px) 100vw, 1000px\" \/><\/figure>\n\n\n\n<p>Jedn\u00e1 se o jednu z m\u00e9n\u011b frekventovan\u00fdch, ale velmi okouzluj\u00edc\u00edch tras na Madei\u0159e. Nach\u00e1z\u00ed se v oblasti Raba\u00e7al a vede nedot\u010denou p\u0159\u00edrodou, kter\u00e1 turist\u016fm nab\u00edz\u00ed n\u00e1dhern\u00e9 v\u00fdhledy na vodop\u00e1dy, potoky a p\u0159\u00edrodn\u00ed laguny. Tato stezka, s celkovou d\u00e9lkou p\u0159ibli\u017en\u011b 7 kilometr\u016f, je pom\u011brn\u011b nen\u00e1ro\u010dn\u00e1 a p\u0159\u00edstupn\u00e1 turist\u016fm v\u0161ech v\u011bkov\u00fdch kategori\u00ed, tak\u017ee je ide\u00e1ln\u00ed volbou pro rodinnou proch\u00e1zku.<\/p>\n\n\n\n<p>B\u011bhem t\u00fary m\u016f\u017eete obdivovat rozmanitost fl\u00f3ry a fauny a zastavit se na kr\u00e1tk\u00fd odpo\u010dinek u jedn\u00e9 z \u010detn\u00fdch lagun, kde se m\u016f\u017eete zchladit v k\u0159i\u0161\u0165\u00e1lov\u011b \u010dist\u00e9 vod\u011b. Levada do Alecrim je m\u00e9n\u011b obl\u00edben\u00e1 ne\u017e nap\u0159\u00edklad Levada das 25 Fontes, ale p\u0159esto zaujme n\u00e1dhern\u00fdmi v\u00fdhledy Je proto skv\u011blou volbou pro ty, kte\u0159\u00ed hledaj\u00ed klidn\u011bj\u0161\u00ed, ale stejn\u011b malebnou trasu.<\/p>\n\n\n\n<h2 class=\"wp-block-heading\"><strong>Levada do Rei<\/strong><\/h2>\n\n\n\n<figure class=\"wp-block-image size-full\"><img loading=\"lazy\" decoding=\"async\" width=\"1000\" height=\"667\" src=\"https:\/\/www.tui.cz\/blog\/wp-content\/uploads\/2025\/02\/Levada-do-rei-2.jpg\" alt=\"Stezka Levada do Rein vedouc\u00ed pod vodop\u00e1dem.\" class=\"wp-image-8665\" title=\"\" srcset=\"https:\/\/www.tui.cz\/blog\/wp-content\/uploads\/2025\/02\/Levada-do-rei-2.jpg 1000w, https:\/\/www.tui.cz\/blog\/wp-content\/uploads\/2025\/02\/Levada-do-rei-2-600x400.jpg 600w, https:\/\/www.tui.cz\/blog\/wp-content\/uploads\/2025\/02\/Levada-do-rei-2-768x512.jpg 768w, https:\/\/www.tui.cz\/blog\/wp-content\/uploads\/2025\/02\/Levada-do-rei-2-585x390.jpg 585w, https:\/\/www.tui.cz\/blog\/wp-content\/uploads\/2025\/02\/Levada-do-rei-2-263x175.jpg 263w\" sizes=\"auto, (max-width: 1000px) 100vw, 1000px\" \/><\/figure>\n\n\n\n<p>Za pozornost stoj\u00ed tak\u00e9 Levada do Rei, kter\u00e1 za\u010d\u00edn\u00e1 na severu a nab\u00edz\u00ed nezapomenutelnou cestu p\u0159\u00edrodou do nitra ostrova. Na trase se nach\u00e1z\u00ed n\u011bkolik tunel\u016f, proto doporu\u010dujeme vz\u00edt si s sebou baterku, kter\u00e1 v\u00e1m usnadn\u00ed pr\u016fchod t\u00edmto \u00fasekem.<\/p>\n\n\n\n<p>Prvn\u00ed \u010d\u00e1st stezky vede zalesn\u011bn\u00fdmi oblastmi, kde budete obdivovat bohatou vegetaci a kochat se kr\u00e1sn\u00fdmi v\u00fdhledy nap\u0159\u00edklad na S\u00e3o Jorge. Stezka vede pod\u00e9l Levada do Rei a kon\u010d\u00ed u potoka Bonito Ribeiro, kter\u00fd v\u00e1s zavede do zd\u00e1nliv\u011b jin\u00e9ho sv\u011bta pln\u00e9ho ticha a nev\u0161edn\u00ed atmosf\u00e9ry. Absolvov\u00e1n\u00ed cel\u00e9 trasy trv\u00e1 asi 4 hodiny a jej\u00ed n\u00e1ro\u010dnost je st\u0159edn\u00ed, tak\u017ee je p\u0159\u00edstupn\u00e1 turist\u016fm v\u0161ech \u00farovn\u00ed.<\/p>\n\n\n\n<h2 class=\"wp-block-heading\">Levada dos Tornos<\/h2>\n\n\n\n<p>Levada dos Tornos je jeden z p\u016fvabn\u00fdch zavla\u017eovac\u00edch kan\u00e1l\u016f na Madei\u0159e, kter\u00fd se nach\u00e1z\u00ed nedaleko m\u011bsta Funchal. Stezka vede oblast\u00ed s bohatou faunou a fl\u00f3rou, nen\u00ed v\u0161ak tak divok\u00e1 jako jin\u00e9 lev\u00e1dy, \u0159ad\u00ed se sp\u00ed\u0161e k m\u011bstsk\u00fdm a p\u0159i proch\u00e1zce pod\u00e9l n\u00ed se m\u016f\u017eete kochat \u00fachvatn\u00fdmi panoramaty, v\u010detn\u011b v\u00fdhledu na pob\u0159e\u017e\u00ed a na Funchal. Pr\u00e1v\u011b zde se v\u00e1m na pozad\u00ed bujn\u00e9 vegetace naskytne obraz m\u011bsta, jeho\u017e budovy spl\u00fdvaj\u00ed s mod\u0159\u00ed Atlantick\u00e9ho oce\u00e1nu a vytv\u00e1\u0159ej\u00ed tak jedine\u010dnou krajinu.<\/p>\n\n\n\n<p>Levada dos Tornos je obl\u00edbenou volbou pro ty, kte\u0159\u00ed s trekov\u00e1n\u00edm za\u010d\u00ednaj\u00ed, proto\u017ee trasa nen\u00ed p\u0159\u00edli\u0161 n\u00e1ro\u010dn\u00e1. Je ide\u00e1ln\u00ed volbou pro klidnou, dlouhou proch\u00e1zku obklopenou tichem a p\u0159\u00edrodou, kter\u00e1 v\u00e1m umo\u017en\u00ed odpoutat se od ruchu m\u011bsta a pono\u0159it se do klidn\u00e9 atmosf\u00e9ry malebn\u00e9ho ostrova.<\/p>\n","protected":false},"excerpt":{"rendered":"<p>Madeira je r\u00e1jem pro milovn\u00edky nejr\u016fzn\u011bj\u0161\u00edch aktivit &#8211; pozn\u00e1v\u00e1n\u00ed p\u0159\u00edrody, fotografov\u00e1n\u00ed, ale i trekingu. Pr\u00e1v\u011b posledn\u00ed z nich umo\u017e\u0148uj\u00ed m\u00edstn\u00ed lev\u00e1dy. Madeira je proslul\u00e1 sv\u00fdmi lev\u00e1dami &#8211; unik\u00e1tn\u00edmi zavla\u017eovac\u00edmi kan\u00e1ly&hellip;<\/p>\n","protected":false},"author":44,"featured_media":8658,"comment_status":"open","ping_status":"closed","sticky":false,"template":"","format":"standard","meta":{"_lmt_disableupdate":"","_lmt_disable":"","footnotes":""},"categories":[182],"tags":[],"class_list":["post-8656","post","type-post","status-publish","format-standard","has-post-thumbnail","hentry","category-cestovani"],"home_img_url":"https:\/\/www.tui.cz\/blog\/wp-content\/uploads\/2025\/02\/Madeira-levady-pruvodce-po-nejkrasnejsich-trasach-585x390.jpg","home_img_alt":"pohled na hory z lav\u00e9dy na Madei\u0159e","_links":{"self":[{"href":"https:\/\/www.tui.cz\/blog\/wp-json\/wp\/v2\/posts\/8656","targetHints":{"allow":["GET"]}}],"collection":[{"href":"https:\/\/www.tui.cz\/blog\/wp-json\/wp\/v2\/posts"}],"about":[{"href":"https:\/\/www.tui.cz\/blog\/wp-json\/wp\/v2\/types\/post"}],"author":[{"embeddable":true,"href":"https:\/\/www.tui.cz\/blog\/wp-json\/wp\/v2\/users\/44"}],"replies":[{"embeddable":true,"href":"https:\/\/www.tui.cz\/blog\/wp-json\/wp\/v2\/comments?post=8656"}],"version-history":[{"count":1,"href":"https:\/\/www.tui.cz\/blog\/wp-json\/wp\/v2\/posts\/8656\/revisions"}],"predecessor-version":[{"id":8666,"href":"https:\/\/www.tui.cz\/blog\/wp-json\/wp\/v2\/posts\/8656\/revisions\/8666"}],"wp:featuredmedia":[{"embeddable":true,"href":"https:\/\/www.tui.cz\/blog\/wp-json\/wp\/v2\/media\/8658"}],"wp:attachment":[{"href":"https:\/\/www.tui.cz\/blog\/wp-json\/wp\/v2\/media?parent=8656"}],"wp:term":[{"taxonomy":"category","embeddable":true,"href":"https:\/\/www.tui.cz\/blog\/wp-json\/wp\/v2\/categories?post=8656"},{"taxonomy":"post_tag","embeddable":true,"href":"https:\/\/www.tui.cz\/blog\/wp-json\/wp\/v2\/tags?post=8656"}],"curies":[{"name":"wp","href":"https:\/\/api.w.org\/{rel}","templated":true}]}}