{"id":8668,"date":"2025-02-14T14:51:18","date_gmt":"2025-02-14T13:51:18","guid":{"rendered":"https:\/\/www.tui.cz\/blog\/?p=8668"},"modified":"2025-02-25T13:47:52","modified_gmt":"2025-02-25T12:47:52","slug":"hlavni-mesto-turecka-objevte-kouzlo-ankary","status":"publish","type":"post","link":"https:\/\/www.tui.cz\/blog\/hlavni-mesto-turecka-objevte-kouzlo-ankary\/","title":{"rendered":"Hlavn\u00ed m\u011bsto Turecka: Objevte kouzlo Ankary"},"content":{"rendered":"\n<p>O tom, jak\u00e9 je hlavn\u00ed m\u011bsto <a href=\"https:\/\/www.tui.cz\/dovolena\/turecko\" target=\"_blank\" rel=\"noreferrer noopener\">Turecka<\/a>, se n\u011bkdy m\u016f\u017eete dozv\u011bd\u011bt r\u016fzn\u00e9 odpov\u011bdi a nejednou usly\u0161\u00edte, \u017ee je hlavn\u00edm m\u011bstem Istanbul, kter\u00fd je v Turecku m\u011bstem nejv\u011bt\u0161\u00edm a ve vedouc\u00ed roli byl vyst\u0159\u00edd\u00e1n a\u017e ve 20. stolet\u00ed. Dnes je j\u00edm v\u0161ak Ankara. M\u011bsto, kter\u00e9 se nach\u00e1z\u00ed v samotn\u00e9m srdci zem\u011b se stalo hlavn\u00edm m\u011bstem a\u017e v roce 1923. Co stoj\u00ed za to zde vid\u011bt a objevit?<\/p>\n\n\n\n<figure class=\"wp-block-image size-full\"><img loading=\"lazy\" decoding=\"async\" width=\"1000\" height=\"667\" src=\"https:\/\/www.tui.cz\/blog\/wp-content\/uploads\/2025\/02\/PHOTO1-9.jpg\" alt=\"No\u010dn\u00ed v\u00fdhled na Ankaru\" class=\"wp-image-8678\" title=\"\" srcset=\"https:\/\/www.tui.cz\/blog\/wp-content\/uploads\/2025\/02\/PHOTO1-9.jpg 1000w, https:\/\/www.tui.cz\/blog\/wp-content\/uploads\/2025\/02\/PHOTO1-9-600x400.jpg 600w, https:\/\/www.tui.cz\/blog\/wp-content\/uploads\/2025\/02\/PHOTO1-9-768x512.jpg 768w, https:\/\/www.tui.cz\/blog\/wp-content\/uploads\/2025\/02\/PHOTO1-9-585x390.jpg 585w, https:\/\/www.tui.cz\/blog\/wp-content\/uploads\/2025\/02\/PHOTO1-9-263x175.jpg 263w\" sizes=\"auto, (max-width: 1000px) 100vw, 1000px\" \/><\/figure>\n\n\n\n<h2 class=\"wp-block-heading\">Z\u00e1kladn\u00ed informace o Anka\u0159e<\/h2>\n\n\n\n<p>Historie Ankary, kter\u00e1 se nach\u00e1z\u00ed v oblasti Anatolsk\u00e9 plo\u0161iny, sah\u00e1 \u00fadajn\u011b a\u017e do doby Trojsk\u00e9 v\u00e1lky \u010di je\u0161t\u011b d\u00e1le (cca 2000 let p\u0159. n. l.) a vyst\u0159\u00eddalo se zde mnoho kultur od Chetit\u016f \u010di Per\u0161an\u016f p\u0159es p\u0159edky \u010cech\u016f Kelty a\u017e po \u0158\u00edmany. Byli to v\u0161ak pr\u00e1v\u011b Keltov\u00e9, kte\u0159\u00ed m\u011bsto pojmenovali Ancyra neboli \u201ekotva\u201c. Ankara je druh\u00e9 nejv\u011bt\u0161\u00ed m\u011bsto v Turecku a hlavn\u00edm m\u011bstem se stala v roce 1923 b\u011bhem v\u00e1lky za nez\u00e1vislost d\u00edky Mustafovi Kemalovi Atat\u00fcrkovi jak pro jej\u00ed strategick\u00e9 polohu ve vnitrozem\u00ed, tak kv\u016fli \u00fadajn\u00e9 zkorumpovanosti Konstantinopole, dne\u0161n\u00edho <a href=\"https:\/\/www.tui.cz\/dovolena\/turecko\/istanbul\" target=\"_blank\" rel=\"noreferrer noopener\">Istanbulu<\/a>.<\/p>\n\n\n\n<p>Hlavn\u00ed m\u011bsto Turecka dnes pat\u0159\u00ed mezi modern\u00ed velkom\u011bsta a je jedn\u00edm z v\u00fdznamn\u00fdch ekonomick\u00fdch center zem\u011b. S\u00eddl\u00ed zde spousta d\u016fle\u017eit\u00fdch \u00fa\u0159ad\u016f i prezident a je to tak\u00e9 m\u011bsto student\u016f \u2013 najdete tu a\u017e 13 univerzit. A p\u0159esto\u017ee se dnes jedn\u00e1 o modern\u00ed m\u011bsto, je sou\u010dasn\u011b protkan\u00e1 starobylou isl\u00e1mskou kulturou i zbytky v\u0161ech kultur p\u0159edch\u00e1zej\u00edc\u00edch os\u00eddlen\u00ed.<\/p>\n\n\n\n<h2 class=\"wp-block-heading\">Ankara a jej\u00ed historick\u00e9 pam\u00e1tky<\/h2>\n\n\n\n<p>P\u0159esto\u017ee Ankara neopl\u00fdv\u00e1 tolika pam\u00e1tkami jako b\u00fdval\u00e9 hlavn\u00ed m\u011bsto Istanbul, i zde m\u016f\u017eete za\u017e\u00edt p\u016fsobivou cestu do minulosti. Najdete zde mnohem v\u00edce ne\u017e \u201ejen\u201c antick\u00e9 poz\u016fstatky, jako jsou \u0158\u00edmsk\u00e9 l\u00e1zn\u011b \u010di August\u016fv chr\u00e1m. Jak\u00e9 skvosty se v Anka\u0159e nach\u00e1z\u00ed?<\/p>\n\n\n\n<figure class=\"wp-block-image size-full\"><img loading=\"lazy\" decoding=\"async\" width=\"1000\" height=\"667\" src=\"https:\/\/www.tui.cz\/blog\/wp-content\/uploads\/2025\/02\/PHOTO2-9.jpg\" alt=\"Vyhl\u00eddkov\u00e1 v\u011b\u017e Aatakule\" class=\"wp-image-8677\" title=\"\" srcset=\"https:\/\/www.tui.cz\/blog\/wp-content\/uploads\/2025\/02\/PHOTO2-9.jpg 1000w, https:\/\/www.tui.cz\/blog\/wp-content\/uploads\/2025\/02\/PHOTO2-9-600x400.jpg 600w, https:\/\/www.tui.cz\/blog\/wp-content\/uploads\/2025\/02\/PHOTO2-9-768x512.jpg 768w, https:\/\/www.tui.cz\/blog\/wp-content\/uploads\/2025\/02\/PHOTO2-9-585x390.jpg 585w, https:\/\/www.tui.cz\/blog\/wp-content\/uploads\/2025\/02\/PHOTO2-9-263x175.jpg 263w\" sizes=\"auto, (max-width: 1000px) 100vw, 1000px\" \/><\/figure>\n\n\n\n<h3 class=\"wp-block-heading\">Vyhl\u00eddkov\u00e1 v\u011b\u017e Aatakule<\/h3>\n\n\n\n<p>Ankara se py\u0161n\u00ed 125 metr\u016f vysokou komunika\u010dn\u00ed a vyhl\u00eddkovou v\u011b\u017e\u00ed, kter\u00e1 je jednou z nejv\u00fdrazn\u011bj\u0161\u00edch dominant m\u011bsta. Z jej\u00edho vrcholku je neuv\u011b\u0159iteln\u00fd v\u00fdhled na m\u011bsto a okoln\u00ed krajinu, kter\u00fd si m\u016f\u017eete u\u017e\u00edt b\u011bhem ob\u010derstven\u00ed na otev\u0159en\u00e9 terase v rota\u010dn\u00ed restauraci Sevilla, kter\u00e1 se ka\u017edou hodinu cel\u00e1 oto\u010d\u00ed kolem sv\u00e9 osy. Pod terasou nav\u00edc najdete i kav\u00e1rnu UFO a je\u0161t\u011b n\u00ed\u017ee n\u00e1kupn\u00ed centrum. V\u011b\u017e, kter\u00e1 byla otev\u0159ena v roce 1989, byste si nem\u011bli nechat uj\u00edt.<\/p>\n\n\n\n<figure class=\"wp-block-image size-full\"><img loading=\"lazy\" decoding=\"async\" width=\"1000\" height=\"688\" src=\"https:\/\/www.tui.cz\/blog\/wp-content\/uploads\/2025\/02\/PHOTO3-9.jpg\" alt=\"Etnografick\u00e9 muzeum Ankara\" class=\"wp-image-8676\" title=\"\" srcset=\"https:\/\/www.tui.cz\/blog\/wp-content\/uploads\/2025\/02\/PHOTO3-9.jpg 1000w, https:\/\/www.tui.cz\/blog\/wp-content\/uploads\/2025\/02\/PHOTO3-9-600x413.jpg 600w, https:\/\/www.tui.cz\/blog\/wp-content\/uploads\/2025\/02\/PHOTO3-9-768x528.jpg 768w, https:\/\/www.tui.cz\/blog\/wp-content\/uploads\/2025\/02\/PHOTO3-9-585x402.jpg 585w\" sizes=\"auto, (max-width: 1000px) 100vw, 1000px\" \/><\/figure>\n\n\n\n<h3 class=\"wp-block-heading\">Muzea v Anka\u0159e<\/h3>\n\n\n\n<p>Ankara je pln\u00e1 zaj\u00edmav\u00fdch a velmi pou\u010dn\u00fdch muze\u00ed, kter\u00e9 uspokoj\u00ed ka\u017edou zv\u00eddavou mysl. Nejzn\u00e1m\u011bj\u0161\u00edm je rozhodn\u011b Muzeum Anatolsk\u00fdch civilizac\u00ed, kter\u00e9 se nach\u00e1z\u00ed na ji\u017en\u00ed stran\u011b Ankarsk\u00e9ho hradu v oblasti Atpazar\u0131 a kde se pou\u010d\u00edte o expon\u00e1tech archeologie z oblasti Anatolie od paleolitu a\u017e po klasick\u00e9 obdob\u00ed.<\/p>\n\n\n\n<p>Mezi zaj\u00edmav\u00e1 muzea pro n\u00e1v\u0161t\u011bvu pat\u0159\u00ed v\u0161ak tak\u00e9 Etnografick\u00e9 muzeum, Ankarsk\u00e9 st\u00e1tn\u00ed muzeum malby a socha\u0159stv\u00ed, Muzeum Tureck\u00e9 republiky v Anka\u0159e, METU Science and Technology Museum, kde uvid\u00edte modern\u00ed technologick\u00e9 n\u00e1stroje a historii tureck\u00fdch technologi\u00ed, \u010di Cer Modern, kde se tak\u00e9 konaj\u00ed kulturn\u00ed akce a v\u00fdstavy z cel\u00e9 Evropy.<\/p>\n\n\n\n<figure class=\"wp-block-image size-full\"><img loading=\"lazy\" decoding=\"async\" width=\"1000\" height=\"667\" src=\"https:\/\/www.tui.cz\/blog\/wp-content\/uploads\/2025\/02\/PHOTO4-9.jpg\" alt=\"Me\u0161ita Kocatepe Cami, Ankara\" class=\"wp-image-8675\" title=\"\" srcset=\"https:\/\/www.tui.cz\/blog\/wp-content\/uploads\/2025\/02\/PHOTO4-9.jpg 1000w, https:\/\/www.tui.cz\/blog\/wp-content\/uploads\/2025\/02\/PHOTO4-9-600x400.jpg 600w, https:\/\/www.tui.cz\/blog\/wp-content\/uploads\/2025\/02\/PHOTO4-9-768x512.jpg 768w, https:\/\/www.tui.cz\/blog\/wp-content\/uploads\/2025\/02\/PHOTO4-9-585x390.jpg 585w, https:\/\/www.tui.cz\/blog\/wp-content\/uploads\/2025\/02\/PHOTO4-9-263x175.jpg 263w\" sizes=\"auto, (max-width: 1000px) 100vw, 1000px\" \/><\/figure>\n\n\n\n<h3 class=\"wp-block-heading\">Ankarsk\u00e9 me\u0161ity<\/h3>\n\n\n\n<p>Ankara je hlavn\u00edm m\u011bstem <a href=\"https:\/\/www.tui.cz\/blog\/dovolena-v-turecku-seznam-veci-ktere-byste-meli-mit-s-sebou\/\" target=\"_blank\" rel=\"noreferrer noopener\">Tureck\u00e9 republiky<\/a>, a tak zde samoz\u0159ejm\u011b p\u0159evl\u00e1d\u00e1 isl\u00e1msk\u00e9 n\u00e1bo\u017eenstv\u00ed. D\u00edky tomu zde naraz\u00edte na nejeden p\u0159ekr\u00e1sn\u011b vystav\u011bn\u00fd svatost\u00e1nek, kter\u00fd stoj\u00ed za prohl\u00e9dnut\u00ed. Obdivujte t\u0159eba nejv\u011bt\u0161\u00ed me\u0161itu v Anka\u0159e Kocatepe Cami, kter\u00e1 pat\u0159\u00ed mezi ty modern\u00ed \u2013 byla postavena v letech 1967 a\u017e 1987 a d\u00edky jej\u00ed velikosti ji uvid\u00edte prakticky odkudkoliv v centru Ankary.<\/p>\n\n\n\n<p>Dva p\u016fsobiv\u00e9 s \u0161t\u00edhl\u00e9 minarety se ty\u010d\u00ed nad dal\u0161\u00ed modern\u00ed me\u0161itou Maltepe, z cihel a \u017elut\u00e9ho kamene pak byla postavena me\u0161ita Had\u017ei Bayram z 15. stolet\u00ed, jej\u00ed\u017e p\u016fvodn\u00ed kr\u00e1sn\u00e9 ozdobn\u00e9 dve\u0159e najdeme dnes v&nbsp;Etnografick\u00e9m muzeu.<\/p>\n\n\n\n<figure class=\"wp-block-image size-full\"><img loading=\"lazy\" decoding=\"async\" width=\"1000\" height=\"667\" src=\"https:\/\/www.tui.cz\/blog\/wp-content\/uploads\/2025\/02\/PHOTO5-9.jpg\" alt=\"Atat\u00fcrkovo mauzoleum, Ankara\" class=\"wp-image-8674\" title=\"\" srcset=\"https:\/\/www.tui.cz\/blog\/wp-content\/uploads\/2025\/02\/PHOTO5-9.jpg 1000w, https:\/\/www.tui.cz\/blog\/wp-content\/uploads\/2025\/02\/PHOTO5-9-600x400.jpg 600w, https:\/\/www.tui.cz\/blog\/wp-content\/uploads\/2025\/02\/PHOTO5-9-768x512.jpg 768w, https:\/\/www.tui.cz\/blog\/wp-content\/uploads\/2025\/02\/PHOTO5-9-585x390.jpg 585w, https:\/\/www.tui.cz\/blog\/wp-content\/uploads\/2025\/02\/PHOTO5-9-263x175.jpg 263w\" sizes=\"auto, (max-width: 1000px) 100vw, 1000px\" \/><\/figure>\n\n\n\n<h3 class=\"wp-block-heading\">Atat\u00fcrkovo mauzoleum<\/h3>\n\n\n\n<p>Na n\u00e1vr\u0161\u00ed v z\u00e1padn\u00ed \u010d\u00e1sti Ankary se nach\u00e1z\u00ed Mauzoleum nejslavn\u011bj\u0161\u00edho tureck\u00e9ho prezidenta Mustafa Kemala \u2013 Atat\u00fctka (Otec Turk\u016f), jen\u017e se zasadil o to, \u017ee je dnes Ankara hlavn\u00ed m\u011bsto Turecka, ale i o modernizaci <a href=\"https:\/\/www.tui.cz\/blog\/turecka-sladkost-co-ochutnat-v-turecku\/\" target=\"_blank\" rel=\"noreferrer noopener\">Tureck\u00e9 republiky<\/a> a o jej\u00ed propojen\u00ed s evropskou kulturou. Po jeho smrti v roce 1938 mu bylo vybudov\u00e1no gigantick\u00e9 mauzoleum \u2013 hrobka Antikabir, jeho\u017e stavba prob\u00edhala 9 let od roku 1944 do roku 1953. Jej\u00ed prohl\u00eddku si nenechte uj\u00edt, a\u0165 u\u017e ji budete obdivovat zven\u010d\u00ed, kde na v\u00e1s zap\u016fsob\u00ed svou velikost\u00ed, \u010di zevnit\u0159.<\/p>\n\n\n\n<p>V s\u00edni oblo\u017een\u00e9 mramorem si m\u016f\u017eete prohl\u00e9dnout jeho hrobku i hrobku druh\u00e9ho tureck\u00e9ho prezidenta Ismet In\u00f6n\u00fc, v dal\u0161\u00ed s\u00edni zase auta, v nich\u017e Atat\u00fcrk jezdil. Pod mauzoleem pak nav\u0161tivte Muzeum tureck\u00fdch d\u011bjin zam\u011b\u0159en\u00e9 na vojenstv\u00ed a v\u00edt\u011bzn\u00e9 bitvy.<\/p>\n\n\n\n<figure class=\"wp-block-image size-full\"><img loading=\"lazy\" decoding=\"async\" width=\"1000\" height=\"667\" src=\"https:\/\/www.tui.cz\/blog\/wp-content\/uploads\/2025\/02\/PHOTO6-8.jpg\" alt=\"Oevnost Hisar, Ankara\" class=\"wp-image-8673\" title=\"\" srcset=\"https:\/\/www.tui.cz\/blog\/wp-content\/uploads\/2025\/02\/PHOTO6-8.jpg 1000w, https:\/\/www.tui.cz\/blog\/wp-content\/uploads\/2025\/02\/PHOTO6-8-600x400.jpg 600w, https:\/\/www.tui.cz\/blog\/wp-content\/uploads\/2025\/02\/PHOTO6-8-768x512.jpg 768w, https:\/\/www.tui.cz\/blog\/wp-content\/uploads\/2025\/02\/PHOTO6-8-585x390.jpg 585w, https:\/\/www.tui.cz\/blog\/wp-content\/uploads\/2025\/02\/PHOTO6-8-263x175.jpg 263w\" sizes=\"auto, (max-width: 1000px) 100vw, 1000px\" \/><\/figure>\n\n\n\n<h3 class=\"wp-block-heading\">Pevnost Hisar<\/h3>\n\n\n\n<p>Stejn\u011b jako ka\u017ed\u00e9 starobyl\u00e9 m\u011bsto m\u00e1 i Ankara svou pevnost, je\u017e sou\u010dasn\u00e9 hlavn\u00ed m\u011bsto v dob\u00e1ch sv\u00e9 sl\u00e1vy chr\u00e1nila p\u0159ed n\u00e1jezdn\u00edky. Najdete ji na vrcholku kopce a z jej\u00edch hradeb je \u00fa\u017easn\u00fd v\u00fdhled na m\u011bsto. Spat\u0159\u00edte zde zlomky kamen\u016f a pah\u00fdly sloup\u016f sebran\u00fdch v&nbsp;\u0159\u00edmsk\u00fdch ruin\u00e1ch, jejich\u017e mramorov\u00e9 hlavice byly na n\u00e1dvo\u0159\u00ed pou\u017eity jako sedadla, a u\u017eijete si i po\u0159\u00e1dn\u00e9 n\u00e1kupy. Dnes je toti\u017e v pevnosti, kter\u00e9 se tak\u00e9 \u0159\u00edk\u00e1 Ankara Kalesi tradi\u010dn\u00ed tureck\u00e9 tr\u017ei\u0161t\u011b. Narazit tu m\u016f\u017eete i na men\u0161\u00ed me\u0161ity, \u0159\u00edmsk\u00e9 sochy \u010di p\u016fsobiv\u00e9 reli\u00e9fy na zdech.<\/p>\n\n\n\n<h2 class=\"wp-block-heading\">Co dal\u0161\u00edho nab\u00edz\u00ed Ankara a jej\u00ed okol\u00ed?<\/h2>\n\n\n\n<p>V\u00fdlet po tis\u00edcilet\u00e9 historii Ankary je p\u016fsobiv\u00fd, n\u011bkdy je ale pot\u0159eba vymanit se z minulosti a u\u017e\u00edt si i jinou z\u00e1bavu. Objevte s n\u00e1mi dal\u0161\u00ed atrakce, kter\u00e9 se v Anka\u0159e nach\u00e1zej\u00ed.<\/p>\n\n\n\n<figure class=\"wp-block-image size-full\"><img loading=\"lazy\" decoding=\"async\" width=\"1000\" height=\"667\" src=\"https:\/\/www.tui.cz\/blog\/wp-content\/uploads\/2025\/02\/PHOTO7-7.jpg\" alt=\"Ku\u011fulu Park Ankara\" class=\"wp-image-8672\" title=\"\" srcset=\"https:\/\/www.tui.cz\/blog\/wp-content\/uploads\/2025\/02\/PHOTO7-7.jpg 1000w, https:\/\/www.tui.cz\/blog\/wp-content\/uploads\/2025\/02\/PHOTO7-7-600x400.jpg 600w, https:\/\/www.tui.cz\/blog\/wp-content\/uploads\/2025\/02\/PHOTO7-7-768x512.jpg 768w, https:\/\/www.tui.cz\/blog\/wp-content\/uploads\/2025\/02\/PHOTO7-7-585x390.jpg 585w, https:\/\/www.tui.cz\/blog\/wp-content\/uploads\/2025\/02\/PHOTO7-7-263x175.jpg 263w\" sizes=\"auto, (max-width: 1000px) 100vw, 1000px\" \/><\/figure>\n\n\n\n<h3 class=\"wp-block-heading\">Sv\u011b\u017e\u00ed parky<\/h3>\n\n\n\n<p>Pokud pot\u0159ebujete d\u00e1t odpo\u010dinek unaven\u00fdm noh\u00e1m, pak v\u011bzte, \u017ee p\u0159\u00edmo v centru Ankary najdete Gen\u00e7lik Park. Nach\u00e1z\u00ed se v oblasti, kter\u00e1 byla v ran\u00fdch letech Tureck\u00e9 republiky pouze ba\u017einou, dnes je v parku mo\u017en\u00e9 nav\u0161t\u00edvit kulturn\u00ed centrum, spoustu obch\u016fdk\u016f s ob\u010derstven\u00edm nebo t\u0159eba pozemn\u00ed v\u011bdeck\u00e9 muzeum. A kdy\u017e padne tma, m\u016f\u017eete v hlavn\u00edm baz\u00e9nu sledovat sv\u011btelnou show.<\/p>\n\n\n\n<p>Ve m\u011bst\u011b v\u0161ak najdete i dal\u0161\u00ed parky, jako je t\u0159eba Segmeter park, Ahlatlibel Park, Botanick\u00fd Park nebo Ku\u011fulu Park, kde se m\u016f\u017eete proch\u00e1zet po zelen\u00fdch cesti\u010dk\u00e1ch, nav\u0161t\u00edvit d\u011btsk\u00e9 h\u0159i\u0161t\u011b nebo si odpo\u010dinout u rybn\u00edku s labut\u011bmi.<\/p>\n\n\n\n<figure class=\"wp-block-image size-full\"><img loading=\"lazy\" decoding=\"async\" width=\"1000\" height=\"667\" src=\"https:\/\/www.tui.cz\/blog\/wp-content\/uploads\/2025\/02\/PHOTO8-4.jpg\" alt=\"Kozy na farm\u011b\" class=\"wp-image-8671\" title=\"\" srcset=\"https:\/\/www.tui.cz\/blog\/wp-content\/uploads\/2025\/02\/PHOTO8-4.jpg 1000w, https:\/\/www.tui.cz\/blog\/wp-content\/uploads\/2025\/02\/PHOTO8-4-600x400.jpg 600w, https:\/\/www.tui.cz\/blog\/wp-content\/uploads\/2025\/02\/PHOTO8-4-768x512.jpg 768w, https:\/\/www.tui.cz\/blog\/wp-content\/uploads\/2025\/02\/PHOTO8-4-585x390.jpg 585w, https:\/\/www.tui.cz\/blog\/wp-content\/uploads\/2025\/02\/PHOTO8-4-263x175.jpg 263w\" sizes=\"auto, (max-width: 1000px) 100vw, 1000px\" \/><\/figure>\n\n\n\n<h3 class=\"wp-block-heading\">V\u00fdlet za zv\u00ed\u0159aty<\/h3>\n\n\n\n<p>Pokud m\u00e1te r\u00e1di zv\u00ed\u0159ata, zami\u0159te na okraj Ankary, kde se nach\u00e1z\u00ed lesn\u00ed farm\u00e1\u0159sk\u00e1 oblast zvan\u00e1 Atat\u00fcrk Forest Farm and Zoo, kde najdete mimo zv\u00ed\u0159ata jako velk\u00e9 ko\u010dky, opice, hady \u010di exotick\u00e9 pt\u00e1ky tak\u00e9 zem\u011bd\u011blsk\u00e9 farmy, sklen\u00edky, <a href=\"https:\/\/www.tui.cz\/blog\/co-si-objednat-v-turecku-top-10-turecka-jidla\/\" target=\"_blank\" rel=\"noreferrer noopener\">restaurace<\/a>, ml\u00e9\u010dn\u00e9 farmy i pivovar. Jeliko\u017e ji v roce v roce 1925 zalo\u017eil s\u00e1m Atat\u00fcrk, nach\u00e1z\u00ed se zde i dokonal\u00e1 replika rodn\u00e9ho domu prezidenta.&nbsp;Ochutnejte zde lok\u00e1ln\u00ed produkty, zkuste m\u00edstn\u00ed pivo, dom\u00e1c\u00ed zmrzlinu nebo kebab.<\/p>\n\n\n\n<p>Pokud m\u00e1te rad\u011bji podmo\u0159sk\u00fd sv\u011bt, ani v\u00e1s Ankara nezklame, a to konkr\u00e9tn\u011b v Aqua Vega Aquarium. U\u017eijte si proch\u00e1zku podvodn\u00edm tunelem pln\u00fdm ryb, \u017eralok\u016f a dal\u0161\u00edch mo\u0159sk\u00fdch tvor\u016f a poznejte kouzeln\u00fd sv\u011bt pod hladinou.<\/p>\n\n\n\n<figure class=\"wp-block-image size-full\"><img loading=\"lazy\" decoding=\"async\" width=\"1000\" height=\"558\" src=\"https:\/\/www.tui.cz\/blog\/wp-content\/uploads\/2025\/02\/PHOTO9-4.jpg\" alt=\"Jezero Eymir, Turecko\" class=\"wp-image-8670\" title=\"\" srcset=\"https:\/\/www.tui.cz\/blog\/wp-content\/uploads\/2025\/02\/PHOTO9-4.jpg 1000w, https:\/\/www.tui.cz\/blog\/wp-content\/uploads\/2025\/02\/PHOTO9-4-600x335.jpg 600w, https:\/\/www.tui.cz\/blog\/wp-content\/uploads\/2025\/02\/PHOTO9-4-768x429.jpg 768w, https:\/\/www.tui.cz\/blog\/wp-content\/uploads\/2025\/02\/PHOTO9-4-585x326.jpg 585w\" sizes=\"auto, (max-width: 1000px) 100vw, 1000px\" \/><\/figure>\n\n\n\n<h3 class=\"wp-block-heading\">Jezero Eymir<\/h3>\n\n\n\n<p>Jestli\u017ee na chv\u00edli zatou\u017e\u00edte opustit m\u011bsto, m\u016f\u017eete vyrazit k jezeru Eymir, kter\u00e9 se nach\u00e1z\u00ed na jih od centra Ankary. Po jeho obvodu si u\u017eijete 10 km turistick\u00fdch&nbsp;tras vedouc\u00edch kr\u00e1snou p\u0159\u00edrodou a pozd\u011bji se zastavte v n\u011bkter\u00e9 z m\u00edstn\u00edch restaurac\u00ed na kebab \u010di baklavu.<\/p>\n\n\n\n<figure class=\"wp-block-image size-full\"><img loading=\"lazy\" decoding=\"async\" width=\"1000\" height=\"668\" src=\"https:\/\/www.tui.cz\/blog\/wp-content\/uploads\/2025\/02\/PHOTO10-3.jpg\" alt=\"Ankara, star\u00e9 m\u011bsto\" class=\"wp-image-8669\" title=\"\" srcset=\"https:\/\/www.tui.cz\/blog\/wp-content\/uploads\/2025\/02\/PHOTO10-3.jpg 1000w, https:\/\/www.tui.cz\/blog\/wp-content\/uploads\/2025\/02\/PHOTO10-3-600x401.jpg 600w, https:\/\/www.tui.cz\/blog\/wp-content\/uploads\/2025\/02\/PHOTO10-3-768x513.jpg 768w, https:\/\/www.tui.cz\/blog\/wp-content\/uploads\/2025\/02\/PHOTO10-3-585x391.jpg 585w, https:\/\/www.tui.cz\/blog\/wp-content\/uploads\/2025\/02\/PHOTO10-3-263x175.jpg 263w\" sizes=\"auto, (max-width: 1000px) 100vw, 1000px\" \/><\/figure>\n\n\n\n<h2 class=\"wp-block-heading\">Zami\u0159te do Ankary s TUI<\/h2>\n\n\n\n<p>P\u0159esto\u017ee se Ankara stala hlavn\u00edm m\u011bstem a\u017e v roce 1923, je to m\u011bsto mnoha tv\u00e1\u0159\u00ed a podob. A\u0165 u\u017e pl\u00e1nujete nav\u0161t\u00edvit ka\u017ed\u00e9 muzeum ve m\u011bst\u011b, nebo pl\u00e1nujete objevovat prastar\u00e9 poz\u016fstatky Osmansk\u00e9 \u0159\u00ed\u0161e, \u010dek\u00e1 tu na v\u00e1s spousta mo\u017enost\u00ed, jak si u\u017e\u00edt skv\u011bl\u00fd v\u00fdlet. Vyberte si z <a href=\"https:\/\/www.tui.cz\/\" target=\"_blank\" rel=\"noreferrer noopener\">nab\u00eddky TUI<\/a> ide\u00e1ln\u00ed z\u00e1jezd do Ankary a vydejte se objevovat kr\u00e1sy Anatolie!<\/p>\n","protected":false},"excerpt":{"rendered":"<p>O tom, jak\u00e9 je hlavn\u00ed m\u011bsto Turecka, se n\u011bkdy m\u016f\u017eete dozv\u011bd\u011bt r\u016fzn\u00e9 odpov\u011bdi a nejednou usly\u0161\u00edte, \u017ee je hlavn\u00edm m\u011bstem Istanbul, kter\u00fd je v Turecku m\u011bstem nejv\u011bt\u0161\u00edm a ve vedouc\u00ed&hellip;<\/p>\n","protected":false},"author":49,"featured_media":8740,"comment_status":"open","ping_status":"closed","sticky":false,"template":"","format":"standard","meta":{"_lmt_disableupdate":"","_lmt_disable":"","footnotes":""},"categories":[182],"tags":[],"class_list":["post-8668","post","type-post","status-publish","format-standard","has-post-thumbnail","hentry","category-cestovani"],"home_img_url":"https:\/\/www.tui.cz\/blog\/wp-content\/uploads\/2025\/02\/PHOTOMAIN-13-585x390.jpg","home_img_alt":"Ankara v\u00fdhled","_links":{"self":[{"href":"https:\/\/www.tui.cz\/blog\/wp-json\/wp\/v2\/posts\/8668","targetHints":{"allow":["GET"]}}],"collection":[{"href":"https:\/\/www.tui.cz\/blog\/wp-json\/wp\/v2\/posts"}],"about":[{"href":"https:\/\/www.tui.cz\/blog\/wp-json\/wp\/v2\/types\/post"}],"author":[{"embeddable":true,"href":"https:\/\/www.tui.cz\/blog\/wp-json\/wp\/v2\/users\/49"}],"replies":[{"embeddable":true,"href":"https:\/\/www.tui.cz\/blog\/wp-json\/wp\/v2\/comments?post=8668"}],"version-history":[{"count":2,"href":"https:\/\/www.tui.cz\/blog\/wp-json\/wp\/v2\/posts\/8668\/revisions"}],"predecessor-version":[{"id":8681,"href":"https:\/\/www.tui.cz\/blog\/wp-json\/wp\/v2\/posts\/8668\/revisions\/8681"}],"wp:featuredmedia":[{"embeddable":true,"href":"https:\/\/www.tui.cz\/blog\/wp-json\/wp\/v2\/media\/8740"}],"wp:attachment":[{"href":"https:\/\/www.tui.cz\/blog\/wp-json\/wp\/v2\/media?parent=8668"}],"wp:term":[{"taxonomy":"category","embeddable":true,"href":"https:\/\/www.tui.cz\/blog\/wp-json\/wp\/v2\/categories?post=8668"},{"taxonomy":"post_tag","embeddable":true,"href":"https:\/\/www.tui.cz\/blog\/wp-json\/wp\/v2\/tags?post=8668"}],"curies":[{"name":"wp","href":"https:\/\/api.w.org\/{rel}","templated":true}]}}